{"id":114158,"date":"2025-12-12T04:06:09","date_gmt":"2025-12-12T04:06:09","guid":{"rendered":"https:\/\/www.europesays.com\/fi\/114158\/"},"modified":"2025-12-12T04:06:09","modified_gmt":"2025-12-12T04:06:09","slug":"indianan-osavaltio-torjui-trumpin-ajaman-uuden-vaalipiirijaon-joka-olisi-suosinut-republikaaneja-uutisia-lyhyesti","status":"publish","type":"post","link":"https:\/\/www.europesays.com\/fi\/114158\/","title":{"rendered":"Indianan osavaltio torjui Trumpin ajaman uuden vaalipiirijaon, joka olisi suosinut republikaaneja | Uutisia lyhyesti"},"content":{"rendered":"<p class=\"aw-1gybjub aw-1p7kakr kEtdKx cEmitX yle__article__paragraph\">Yhdysvalloissa Indianan osavaltion p\u00e4\u00e4tt\u00e4j\u00e4t ovat torjuneet ylivoimaisella enemmist\u00f6ll\u00e4 republikaanipresidentti <strong class=\"aw-ak79eh KyCXm yle__article__strong\">Donald Trumpin<\/strong> ajaman uuden vaalipiirijaon. Jako olisi suosinut republikaaneja, koska se olisi vahvistanut puolueen asemia kahdessa demokraattien hallussa olevassa vaalipiiriss\u00e4.<\/p>\n<p class=\"aw-1gybjub aw-1p7kakr kEtdKx cEmitX yle__article__paragraph\">Demokraatit tarvitsisivat vain kolme lis\u00e4paikkaa saadakseen enemmist\u00f6n maan edustajainhuoneessa ensi vuoden vaaleissa.<\/p>\n<p class=\"aw-1gybjub aw-1p7kakr kEtdKx cEmitX yle__article__paragraph\">Vaalipiirej\u00e4 on yleens\u00e4 tarkasteltu tasakymmenvuosina tapahtuvan kansallisen v\u00e4est\u00f6nlaskennan j\u00e4lkeen. T\u00e4m\u00e4 on kuitenkin ollut vain vakiintunut k\u00e4yt\u00e4nt\u00f6, jota ei s\u00e4\u00e4dell\u00e4 lakiteksteiss\u00e4.<\/p>\n","protected":false},"excerpt":{"rendered":"Yhdysvalloissa Indianan osavaltion p\u00e4\u00e4tt\u00e4j\u00e4t ovat torjuneet ylivoimaisella enemmist\u00f6ll\u00e4 republikaanipresidentti Donald Trumpin ajaman uuden vaalipiirijaon. Jako olisi suosinut republikaaneja,&hellip;\n","protected":false},"author":2,"featured_media":74,"comment_status":"","ping_status":"","sticky":false,"template":"","format":"standard","meta":{"footnotes":""},"categories":[14],"tags":[22,23,585,26,27,33,31,30,17,20975,24,25,28,29,15,18,21,32,19,20,56,16,5088,59,60,61,619,5087,1867],"class_list":{"0":"post-114158","1":"post","2":"type-post","3":"status-publish","4":"format-standard","5":"has-post-thumbnail","7":"category-ulkomaat","8":"tag-breaking-news","9":"tag-breakingnews","10":"tag-donald-trump","11":"tag-featured-news","12":"tag-featurednews","13":"tag-fi","14":"tag-finland","15":"tag-finnish","16":"tag-headlines","17":"tag-indiana","18":"tag-latest-news","19":"tag-latestnews","20":"tag-main-news","21":"tag-mainnews","22":"tag-news","23":"tag-otsikot","24":"tag-paauutiset","25":"tag-suomi","26":"tag-top-stories","27":"tag-topstories","28":"tag-ulkomaat","29":"tag-uutiset","30":"tag-vaalipiirit","31":"tag-world","32":"tag-world-news","33":"tag-worldnews","34":"tag-yhdysvallat","35":"tag-yhdysvaltain-republikaaninen-puolue","36":"tag-yhdysvaltojen-politiikka"},"share_on_mastodon":{"url":"https:\/\/pubeurope.com\/@fi\/115704626171325809","error":""},"_links":{"self":[{"href":"https:\/\/www.europesays.com\/fi\/wp-json\/wp\/v2\/posts\/114158","targetHints":{"allow":["GET"]}}],"collection":[{"href":"https:\/\/www.europesays.com\/fi\/wp-json\/wp\/v2\/posts"}],"about":[{"href":"https:\/\/www.europesays.com\/fi\/wp-json\/wp\/v2\/types\/post"}],"author":[{"embeddable":true,"href":"https:\/\/www.europesays.com\/fi\/wp-json\/wp\/v2\/users\/2"}],"replies":[{"embeddable":true,"href":"https:\/\/www.europesays.com\/fi\/wp-json\/wp\/v2\/comments?post=114158"}],"version-history":[{"count":0,"href":"https:\/\/www.europesays.com\/fi\/wp-json\/wp\/v2\/posts\/114158\/revisions"}],"wp:featuredmedia":[{"embeddable":true,"href":"https:\/\/www.europesays.com\/fi\/wp-json\/wp\/v2\/media\/74"}],"wp:attachment":[{"href":"https:\/\/www.europesays.com\/fi\/wp-json\/wp\/v2\/media?parent=114158"}],"wp:term":[{"taxonomy":"category","embeddable":true,"href":"https:\/\/www.europesays.com\/fi\/wp-json\/wp\/v2\/categories?post=114158"},{"taxonomy":"post_tag","embeddable":true,"href":"https:\/\/www.europesays.com\/fi\/wp-json\/wp\/v2\/tags?post=114158"}],"curies":[{"name":"wp","href":"https:\/\/api.w.org\/{rel}","templated":true}]}}