{"id":114164,"date":"2025-12-12T04:24:09","date_gmt":"2025-12-12T04:24:09","guid":{"rendered":"https:\/\/www.europesays.com\/fi\/114164\/"},"modified":"2025-12-12T04:24:09","modified_gmt":"2025-12-12T04:24:09","slug":"luukku-12-infected-rain-kaaoszine","status":"publish","type":"post","link":"https:\/\/www.europesays.com\/fi\/114164\/","title":{"rendered":"Luukku 12: Infected Rain &#8211; KaaosZine"},"content":{"rendered":"<p>Kaksi modernin metallin raivokkainta nime\u00e4 saapuvat kev\u00e4\u00e4ll\u00e4 Suomeen! <strong>Infected Rain<\/strong> ja <strong>Butcher Babies<\/strong> yhdist\u00e4v\u00e4t voimansa \u201dMutation Phase in Europe\u201d -kiertueella, joka pys\u00e4htyy Helsingin \u00c4\u00e4niwallissa 28. huhtikuuta 2026. Illan avaa nouseva metalliyhtye <strong>Black Spikes<\/strong>.<\/p>\n<p><strong>Kaaoszine<\/strong> yhteisty\u00f6ss\u00e4 TuskaLiven kanssa jakaa nyt yhdelle onnekkaalle lukijalleen sek\u00e4 t\u00e4m\u00e4n avecille liput b\u00e4ndien keikalle. Voit osallistua kilpailuun t\u00e4ytt\u00e4m\u00e4ll\u00e4 tietosi alapuolelta l\u00f6ytyv\u00e4st\u00e4 kaavakkeesta t\u00e4st\u00e4:<\/p>\n","protected":false},"excerpt":{"rendered":"Kaksi modernin metallin raivokkainta nime\u00e4 saapuvat kev\u00e4\u00e4ll\u00e4 Suomeen! Infected Rain ja Butcher Babies yhdist\u00e4v\u00e4t voimansa \u201dMutation Phase in&hellip;\n","protected":false},"author":2,"featured_media":114165,"comment_status":"","ping_status":"","sticky":false,"template":"","format":"standard","meta":{"footnotes":""},"categories":[132],"tags":[137,33,31,30,195,47,32,109],"class_list":{"0":"post-114164","1":"post","2":"type-post","3":"status-publish","4":"format-standard","5":"has-post-thumbnail","7":"category-musiikki","8":"tag-entertainment","9":"tag-fi","10":"tag-finland","11":"tag-finnish","12":"tag-music","13":"tag-musiikki","14":"tag-suomi","15":"tag-viihde"},"share_on_mastodon":{"url":"https:\/\/pubeurope.com\/@fi\/115704696879259673","error":""},"_links":{"self":[{"href":"https:\/\/www.europesays.com\/fi\/wp-json\/wp\/v2\/posts\/114164","targetHints":{"allow":["GET"]}}],"collection":[{"href":"https:\/\/www.europesays.com\/fi\/wp-json\/wp\/v2\/posts"}],"about":[{"href":"https:\/\/www.europesays.com\/fi\/wp-json\/wp\/v2\/types\/post"}],"author":[{"embeddable":true,"href":"https:\/\/www.europesays.com\/fi\/wp-json\/wp\/v2\/users\/2"}],"replies":[{"embeddable":true,"href":"https:\/\/www.europesays.com\/fi\/wp-json\/wp\/v2\/comments?post=114164"}],"version-history":[{"count":0,"href":"https:\/\/www.europesays.com\/fi\/wp-json\/wp\/v2\/posts\/114164\/revisions"}],"wp:featuredmedia":[{"embeddable":true,"href":"https:\/\/www.europesays.com\/fi\/wp-json\/wp\/v2\/media\/114165"}],"wp:attachment":[{"href":"https:\/\/www.europesays.com\/fi\/wp-json\/wp\/v2\/media?parent=114164"}],"wp:term":[{"taxonomy":"category","embeddable":true,"href":"https:\/\/www.europesays.com\/fi\/wp-json\/wp\/v2\/categories?post=114164"},{"taxonomy":"post_tag","embeddable":true,"href":"https:\/\/www.europesays.com\/fi\/wp-json\/wp\/v2\/tags?post=114164"}],"curies":[{"name":"wp","href":"https:\/\/api.w.org\/{rel}","templated":true}]}}