{"id":114168,"date":"2025-12-12T04:27:10","date_gmt":"2025-12-12T04:27:10","guid":{"rendered":"https:\/\/www.europesays.com\/fi\/114168\/"},"modified":"2025-12-12T04:27:10","modified_gmt":"2025-12-12T04:27:10","slug":"suomalaishiihtaja-laksi-kotiin-davosista-jo-toinen","status":"publish","type":"post","link":"https:\/\/www.europesays.com\/fi\/114168\/","title":{"rendered":"Suomalaishiiht\u00e4j\u00e4 l\u00e4ksi kotiin Davosista \u2013 Jo toinen"},"content":{"rendered":"<p>Amanda Saari ei p\u00e4\u00e4se antamaan olympian\u00e4ytt\u00f6j\u00e4. <\/p>\n<p><img decoding=\"async\" class=\"image image-show image-preview\" src=\"https:\/\/www.europesays.com\/fi\/wp-content\/uploads\/2025\/12\/2d12194e6c75d16f382c526a4ef309c0bd1e34c131d73894f83e0b6c6211ba5e.jpg\" alt=\"\"\/><img decoding=\"async\" class=\"image image-show\" src=\"https:\/\/www.europesays.com\/fi\/wp-content\/uploads\/2025\/12\/1765513628_859_2d12194e6c75d16f382c526a4ef309c0bd1e34c131d73894f83e0b6c6211ba5e.jpg\" alt=\"\"\/><\/p>\n<p>Amanda Saari sairastui. Pasi Liesimaa<\/p>\n<p class=\"paragraph\"><strong>Amanda Saari<\/strong>, 25, joutuu j\u00e4\u00e4m\u00e4\u00e4n sairastumisen vuoksi sivuun Davosin maailmancupista.<\/p>\n<p class=\"paragraph\">Hiihtoliiton tiedotuksen mukaan Saari on jo matkustanut Sveitsist\u00e4 kotiin.<\/p>\n<p class=\"paragraph\">Aikaisemmin Suomen joukkue harveni niin ik\u00e4\u00e4n sairastuneella <strong>Krista P\u00e4rm\u00e4koskella<\/strong>.<\/p>\n<p class=\"paragraph\">Davosin maailmancup-viikonloppu alkaa perjantaina parisprinttikilpailuilla. Lauantaina hiihdet\u00e4\u00e4n sprintit ja sunnuntaina 10 kilometrin v\u00e4liaikal\u00e4hd\u00f6t vapaalla hiihtotavalla.<\/p>\n<p><a href=\"https:\/\/www.iltalehti.fi\/telkku\/?utm_source=iltalehti.fi&amp;utm_medium=almainternal&amp;utm_campaign=urheilu_artikkelibanneri&amp;utm_content=banner_612_a\" rel=\"nofollow noopener\" target=\"_blank\"><img decoding=\"async\" src=\"https:\/\/www.europesays.com\/fi\/wp-content\/uploads\/2025\/08\/7ef604e47d46ca174b7df4149bd3557dbde56a86d520f8e1b2125548b0a2e03a.png\" alt=\"TV-ohjelmat t\u00e4n\u00e4\u00e4n, TV-opas\"\/><\/a><\/p>\n","protected":false},"excerpt":{"rendered":"Amanda Saari ei p\u00e4\u00e4se antamaan olympian\u00e4ytt\u00f6j\u00e4. Amanda Saari sairastui. Pasi Liesimaa Amanda Saari, 25, joutuu j\u00e4\u00e4m\u00e4\u00e4n sairastumisen vuoksi&hellip;\n","protected":false},"author":2,"featured_media":114169,"comment_status":"","ping_status":"","sticky":false,"template":"","format":"standard","meta":{"footnotes":""},"categories":[158],"tags":[35,33,31,30,2096,41,3318,2668,159,32,1145,160],"class_list":{"0":"post-114168","1":"post","2":"type-post","3":"status-publish","4":"format-standard","5":"has-post-thumbnail","7":"category-urheilu","8":"tag-24h","9":"tag-fi","10":"tag-finland","11":"tag-finnish","12":"tag-hiihtolajit","13":"tag-liikunta-ja-urheilu","14":"tag-maastohiihto","15":"tag-pohjoismaiset-hiihtolajit","16":"tag-sports","17":"tag-suomi","18":"tag-talviurheilu","19":"tag-urheilu"},"share_on_mastodon":{"url":"https:\/\/pubeurope.com\/@fi\/115704709369310190","error":""},"_links":{"self":[{"href":"https:\/\/www.europesays.com\/fi\/wp-json\/wp\/v2\/posts\/114168","targetHints":{"allow":["GET"]}}],"collection":[{"href":"https:\/\/www.europesays.com\/fi\/wp-json\/wp\/v2\/posts"}],"about":[{"href":"https:\/\/www.europesays.com\/fi\/wp-json\/wp\/v2\/types\/post"}],"author":[{"embeddable":true,"href":"https:\/\/www.europesays.com\/fi\/wp-json\/wp\/v2\/users\/2"}],"replies":[{"embeddable":true,"href":"https:\/\/www.europesays.com\/fi\/wp-json\/wp\/v2\/comments?post=114168"}],"version-history":[{"count":0,"href":"https:\/\/www.europesays.com\/fi\/wp-json\/wp\/v2\/posts\/114168\/revisions"}],"wp:featuredmedia":[{"embeddable":true,"href":"https:\/\/www.europesays.com\/fi\/wp-json\/wp\/v2\/media\/114169"}],"wp:attachment":[{"href":"https:\/\/www.europesays.com\/fi\/wp-json\/wp\/v2\/media?parent=114168"}],"wp:term":[{"taxonomy":"category","embeddable":true,"href":"https:\/\/www.europesays.com\/fi\/wp-json\/wp\/v2\/categories?post=114168"},{"taxonomy":"post_tag","embeddable":true,"href":"https:\/\/www.europesays.com\/fi\/wp-json\/wp\/v2\/tags?post=114168"}],"curies":[{"name":"wp","href":"https:\/\/api.w.org\/{rel}","templated":true}]}}