{"id":114176,"date":"2025-12-12T04:33:11","date_gmt":"2025-12-12T04:33:11","guid":{"rendered":"https:\/\/www.europesays.com\/fi\/114176\/"},"modified":"2025-12-12T04:33:11","modified_gmt":"2025-12-12T04:33:11","slug":"venalaismediat-vaittavat-suomen-olevan-matkalla-talouskatastrofiin-hopohopo-kuittaa-suomalaisekonomisti-ulkomaat","status":"publish","type":"post","link":"https:\/\/www.europesays.com\/fi\/114176\/","title":{"rendered":"Ven\u00e4l\u00e4ismediat v\u00e4itt\u00e4v\u00e4t Suomen olevan matkalla \u201dtalous\u00adkatastrofiin\u201d \u2013 h\u00f6p\u00f6h\u00f6p\u00f6, kuittaa suomalais\u00adekonomisti | Ulkomaat"},"content":{"rendered":"<ul class=\"aw-1jjocuh iJTSwP yle__article__list yle__article__list--ul\">\n<li class=\"aw-1j7gwms gNYKfi\">Ven\u00e4j\u00e4n valtionmedia v\u00e4itt\u00e4\u00e4 Suomen talouden olevan kriisiss\u00e4 Ven\u00e4j\u00e4-suhteiden katkeamisen vuoksi.<\/li>\n<li class=\"aw-1j7gwms gNYKfi\">Suomen Pankin tutkimusp\u00e4\u00e4llikk\u00f6 Iikka Korhonen kumoaa v\u00e4itteet ja kutsuu niit\u00e4 propagandaksi.<\/li>\n<li class=\"aw-1j7gwms gNYKfi\">Korhosen mukaan Ven\u00e4j\u00e4n-kaupan merkitys oli pieni jo ennen sotaa, ja yritykset ovat l\u00f6yt\u00e4neet uusia markkinoita.<\/li>\n<li class=\"aw-1j7gwms gNYKfi\">Ven\u00e4j\u00e4n toimet vaikuttavat Suomen talouteen l\u00e4hinn\u00e4 ep\u00e4varmuuden kautta, mik\u00e4 hidastaa kulutusta.<\/li>\n<\/ul>\n<p class=\"aw-1gybjub aw-1p7kakr kEtdKx cEmitX yle__article__paragraph\">Suomen taloudesta maalataan Ven\u00e4j\u00e4n mediassa synkk\u00e4\u00e4 kuvaa.<\/p>\n<p class=\"aw-1gybjub aw-1p7kakr kEtdKx cEmitX yle__article__paragraph\">\u201dN\u00e4in huonosti asiat eiv\u00e4t ole viel\u00e4 olleet \u2013 Suomesta raportoidaan kauheita uutisia Ven\u00e4j\u00e4n vuoksi\u201d, uutisoi ven\u00e4l\u00e4inen talouskysymyksiin erikoistunut verkkomedia <a class=\"aw-iao6s4 iHOxEa yle__article__link\" href=\"https:\/\/1prime.ru\/20251208\/finlyandiya-865258613.html?in=l\" role=\"link\" rel=\"nofollow noopener\" target=\"_blank\">Praim<\/a> sunnuntaina.<\/p>\n<p class=\"aw-1gybjub aw-1p7kakr kEtdKx cEmitX yle__article__paragraph\">Praim on osa Ven\u00e4j\u00e4 T\u00e4n\u00e4\u00e4n (\u0420\u043e\u0441\u0441\u0438\u044f \u0421\u0435\u0433\u043e\u0434\u043d\u044f) -mediakonsernia, joka on Ven\u00e4j\u00e4n valtion omistama. Samaan s\u00e4vyyn aihetta k\u00e4sitteli my\u00f6s ven\u00e4l\u00e4inen verkkomedia <a class=\"aw-iao6s4 iHOxEa yle__article__link\" href=\"https:\/\/lenta.ru\/news\/2025\/12\/08\/finlyandiyu-predupredili-o-katastrofe-iz-za-razryva-svyazey-s-rossiey\/\" role=\"link\" rel=\"nofollow noopener\" target=\"_blank\">Lenta<\/a>.<\/p>\n<p class=\"aw-1gybjub aw-1p7kakr kEtdKx cEmitX yle__article__paragraph\">Jutuissa listataan Suomen taloushaasteita korkeista ty\u00f6tt\u00f6myysluvuista talouskasvun pys\u00e4htyneisyyteen ja <a class=\"aw-iao6s4 iHOxEa yle__article__link\" href=\"https:\/\/yle.fi\/a\/74-20197284\" role=\"link\" rel=\"nofollow noopener\" target=\"_blank\">konkurssien enn\u00e4tysm\u00e4\u00e4riin<\/a>. Ongelmien kuvataan johtuvan Suomen ja Ven\u00e4j\u00e4n v\u00e4lirikosta.<\/p>\n<p class=\"aw-1gybjub aw-1p7kakr kEtdKx cEmitX yle__article__paragraph\">Praimin haastatteleman ven\u00e4l\u00e4isen ekonomin <strong class=\"aw-ak79eh KyCXm yle__article__strong\">Maksim T\u0161irkovin<\/strong> mukaan esimerkiksi konkurssit Suomessa liittyv\u00e4t ven\u00e4l\u00e4isten turistien menetykseen, pakotteisiin ja yhteisty\u00f6n lopettamiseen.<\/p>\n<p class=\"aw-1gybjub aw-1p7kakr kEtdKx cEmitX yle__article__paragraph\">\u2013 Jos pakotepolitiikka jatkuu, Suomen talousongelmat pahenevat, toteaa T\u0161irkov.<\/p>\n<p class=\"aw-1gybjub aw-1p7kakr kEtdKx cEmitX yle__article__paragraph\">Taloustieteellisen tiedekunnan apulaisprofessori <strong class=\"aw-ak79eh KyCXm yle__article__strong\">Sergei Zainullin<\/strong> Ven\u00e4j\u00e4n kansojen yst\u00e4vyyden yliopistosta v\u00e4itt\u00e4\u00e4, ett\u00e4 jos Suomi jatkaa \u201ditsemurhapolitiikkaansa\u201d, Suomen kriisi voi kehitty\u00e4 taloudelliseksi katastrofiksi.<\/p>\n<p class=\"aw-1gybjub aw-1p7kakr kEtdKx cEmitX yle__article__paragraph\">Tutkimusp\u00e4\u00e4llikk\u00f6 <strong class=\"aw-ak79eh KyCXm yle__article__strong\">Iikka Korhonen<\/strong> Suomen Pankin nousevien talouksien tutkimuslaitoksesta torppaa v\u00e4itteet Ven\u00e4j\u00e4n tyypillisen\u00e4 propagandana.<\/p>\n<p class=\"aw-1gybjub aw-1p7kakr kEtdKx cEmitX yle__article__paragraph\">\u2013 Se on h\u00f6p\u00f6h\u00f6p\u00f6\u00e4. He kertovat mielell\u00e4\u00e4n tarinaa siit\u00e4, kuinka muut k\u00e4rsiv\u00e4t pakotteista enemm\u00e4n kuin Ven\u00e4j\u00e4 itse.<\/p>\n<p class=\"aw-1gybjub aw-1p7kakr kEtdKx cEmitX yle__article__paragraph\"><strong class=\"aw-ak79eh KyCXm yle__article__strong\">Katso videolta, kuinka Korhonen arvioi Ven\u00e4j\u00e4ll\u00e4 esitetty\u00e4 v\u00e4itett\u00e4 Suomen ajautumisesta \u201dtaloudelliseen katastrofiin\u201d:<\/strong><\/p>\n<p class=\"aw-1gybjub aw-1p7kakr kEtdKx cEmitX yle__article__paragraph\">Korhosen mukaan on selv\u00e4\u00e4, ett\u00e4 Ven\u00e4j\u00e4 k\u00e4rsii pakotteista ja muista Ukrainan hy\u00f6kk\u00e4yssotaa seuranneista talousvaikutuksista enemm\u00e4n kuin Suomi.<\/p>\n<p class=\"aw-1gybjub aw-1p7kakr kEtdKx cEmitX yle__article__paragraph\">\u2013 Ei siit\u00e4 ole kahta sanaa.<\/p>\n<p class=\"aw-1gybjub aw-1p7kakr kEtdKx cEmitX yle__article__paragraph\">Korhosen mukaan Ven\u00e4j\u00e4 osoittaa v\u00e4itteet etenkin omille kansalaisilleen.<\/p>\n<p class=\"aw-1gybjub aw-1p7kakr kEtdKx cEmitX yle__article__paragraph\">\u2013 Jos joku sattuu siihen uskomaan vaikkapa Euroopassa, aina parempi ven\u00e4l\u00e4isten kannalta, Korhonen sanoo.<\/p>\n<p>Vienti Ven\u00e4j\u00e4lle v\u00e4heni jo ennen sotaa, markkinoita l\u00f6ytyi muualta<\/p>\n<p class=\"aw-1gybjub aw-1p7kakr kEtdKx cEmitX yle__article__paragraph\">Korhosen mukaan Ven\u00e4j\u00e4lle asetetut pakotteet eiv\u00e4t ole aiheuttaneet Suomelle merkitt\u00e4vi\u00e4 taloudellisia menetyksi\u00e4. Yksi syy on, ett\u00e4 suomalaisten yritysten vienti Ven\u00e4j\u00e4lle on kutistunut jo vuosia.<\/p>\n<p class=\"aw-1gybjub aw-1p7kakr kEtdKx cEmitX yle__article__paragraph\">Vuonna 2013 se oli Korhosen mukaan noin 10 prosenttia Suomen kaikesta tavaraviennist\u00e4, mutta vuonna 2021 alle 5 prosenttia. Moni firma l\u00f6ysi muita markkinoita.<\/p>\n<p class=\"aw-1gybjub aw-1p7kakr kEtdKx cEmitX yle__article__paragraph\">T\u00e4ll\u00e4 hetkell\u00e4 Suomen viennist\u00e4 suuntautuu Ven\u00e4j\u00e4lle alle puoli prosenttia, kertoo Korhonen. Se koostuu p\u00e4\u00e4asiassa Harjavallassa jalostetusta nikkelist\u00e4, joka ei ole pakotteiden alaista.<\/p>\n<p><img decoding=\"async\" alt=\"North Rail oy:n nikkelijuna Harjavallan asemalla.\" src=\"https:\/\/www.europesays.com\/fi\/wp-content\/uploads\/2025\/12\/39-125974165f9bd950c45a.jpeg\" loading=\"lazy\" class=\"aw-1l9m598 hKVVvP\"\/><\/p>\n<p>Avaa kuvien katselu<\/p>\n<p>North Rail Oy:n juna kuljettaa ven\u00e4l\u00e4isen nikkelin Suomeen ja nikkelin jalostuksessa irrotetun kuparikiven takaisin Ven\u00e4j\u00e4lle. Kuva: Tapio Termonen \/ Yle<\/p>\n<p class=\"aw-1gybjub aw-1p7kakr kEtdKx cEmitX yle__article__paragraph\">Toisaalta Suomen vienti on kasvanut esimerkiksi Keski-Aasian maihin. Niiden kautta todenn\u00e4k\u00f6isesti <a class=\"aw-iao6s4 iHOxEa yle__article__link\" href=\"https:\/\/yle.fi\/a\/74-20114461\" role=\"link\" rel=\"nofollow noopener\" target=\"_blank\">kierret\u00e4\u00e4n pakotteita<\/a> ja tavara meneekin lopulta Ven\u00e4j\u00e4lle.<\/p>\n<p class=\"aw-1gybjub aw-1p7kakr kEtdKx cEmitX yle__article__paragraph\">Korhosen mukaan suureen kuvaan suhteutettaessa kyse ei ole isosta ilmi\u00f6st\u00e4. Vuoden 2021 kolmannella nelj\u00e4nneksell\u00e4 vienti Ven\u00e4j\u00e4lle, Turkkiin, Keski-Aasiaan ja Kaukasukselle oli yhteens\u00e4 runsaat 1,2 miljardia euroa.<\/p>\n<p class=\"aw-1gybjub aw-1p7kakr kEtdKx cEmitX yle__article__paragraph\">T\u00e4m\u00e4n vuoden kolmannella nelj\u00e4nneksell\u00e4 vienti noihin maihin oli yhteens\u00e4 337 miljoonaa.<\/p>\n<p class=\"aw-1gybjub aw-1p7kakr kEtdKx cEmitX yle__article__paragraph\">\u2013 Lis\u00e4ksi ennen invaasiota moni suomalaisfirma hoiti Keski-Aasian viennin logistiikan Ven\u00e4j\u00e4n kautta, nyt ne menev\u00e4t suoraan. Vaikka jotain esimerkiksi Turkin kautta Ven\u00e4j\u00e4lle kiert\u00e4isikin, kokonaisvienti sinne suuntaan on romahtanut, Korhonen sanoo.<\/p>\n<p class=\"aw-1gybjub aw-1p7kakr kEtdKx cEmitX yle__article__paragraph\">Korhosen mukaan vienti muualle vet\u00e4\u00e4.<\/p>\n<p class=\"aw-1gybjub aw-1p7kakr kEtdKx cEmitX yle__article__paragraph\">\u2013 Suomen ulkomaankaupassa tavara- ja palveluvienti on kasvanut selv\u00e4sti viime vuosina, Korhonen kertoo.<\/p>\n<p class=\"aw-1gybjub aw-1p7kakr kEtdKx cEmitX yle__article__paragraph\">Tullin mukaan esimerkiksi t\u00e4m\u00e4n vuoden lokakuun tavaraviennin arvo ja volyymi on kasvanut noin yhdeks\u00e4n prosenttia edellisvuodesta.<\/p>\n<p class=\"aw-1gybjub aw-1p7kakr kEtdKx cEmitX yle__article__paragraph\">Korhosen mukaan Ven\u00e4j\u00e4lle aiemmin vieneet yritykset eiv\u00e4t v\u00e4ltt\u00e4m\u00e4tt\u00e4 vie samoja tuotteita nyt muualle.<\/p>\n<p class=\"aw-1gybjub aw-1p7kakr kEtdKx cEmitX yle__article__paragraph\">\u2013 Kun katsoo Suomen kokonaisvienti\u00e4, se on viime aikoina vet\u00e4nyt ihan hyvin.<\/p>\n<p class=\"aw-1gybjub aw-1p7kakr kEtdKx cEmitX yle__article__paragraph\">Korhonen mainitsee esimerkkin\u00e4 Yhdysvallat, Brasilian sek\u00e4 Australian. Australiaan Suomi vie nyt enemm\u00e4n kuin Ven\u00e4j\u00e4lle.<\/p>\n<p>Ven\u00e4l\u00e4iset turistit puuttuvat, mutta se ei ole lamauttanut Suomen matkailubisnest\u00e4<\/p>\n<p class=\"aw-1gybjub aw-1p7kakr kEtdKx cEmitX yle__article__paragraph\">Ven\u00e4l\u00e4ismediat toistavat Suomessakin uutisoitua arviota, jonka mukaan ven\u00e4l\u00e4isturistien puuttumisen vuoksi \u201dEtel\u00e4-Karjalassa menetet\u00e4\u00e4n <a class=\"aw-iao6s4 iHOxEa yle__article__link\" href=\"https:\/\/yle.fi\/a\/74-20075421\" role=\"link\" rel=\"nofollow noopener\" target=\"_blank\">miljoona euroa p\u00e4iv\u00e4ss\u00e4<\/a>.\u201d<\/p>\n<p class=\"aw-1gybjub aw-1p7kakr kEtdKx cEmitX yle__article__paragraph\">Korhonen my\u00f6nt\u00e4\u00e4, ett\u00e4 ven\u00e4l\u00e4iset turistit ovat olleet etenkin It\u00e4-Suomessa t\u00e4rke\u00e4 tulonl\u00e4hde.<\/p>\n<p class=\"aw-1gybjub aw-1p7kakr kEtdKx cEmitX yle__article__paragraph\">Toisaalta h\u00e4n huomauttaa, ett\u00e4 ven\u00e4l\u00e4isten turistien m\u00e4\u00e4r\u00e4 Suomessa romahti jo vuonna 2020 koronarajoitusten my\u00f6t\u00e4.<\/p>\n<p class=\"aw-1gybjub aw-1p7kakr kEtdKx cEmitX yle__article__paragraph\"><strong class=\"aw-ak79eh KyCXm yle__article__strong\">Katso grafiikasta ulkomaisten matkailijoiden m\u00e4\u00e4r\u00e4 suomalaisissa majoitusliikkeiss\u00e4:<\/strong><\/p>\n<p class=\"aw-1gybjub aw-1p7kakr kEtdKx cEmitX yle__article__paragraph\">Suomi lopetti ven\u00e4l\u00e4isten maahanp\u00e4\u00e4syn turistiviisumilla syyskuussa 2022. Marraskuussa 2023 Suomi sulki it\u00e4rajansa. Syyn\u00e4 olivat poikkeuksellisen suuret turvapaikanhakijam\u00e4\u00e4r\u00e4t, mit\u00e4 pidet\u00e4\u00e4n Ven\u00e4j\u00e4n hybridioperaationa.<\/p>\n<p class=\"aw-1gybjub aw-1p7kakr kEtdKx cEmitX yle__article__paragraph\">Korhosen mukaan Suomen matkailubisnes on paikoin onnistunut jopa kasvamaan.<\/p>\n<p class=\"aw-1gybjub aw-1p7kakr kEtdKx cEmitX yle__article__paragraph\">\u2013 Varsinkin Lapissa turistien m\u00e4\u00e4r\u00e4 on t\u00e4ll\u00e4 hetkell\u00e4 suurempi kuin se oli vuonna 2019, vaikka ven\u00e4l\u00e4iset puuttuvat kokonaan, Korhonen sanoo.<\/p>\n<p class=\"aw-1gybjub aw-1p7kakr kEtdKx cEmitX yle__article__paragraph\">Ven\u00e4l\u00e4isten turistien poissaolo on silti huomattava. Vuonna 2019 Suomeen saapui Tilastokeskuksen mukaan reilu 3,2 miljoonaa ulkomaista matkailijaa. Heist\u00e4 387 415 eli l\u00e4hes 12 prosenttia oli Ven\u00e4j\u00e4lt\u00e4. Vuonna 2024 ulkomailta tuli 2,9 miljoonaa ihmist\u00e4. Ven\u00e4l\u00e4isi\u00e4 tuli en\u00e4\u00e4 8 045 eli 0,28 prosenttia.<\/p>\n<p>Ven\u00e4j\u00e4n kaupan normalisoitumista ei ole n\u00e4k\u00f6piiriss\u00e4<\/p>\n<p class=\"aw-1gybjub aw-1p7kakr kEtdKx cEmitX yle__article__paragraph\">Ven\u00e4l\u00e4isten ekonomistien mukaan Suomen ja Ven\u00e4j\u00e4n taloudellinen yhteisty\u00f6 ei elpyisi, vaikka pakotteet poistettaisiin. Syyn\u00e4 on, ett\u00e4 \u201dluottamus rahoitus- ja talousinfrastruktuuriin on menetetty\u201d.<\/p>\n<p class=\"aw-1gybjub aw-1p7kakr kEtdKx cEmitX yle__article__paragraph\">T\u00e4st\u00e4 Korhonenkin on samaa mielt\u00e4.<\/p>\n<p class=\"aw-1gybjub aw-1p7kakr kEtdKx cEmitX yle__article__paragraph\">\u2013 Jos syntyy v\u00e4lirauha ja joitain pakotteita puretaan, kauppa todenn\u00e4k\u00f6isesti elpyy jonkin verran: vienti Ven\u00e4j\u00e4lle kasvaisi ja ehk\u00e4 jopa tuonti Ven\u00e4j\u00e4lt\u00e4.<\/p>\n<p><img decoding=\"async\" alt=\"Valios produkter i Ryssland. \" src=\"https:\/\/www.europesays.com\/fi\/wp-content\/uploads\/2025\/12\/39-4171075977f9bf4a409.jpeg\" loading=\"lazy\" class=\"aw-1l9m598 hKVVvP\"\/><\/p>\n<p>Avaa kuvien katselu<\/p>\n<p>Valion maitotuotteet olivat Ven\u00e4j\u00e4ll\u00e4 suosittuja. Valio lopetti viennin ja liiketoiminnan Ven\u00e4j\u00e4ll\u00e4 vuonna 2022 Ukrainan hy\u00f6kk\u00e4yssodan vuoksi. Kuva: AOP<\/p>\n<p class=\"aw-1gybjub aw-1p7kakr kEtdKx cEmitX yle__article__paragraph\">Tutkimusp\u00e4\u00e4llikk\u00f6 Korhonen pit\u00e4\u00e4 suomalaisten yritysten uusia investointeja Ven\u00e4j\u00e4lle kaukaisina.<\/p>\n<p class=\"aw-1gybjub aw-1p7kakr kEtdKx cEmitX yle__article__paragraph\">\u2013 Monessa yrityksess\u00e4 on n\u00e4hty, miten poliittinen riski toteutuu. T\u00e4m\u00e4 oppitunti tullaan muistamaan viel\u00e4 pitk\u00e4\u00e4n. En usko, ett\u00e4 meill\u00e4 on hyvin pitk\u00e4\u00e4n aikaan paluuta kaupan tasoille, joissa oltiin 2010-luvun lopussa.<\/p>\n<p class=\"aw-1gybjub aw-1p7kakr kEtdKx cEmitX yle__article__paragraph\">Korhosen mukaan Ven\u00e4j\u00e4 vaikuttaa Suomen talouteen kulutuksen kautta.<\/p>\n<p class=\"aw-1gybjub aw-1p7kakr kEtdKx cEmitX yle__article__paragraph\">\u2013 Suomalaisten palkkojen yhteenlaskettu summa on kasvanut nopeasti ja kotitalouksilla on kaikkien aikojen suurimmat talletusvarat. Ven\u00e4j\u00e4n toiminta on kuitenkin saanut monet varovaisiksi. Sen takia kulutus ei ole viel\u00e4 l\u00e4htenyt k\u00e4yntiin, Korhonen sanoo.<\/p>\n","protected":false},"excerpt":{"rendered":"Ven\u00e4j\u00e4n valtionmedia v\u00e4itt\u00e4\u00e4 Suomen talouden olevan kriisiss\u00e4 Ven\u00e4j\u00e4-suhteiden katkeamisen vuoksi. Suomen Pankin tutkimusp\u00e4\u00e4llikk\u00f6 Iikka Korhonen kumoaa v\u00e4itteet ja&hellip;\n","protected":false},"author":2,"featured_media":114177,"comment_status":"","ping_status":"","sticky":false,"template":"","format":"standard","meta":{"footnotes":""},"categories":[12],"tags":[22,23,26,27,33,31,30,17,24,25,28,29,15,18,21,3251,32,19,20,56,16,547,12030],"class_list":{"0":"post-114176","1":"post","2":"type-post","3":"status-publish","4":"format-standard","5":"has-post-thumbnail","7":"category-suomi","8":"tag-breaking-news","9":"tag-breakingnews","10":"tag-featured-news","11":"tag-featurednews","12":"tag-fi","13":"tag-finland","14":"tag-finnish","15":"tag-headlines","16":"tag-latest-news","17":"tag-latestnews","18":"tag-main-news","19":"tag-mainnews","20":"tag-news","21":"tag-otsikot","22":"tag-paauutiset","23":"tag-suomen-talous","24":"tag-suomi","25":"tag-top-stories","26":"tag-topstories","27":"tag-ulkomaat","28":"tag-uutiset","29":"tag-venaja","30":"tag-venajan-propaganda"},"share_on_mastodon":{"url":"https:\/\/pubeurope.com\/@fi\/115704732681533954","error":""},"_links":{"self":[{"href":"https:\/\/www.europesays.com\/fi\/wp-json\/wp\/v2\/posts\/114176","targetHints":{"allow":["GET"]}}],"collection":[{"href":"https:\/\/www.europesays.com\/fi\/wp-json\/wp\/v2\/posts"}],"about":[{"href":"https:\/\/www.europesays.com\/fi\/wp-json\/wp\/v2\/types\/post"}],"author":[{"embeddable":true,"href":"https:\/\/www.europesays.com\/fi\/wp-json\/wp\/v2\/users\/2"}],"replies":[{"embeddable":true,"href":"https:\/\/www.europesays.com\/fi\/wp-json\/wp\/v2\/comments?post=114176"}],"version-history":[{"count":0,"href":"https:\/\/www.europesays.com\/fi\/wp-json\/wp\/v2\/posts\/114176\/revisions"}],"wp:featuredmedia":[{"embeddable":true,"href":"https:\/\/www.europesays.com\/fi\/wp-json\/wp\/v2\/media\/114177"}],"wp:attachment":[{"href":"https:\/\/www.europesays.com\/fi\/wp-json\/wp\/v2\/media?parent=114176"}],"wp:term":[{"taxonomy":"category","embeddable":true,"href":"https:\/\/www.europesays.com\/fi\/wp-json\/wp\/v2\/categories?post=114176"},{"taxonomy":"post_tag","embeddable":true,"href":"https:\/\/www.europesays.com\/fi\/wp-json\/wp\/v2\/tags?post=114176"}],"curies":[{"name":"wp","href":"https:\/\/api.w.org\/{rel}","templated":true}]}}