{"id":114188,"date":"2025-12-12T04:54:13","date_gmt":"2025-12-12T04:54:13","guid":{"rendered":"https:\/\/www.europesays.com\/fi\/114188\/"},"modified":"2025-12-12T04:54:13","modified_gmt":"2025-12-12T04:54:13","slug":"kia-lehmuskoski-gogin-kantabaari-podcastissa-myontaa-ihastuneensa-tanssipariinsa","status":"publish","type":"post","link":"https:\/\/www.europesays.com\/fi\/114188\/","title":{"rendered":"Kia Lehmuskoski Gogin kantabaari -podcastissa: My\u00f6nt\u00e4\u00e4 ihastuneensa tanssipariinsa"},"content":{"rendered":"<p>\n            20231126 HelsinkiTTK-finaali. Kuvassa Kia Lehmuskoski   Kuva: Tomi Natri<br \/>\n            Tomi Natri\n        <\/p>\n<p class=\"subtitle \">Tanssii t\u00e4htien kanssa -ohjelmasta tuttu tanssinopettaja Kia Lehmuskoski tekee tunnustuksen Gogin kantabaarissa.<\/p>\n<p class=\"article-content article-content-width !bg-background\">Tanssii t\u00e4htien kanssa -ohjelmasta tuttu tanssinopettaja\u00a0 on vieraana Gogin kantabaari -podcastin uusimmassa jaksossa.<\/p>\n<p class=\"font-weight-bold m-font-weight-bold article-content article-content-width !bg-background\">Video: N\u00e4ist\u00e4 TTK-pareista tuli pariskunta oikeassa el\u00e4m\u00e4ss\u00e4.<\/p>\n<p class=\"article-content article-content-width !bg-background\">Podcastin juontaja\u00a0haluaa kuulla Kialta mielipiteen siit\u00e4, ovatko Tanssii t\u00e4htien kanssa -romanssit totta vai tarua.\u00a0<\/p>\n<p class=\"article-content article-content-width !bg-background\">Kia my\u00f6nt\u00e4\u00e4, ett\u00e4 TTK on hyvin intensiivist\u00e4 ja siin\u00e4 vietet\u00e4\u00e4n enemm\u00e4n aikaa tanssiparin kanssa kuin puolison.<\/p>\n<p class=\"article-content article-content-width !bg-background\">\u2013 Onhan niit\u00e4 romansseja tullut. Yksi pari on mennyt naimisiin ja hankkineet yhdess\u00e4 lapsen. On ollut tilanteita, jotka ovat johtaneet ihaniin asioihin, Kia toteaa.<\/p>\n<p class=\"article-content article-content-width !bg-background\">Kia viittaa vuonna 2021 ohjelman seurauksena syttyneeseen romanssiin.  ja  tapasivat, kun Katri toimi Akin TTK-opettajana. Parin -poika syntyi vuonna 2024. <\/p>\n<p class=\"article-content article-content-width !bg-background\">\u2013 Tanssiin kuitenkin kuuluu, ett\u00e4 ollaan l\u00e4hell\u00e4. Ei se automaattisesti tarkoita sit\u00e4, ett\u00e4 jos tulen kahden senttimetrin p\u00e4\u00e4h\u00e4n nen\u00e4st\u00e4, niin siin\u00e4 olisi heti jotakin. Tanssi on tietyll\u00e4 tavalla n\u00e4ytelm\u00e4\u00e4, Kia muistuttaa.<\/p>\n<p>        <a itemprop=\"url\" href=\"https:\/\/www.seiska.fi\/katso\/kia-lehmuskoski-podcastissa-sukset-ristiin-ttk-tanssiparin-kanssa\/2010151\" rel=\"nofollow noopener\" target=\"_blank\"><\/p>\n<p>\nKia Lehmuskoski podcastissa:\n<\/p>\n<p class=\"section-date\">\n        <strong class=\"article-section\" data-section=\"katso\"><br \/>\n            katso<br \/>\n        <\/strong><br \/>\n        10.12. 06:15\n    <\/p>\n<p>Kia Lehmuskoski podcastissa: Sukset ristiin TTK-tanssiparin kanssa\n    <\/p>\n<p itemprop=\"description\" class=\"subtitle \">\n    Kia Lehmuskoski my\u00f6nt\u00e4\u00e4, ett\u00e4 uransa aikana h\u00e4nell\u00e4 on ollut ihastumisia tanssiparia kohtaan.\n<\/p>\n<p>        <\/a><\/p>\n<p>                <img decoding=\"async\" src=\"https:\/\/www.europesays.com\/fi\/wp-content\/uploads\/2025\/12\/1903908.webp\" width=\"576\" height=\"274\" alt=\"Aki ja Katri Riihilahti tapasivat TTK-parketilla.\" loading=\"lazy\" \/>            <\/p>\n<p>\n            Aki ja Katri Riihilahti tapasivat TTK-parketilla.<br \/>\n            Timo Korhonen\n        <\/p>\n<p>&#8221;On tullut tilanteita&#8221;<\/p>\n<p class=\"article-content article-content-width !bg-background\">Kia aloitti tanssimisen kuusivuotiaana, ja TTK:hon h\u00e4n p\u00e4\u00e4tyi 23-vuotiaana. Gogi haluaa tiet\u00e4\u00e4, onko Kialla tullut uransa aikana ihastumisia.<\/p>\n<p class=\"article-content article-content-width !bg-background\">Kian mukaan ihastuminen voi helpottaa tanssimista, jos se on molemminpuolista. Jos ei, se saattaa vaikeuttaa.<\/p>\n<p class=\"article-content article-content-width !bg-background\">\u2013 Vastaan n\u00e4in ymp\u00e4ripy\u00f6re\u00e4sti, mutta on tullut tilanteita. On tullut fiiliksi\u00e4 toista ihmist\u00e4 kohtaan.<\/p>\n<p class=\"article-content article-content-width !bg-background\">Kia my\u00f6nt\u00e4\u00e4, ett\u00e4 on ollut my\u00f6s tilanteita, joissa h\u00e4n ei ole voinut siet\u00e4\u00e4 tanssipariaan.<\/p>\n<p class=\"article-content article-content-width !bg-background\">\u2013 Ei niit\u00e4 nyt niin paljon ole tullut, mutta on ollut tilanteita, joissa toisella ei ole niin miellytt\u00e4v\u00e4 olemus. Mutta mit\u00e4 siin\u00e4 kohtaa voi tehd\u00e4, kun teet ty\u00f6t\u00e4? Show must go on.<\/p>\n<p>        <a itemprop=\"url\" href=\"https:\/\/www.seiska.fi\/ulkomaat\/yllattava-julkkiskarhama-helen-mirren-80-sai-tarpeekseen-nayttelijakonsikkaasta\/2016369\" rel=\"nofollow noopener\" target=\"_blank\"><\/p>\n<p>\nHelen Mirren, 80\n<\/p>\n<p class=\"section-date\">\n        <strong class=\"article-section\" data-section=\"ulkomaat\"><br \/>\n            ulkomaat<br \/>\n        <\/strong><br \/>\n        9.12. 20:00\n    <\/p>\n<p>Yll\u00e4tt\u00e4v\u00e4 julkkisk\u00e4rh\u00e4m\u00e4! Helen Mirren, 80, sai tarpeekseen n\u00e4yttelij\u00e4k\u00f6nsikk\u00e4\u00e4st\u00e4\n    <\/p>\n<p itemprop=\"description\" class=\"subtitle \">\n    Vastan\u00e4yttelij\u00e4n huithapelit toimintatavat eiv\u00e4t olleet Helen Mirrenin mieleen.\n<\/p>\n<p>        <\/a><\/p>\n<p>&#8221;Eih\u00e4n se normaalia ole&#8221;<\/p>\n<p class=\"article-content article-content-width !bg-background\">Kia joutui parisuhteensa alussa puhumaan miehens\u00e4 kanssa ammatistaan ja sen eri puolista. Kia joutui selitt\u00e4m\u00e4\u00e4n, kuinka miespuolisen tanssiparin kanssa saattaa jakaa hotellihuoneen ja hotellis\u00e4ngyn s\u00e4\u00e4st\u00f6syist\u00e4.<\/p>\n<p class=\"article-content article-content-width !bg-background\">\u2013 Silloin puolisoni oli, ettei se ole ok, ett\u00e4 nukut toisen miehen kanssa samassa s\u00e4ngyss\u00e4. Yritin selitt\u00e4\u00e4, ett\u00e4 se on ihan normaalia, mutta ei se ole. Eih\u00e4n se ole normaalia, ett\u00e4 l\u00e4hdet ty\u00f6kaverin kanssa ty\u00f6matkalle ja jaat s\u00e4ngyn h\u00e4nen kanssaan.<\/p>\n<p>                <img decoding=\"async\" src=\"https:\/\/www.europesays.com\/fi\/wp-content\/uploads\/2025\/12\/2007303.webp\" width=\"576\" height=\"552\" alt=\"Kia Lehmuskoski tanssi tuoreimmalla TTK-kaudella Marko Anttilan kanssa.\" loading=\"lazy\" \/>            <\/p>\n<p>\n            Kia Lehmuskoski tanssi tuoreimmalla TTK-kaudella Marko Anttilan kanssa.<br \/>\n            Timo Korhonen\n        <\/p>\n<p class=\"italic m-italic article-content article-content-width !bg-background\">Gogin kantabaari keskiviikkoisin Yle Areenassa.\u00a0<\/p>\n<p>        <a itemprop=\"url\" href=\"https:\/\/www.seiska.fi\/katso\/salatut-elamat-nayttelijakomistus-tekee-yllatyspaluun\/2005621\" rel=\"nofollow noopener\" target=\"_blank\"><\/p>\n<p>\nSalatut el\u00e4mt\u00e4\n<\/p>\n<p class=\"section-date\">\n        <strong class=\"article-section\" data-section=\"katso\"><br \/>\n            katso<br \/>\n        <\/strong><br \/>\n        10.12. 05:15\n    <\/p>\n<p>Salatut el\u00e4m\u00e4t: N\u00e4yttelij\u00e4komistus tekee yll\u00e4tyspaluun!\n    <\/p>\n<p itemprop=\"description\" class=\"subtitle \">\n    Salatut el\u00e4m\u00e4t -sarjaan palaa tuttu kasvo.\n<\/p>\n<p>        <\/a><\/p>\n","protected":false},"excerpt":{"rendered":"20231126 HelsinkiTTK-finaali. Kuvassa Kia Lehmuskoski Kuva: Tomi Natri Tomi Natri Tanssii t\u00e4htien kanssa -ohjelmasta tuttu tanssinopettaja Kia Lehmuskoski&hellip;\n","protected":false},"author":2,"featured_media":114189,"comment_status":"","ping_status":"","sticky":false,"template":"","format":"standard","meta":{"footnotes":""},"categories":[130],"tags":[4899,137,33,31,30,4898,14484,101,2430,2923,1020,651,32,903,3868,109],"class_list":{"0":"post-114188","1":"post","2":"type-post","3":"status-publish","4":"format-standard","5":"has-post-thumbnail","7":"category-viihde","8":"tag-constantinos-mavromichalis","9":"tag-entertainment","10":"tag-fi","11":"tag-finland","12":"tag-finnish","13":"tag-gogin-kantabaari","14":"tag-ihastus","15":"tag-ihmissuhteet","16":"tag-kia-lehmuskoski","17":"tag-podcast","18":"tag-romanssit","19":"tag-suhteet","20":"tag-suomi","21":"tag-tanssii-tahtien-kanssa","22":"tag-tanssija","23":"tag-viihde"},"share_on_mastodon":{"url":"https:\/\/pubeurope.com\/@fi\/115704815395428537","error":""},"_links":{"self":[{"href":"https:\/\/www.europesays.com\/fi\/wp-json\/wp\/v2\/posts\/114188","targetHints":{"allow":["GET"]}}],"collection":[{"href":"https:\/\/www.europesays.com\/fi\/wp-json\/wp\/v2\/posts"}],"about":[{"href":"https:\/\/www.europesays.com\/fi\/wp-json\/wp\/v2\/types\/post"}],"author":[{"embeddable":true,"href":"https:\/\/www.europesays.com\/fi\/wp-json\/wp\/v2\/users\/2"}],"replies":[{"embeddable":true,"href":"https:\/\/www.europesays.com\/fi\/wp-json\/wp\/v2\/comments?post=114188"}],"version-history":[{"count":0,"href":"https:\/\/www.europesays.com\/fi\/wp-json\/wp\/v2\/posts\/114188\/revisions"}],"wp:featuredmedia":[{"embeddable":true,"href":"https:\/\/www.europesays.com\/fi\/wp-json\/wp\/v2\/media\/114189"}],"wp:attachment":[{"href":"https:\/\/www.europesays.com\/fi\/wp-json\/wp\/v2\/media?parent=114188"}],"wp:term":[{"taxonomy":"category","embeddable":true,"href":"https:\/\/www.europesays.com\/fi\/wp-json\/wp\/v2\/categories?post=114188"},{"taxonomy":"post_tag","embeddable":true,"href":"https:\/\/www.europesays.com\/fi\/wp-json\/wp\/v2\/tags?post=114188"}],"curies":[{"name":"wp","href":"https:\/\/api.w.org\/{rel}","templated":true}]}}