{"id":114198,"date":"2025-12-12T05:09:13","date_gmt":"2025-12-12T05:09:13","guid":{"rendered":"https:\/\/www.europesays.com\/fi\/114198\/"},"modified":"2025-12-12T05:09:13","modified_gmt":"2025-12-12T05:09:13","slug":"eurooppa-valtaa-maailman-mobiiliinternet-vuonna-2025-osoittaa-kuka-todella-maaraa-tahdin-tanaan-letem-svetem-applem","status":"publish","type":"post","link":"https:\/\/www.europesays.com\/fi\/114198\/","title":{"rendered":"Eurooppa valtaa maailman. Mobiiliinternet vuonna 2025 osoittaa, kuka todella m\u00e4\u00e4r\u00e4\u00e4 tahdin t\u00e4n\u00e4\u00e4n \u2013 Letem svetem Applem"},"content":{"rendered":"<p class=\"gt-block\">Kun arviolta 15\u201320 vuotta sitten valtaosa meist\u00e4 kulutti internet-sis\u00e4lt\u00f6\u00e4 p\u00e4\u00e4asiassa tietokoneilla, \u00e4lypuhelinten ja niill\u00e4 olevan mobiili-internetin ansiosta t\u00e4m\u00e4 suuntaus on t\u00e4ysin k\u00e4\u00e4ntynyt. T\u00e4m\u00e4n vahvistaa my\u00f6s nPerfin uusi analyysi, joka keskittyy siihen, kuinka suuri osa internetin k\u00e4ytt\u00e4jist\u00e4 tietyss\u00e4 maassa k\u00e4ytt\u00e4\u00e4 matkapuhelinta internetin selaamiseen. Matkapuhelimet eiv\u00e4t ole en\u00e4\u00e4 &#8221;toinen&#8221; laite kannettavien tietokoneiden j\u00e4lkeen \u2013 useimmissa maissa niist\u00e4 on tullut ehdottoman hallitseva portti internetiin. Ja loogisesti my\u00f6s verkkosivustot ovat mukautuneet t\u00e4h\u00e4n.\u00a0<\/p>\n<p class=\"gt-block\">Mielenkiintoista kyll\u00e4, nPerf-tutkimuksen mukaan Euroopasta on tullut mobiiliselaamisen parhaiten suoriutuva manner, ja se on ehdottoman vakuuttavaa. Irlanti, Alankomaat, Slovakia, Slovenia ja Belgia ovat viisi maata, jotka saavuttivat maailman parhaat tulokset t\u00e4n\u00e4 vuonna. Irlanti johtaa 79,13 %:n pistem\u00e4\u00e4r\u00e4ll\u00e4, mik\u00e4 tarkoittaa, ett\u00e4 tavalliset verkkosivustot latautuvat siell\u00e4 k\u00e4yt\u00e4nn\u00f6ss\u00e4 ilman viivett\u00e4 ja ovat yleens\u00e4 t\u00e4ydellisesti optimoituja mobiililaitteille.\u00a0<\/p>\n<p>100 %:n arvo edustaa sivun v\u00e4lit\u00f6nt\u00e4 latautumista, kun taas 0 % edustaa tilannetta, jossa sivu ei lataudu lainkaan matkapuhelimella. T\u00e4m\u00e4 ei ole akateeminen luku, vaan hyvin k\u00e4yt\u00e4nn\u00f6llinen osoitus siit\u00e4, kuinka k\u00e4tev\u00e4\u00e4 internetin k\u00e4ytt\u00f6 matkapuhelimella on.<\/p>\n<p>                                <a href=\"https:\/\/www.letemsvetemapplem.eu\/fi\/2023\/07\/08\/mobilni-internet-v-usa\/\" class=\"thumbnail\" title=\"Kuinka k\u00e4ytt\u00e4\u00e4 langatonta Interneti\u00e4 Yhdysvalloissa\" rel=\"nofollow noopener\" target=\"_blank\"><\/p>\n<p>    <img decoding=\"async\" class=\"lazyload landscape \"  data- src=\"https:\/\/www.europesays.com\/fi\/wp-content\/uploads\/2025\/12\/USA_nahled.jpg\" title=\"USA_preview\" alt=\"Yhdysvaltojen esikatselu\" data-caption=\"\" data-orig-width=\"4032\" data-orig-height=\"3024\"\/><br \/>\n                    <\/a><\/p>\n<p>On t\u00e4rke\u00e4\u00e4 mainita viel\u00e4 yksi asia: nPerf seuraa k\u00e4ytt\u00e4jien reaalimaailman k\u00e4ytt\u00e4ytymist\u00e4 tietyss\u00e4 maassa viidell\u00e4 eniten vieraillulla verkkosivustolla. T\u00e4m\u00e4 osoittaa my\u00f6s varsin hyvin, kuinka suuri osa internet-liikenteest\u00e4 tapahtuu nyky\u00e4\u00e4n mobiililaitteilla. Useimmissa maissa mobiiliselailu muodostaa jo valtaosan p\u00e4ivitt\u00e4isest\u00e4 digitaalisen sis\u00e4ll\u00f6n kulutuksesta, sosiaalisesta mediasta verkkokauppaan. Ja juuri t\u00e4m\u00e4 todellisuus antaa tuloksille aivan uuden kontekstin.<\/p>\n<p>Mielenkiintoista kyll\u00e4, Yhdysvallat, joka lanseerasi 5G:n vuonna 2018 ja on historiallisesti teknologiajohtaja, ei esiintynyt lainkaan viiden k\u00e4rkimaan joukossa. Internet-&#8221;markkinoiden&#8221; koko, vaihteleva infrastruktuurin laatu ja pirstaloituneisuus siell\u00e4 n\u00e4ytt\u00e4v\u00e4t vaikuttavan t\u00e4h\u00e4n. Verkkojen modernisointi Irlannissa tai Belgiassa on yksinkertaisesti t\u00e4ysin erilainen logistinen teht\u00e4v\u00e4 kuin muutaman miljoonan asukkaan maassa.oneneli\u00f6kilometrej\u00e4. Lis\u00e4ksi nPerf k\u00e4ytt\u00e4\u00e4 yhten\u00e4ist\u00e4 menetelm\u00e4\u00e4 ja anonymisoitua todellista dataa oikeilta k\u00e4ytt\u00e4jilt\u00e4. Tuloksena on eritt\u00e4in tarkka kuva siit\u00e4, kuinka nopeasti ja sujuvasti ihmiset nyky\u00e4\u00e4n selaavat interneti\u00e4 ja miss\u00e4 voimme puhua todella moderneista mobiiliverkoista.<\/p>\n<p>Vuosi 2025 siis vahvistaa t\u00e4ysin, ett\u00e4 vaikka maailma siirtyy mobiililaitteisiin nopeammin kuin koskaan ennen, Eurooppa on onnistunut rakentamaan infrastruktuurin, joka pystyy k\u00e4sittelem\u00e4\u00e4n sen vaivattomasti sek\u00e4 verkostoitumisen ett\u00e4 itse verkkosivustojen laadun osalta. Ja t\u00e4m\u00e4n ansiosta se on nyt yksi niist\u00e4 alueista, joissa mobiiliselailu ei ole kompromissi, vaan standardi, joka asettaa suunnan muulle maailmalle.<\/p>\n","protected":false},"excerpt":{"rendered":"Kun arviolta 15\u201320 vuotta sitten valtaosa meist\u00e4 kulutti internet-sis\u00e4lt\u00f6\u00e4 p\u00e4\u00e4asiassa tietokoneilla, \u00e4lypuhelinten ja niill\u00e4 olevan mobiili-internetin ansiosta t\u00e4m\u00e4&hellip;\n","protected":false},"author":2,"featured_media":114199,"comment_status":"","ping_status":"","sticky":false,"template":"","format":"standard","meta":{"footnotes":""},"categories":[87],"tags":[33,31,30,148,32,91,92],"class_list":{"0":"post-114198","1":"post","2":"type-post","3":"status-publish","4":"format-standard","5":"has-post-thumbnail","7":"category-internet","8":"tag-fi","9":"tag-finland","10":"tag-finnish","11":"tag-internet","12":"tag-suomi","13":"tag-technology","14":"tag-teknologia"},"share_on_mastodon":{"url":"https:\/\/pubeurope.com\/@fi\/115704874028093437","error":""},"_links":{"self":[{"href":"https:\/\/www.europesays.com\/fi\/wp-json\/wp\/v2\/posts\/114198","targetHints":{"allow":["GET"]}}],"collection":[{"href":"https:\/\/www.europesays.com\/fi\/wp-json\/wp\/v2\/posts"}],"about":[{"href":"https:\/\/www.europesays.com\/fi\/wp-json\/wp\/v2\/types\/post"}],"author":[{"embeddable":true,"href":"https:\/\/www.europesays.com\/fi\/wp-json\/wp\/v2\/users\/2"}],"replies":[{"embeddable":true,"href":"https:\/\/www.europesays.com\/fi\/wp-json\/wp\/v2\/comments?post=114198"}],"version-history":[{"count":0,"href":"https:\/\/www.europesays.com\/fi\/wp-json\/wp\/v2\/posts\/114198\/revisions"}],"wp:featuredmedia":[{"embeddable":true,"href":"https:\/\/www.europesays.com\/fi\/wp-json\/wp\/v2\/media\/114199"}],"wp:attachment":[{"href":"https:\/\/www.europesays.com\/fi\/wp-json\/wp\/v2\/media?parent=114198"}],"wp:term":[{"taxonomy":"category","embeddable":true,"href":"https:\/\/www.europesays.com\/fi\/wp-json\/wp\/v2\/categories?post=114198"},{"taxonomy":"post_tag","embeddable":true,"href":"https:\/\/www.europesays.com\/fi\/wp-json\/wp\/v2\/tags?post=114198"}],"curies":[{"name":"wp","href":"https:\/\/api.w.org\/{rel}","templated":true}]}}