{"id":114200,"date":"2025-12-12T05:12:10","date_gmt":"2025-12-12T05:12:10","guid":{"rendered":"https:\/\/www.europesays.com\/fi\/114200\/"},"modified":"2025-12-12T05:12:10","modified_gmt":"2025-12-12T05:12:10","slug":"joku-kuvasi-mariaa-salaa-videon-sisalto-ei-kesta-paivanvaloa","status":"publish","type":"post","link":"https:\/\/www.europesays.com\/fi\/114200\/","title":{"rendered":"Joku kuvasi Mariaa salaa \u2013 Videon sis\u00e4lt\u00f6 ei kest\u00e4 p\u00e4iv\u00e4nvaloa"},"content":{"rendered":"<p>Ravivalmentajaa tutkitaan kaameasta toiminnasta.<\/p>\n<p><img decoding=\"async\" class=\"image image-show image-preview\" src=\"https:\/\/www.europesays.com\/fi\/wp-content\/uploads\/2025\/12\/32915ee4aaa978371b3639a0048952bf1b8246e5564246c27cdf829abf977708.jpg\" alt=\"\"\/><img decoding=\"async\" class=\"image image-show\" src=\"https:\/\/www.europesays.com\/fi\/wp-content\/uploads\/2025\/12\/1765516330_558_32915ee4aaa978371b3639a0048952bf1b8246e5564246c27cdf829abf977708.jpg\" alt=\"\"\/><\/p>\n<p>Ravipiireiss\u00e4 kuohuu j\u00e4lleen. Kuvan talli ei liity tapaukseen. epa \/ aop<\/p>\n<p class=\"paragraph\">Ruotsalaisesta ravivalmentajasta <strong>Maria T\u00f6rnqvistist\u00e4<\/strong> on tullut ilmi puistattava video, <a href=\"https:\/\/www.aftonbladet.se\/sportbladet\/trav365\/a\/7pl4wo\/travtranaren-maria-tornqvist-utreds-av-svensk-travsport-efter-film-pa-sociala-medier\" target=\"_blank\" rel=\"noopener nofollow\">Aftonbladet-lehti<\/a> uutisoi.<\/p>\n<p class=\"paragraph\">Salaa kuvattu video on rakeinen, mutta siin\u00e4 n\u00e4kyy kaksi hevosta ja niiden ohjastajat. Yht\u00e4kki\u00e4 jostain kuuluu useita raipaniskuja.<\/p>\n<p class=\"paragraph\">Videon kuvannut henkil\u00f6 kertoo, ett\u00e4 ohjastajat l\u00f6iv\u00e4t raipalla toista hevosista, kun se pys\u00e4htyi hiekkatielle eik\u00e4 suostunut liikkumaan.<\/p>\n<p class=\"paragraph\">\u2013 Sit\u00e4 jatkui useita minuutteja, kuvaaja sanoo.<\/p>\n<p class=\"paragraph\">\u2013 Ei hevosta voi ly\u00f6d\u00e4 noin, h\u00e4n moittii.<\/p>\n<p class=\"paragraph\">Ruotsin raviurheiluliitto on aloittanut tutkinnan T\u00f6rnqvistist\u00e4. H\u00e4n on ravitallin omistaja.<\/p>\n<p class=\"paragraph\">T\u00f6rnqvistin kertomuksen mukaan hiekkatiell\u00e4 juoksi koira, joka s\u00e4ik\u00e4ytti toisen hevosista niin, ett\u00e4 se putosi puoliksi ojaan.<\/p>\n<p class=\"paragraph\">\u2013 Yritimme vain saada hevosen pois ojasta ja l\u00f6imme sit\u00e4 raipalla, jotta v\u00e4ltytt\u00e4isiin onnettomuudelta. Ymm\u00e4rr\u00e4n t\u00e4ysin, miksi videon \u00e4\u00e4net kuulostavat pahalta, valmentaja kommentoi.<\/p>\n<p class=\"paragraph\">Salakuvaajan mukaan paikalla ei kuitenkaan ollut koiria.<\/p>\n<p class=\"paragraph\">T\u00f6rnqvist on yksi Ruotsin merkitt\u00e4vimmist\u00e4 ravivalmentajista. H\u00e4nen tallinsa on voittanut l\u00e4hes 1,3 miljoonaa euroa palkintorahaa t\u00e4n\u00e4 vuonna.<\/p>\n","protected":false},"excerpt":{"rendered":"Ravivalmentajaa tutkitaan kaameasta toiminnasta. Ravipiireiss\u00e4 kuohuu j\u00e4lleen. Kuvan talli ei liity tapaukseen. epa \/ aop Ruotsalaisesta ravivalmentajasta Maria&hellip;\n","protected":false},"author":2,"featured_media":114201,"comment_status":"","ping_status":"","sticky":false,"template":"","format":"standard","meta":{"footnotes":""},"categories":[136],"tags":[35,407,404,137,33,31,30,7259,408,7261,785,591,32,109],"class_list":{"0":"post-114200","1":"post","2":"type-post","3":"status-publish","4":"format-standard","5":"has-post-thumbnail","7":"category-julkkikset","8":"tag-24h","9":"tag-celebrities","10":"tag-elaimet","11":"tag-entertainment","12":"tag-fi","13":"tag-finland","14":"tag-finnish","15":"tag-hevoselaimet","16":"tag-julkkikset","17":"tag-kavioelaimet","18":"tag-nisakkaat","19":"tag-selkarankaiset","20":"tag-suomi","21":"tag-viihde"},"share_on_mastodon":{"url":"https:\/\/pubeurope.com\/@fi\/115704885847418959","error":""},"_links":{"self":[{"href":"https:\/\/www.europesays.com\/fi\/wp-json\/wp\/v2\/posts\/114200","targetHints":{"allow":["GET"]}}],"collection":[{"href":"https:\/\/www.europesays.com\/fi\/wp-json\/wp\/v2\/posts"}],"about":[{"href":"https:\/\/www.europesays.com\/fi\/wp-json\/wp\/v2\/types\/post"}],"author":[{"embeddable":true,"href":"https:\/\/www.europesays.com\/fi\/wp-json\/wp\/v2\/users\/2"}],"replies":[{"embeddable":true,"href":"https:\/\/www.europesays.com\/fi\/wp-json\/wp\/v2\/comments?post=114200"}],"version-history":[{"count":0,"href":"https:\/\/www.europesays.com\/fi\/wp-json\/wp\/v2\/posts\/114200\/revisions"}],"wp:featuredmedia":[{"embeddable":true,"href":"https:\/\/www.europesays.com\/fi\/wp-json\/wp\/v2\/media\/114201"}],"wp:attachment":[{"href":"https:\/\/www.europesays.com\/fi\/wp-json\/wp\/v2\/media?parent=114200"}],"wp:term":[{"taxonomy":"category","embeddable":true,"href":"https:\/\/www.europesays.com\/fi\/wp-json\/wp\/v2\/categories?post=114200"},{"taxonomy":"post_tag","embeddable":true,"href":"https:\/\/www.europesays.com\/fi\/wp-json\/wp\/v2\/tags?post=114200"}],"curies":[{"name":"wp","href":"https:\/\/api.w.org\/{rel}","templated":true}]}}