{"id":114211,"date":"2025-12-12T05:24:11","date_gmt":"2025-12-12T05:24:11","guid":{"rendered":"https:\/\/www.europesays.com\/fi\/114211\/"},"modified":"2025-12-12T05:24:11","modified_gmt":"2025-12-12T05:24:11","slug":"trump-epavarma-yhdysvaltojen-osallistumisesta-ukraina-kokoukseen","status":"publish","type":"post","link":"https:\/\/www.europesays.com\/fi\/114211\/","title":{"rendered":"Trump ep\u00e4varma Yhdysvaltojen osallistumisesta Ukraina-kokoukseen"},"content":{"rendered":"<p>T\u00e4m\u00e4 tiedet\u00e4\u00e4n|Trump ei halua keskustella turhaan, aluekysymyksest\u00e4 ei ole sopua ja turvatakuutkin ovat auki.<\/p>\n<p class=\"article-body mb-nof-24 px-nof-16\">Yritykset lopettaa Ven\u00e4j\u00e4n hy\u00f6kk\u00e4yssota Ukrainassa jatkuvat. T\u00e4ll\u00e4 hetkell\u00e4 sek\u00e4 Ukraina ett\u00e4 Yhdysvallat vaikuttavat jossain m\u00e4\u00e4rin pettyneilt\u00e4 tilanteeseen.<\/p>\n<p class=\"article-body mb-nof-24 px-nof-16\">T\u00e4ss\u00e4 katsaus keskustelujen t\u00e4m\u00e4nhetkiseen tilanteeseen.<\/p>\n<p>Trump pohtii, onko tuleva tapaaminen turha<\/p>\n<p class=\"article-body mb-nof-24 px-nof-16\">Yhdysvaltojen presidentti <a class=\"article-personlink\" href=\"https:\/\/www.hs.fi\/haku\/?query=Donald%20Trump\" rel=\"nofollow noopener\" target=\"_blank\">Donald Trump<\/a> aikoo l\u00e4hett\u00e4\u00e4 edustajan viikonloppuna pidett\u00e4viin Ukrainaa koskeviin keskusteluihin vain, jos mahdollisuudet n\u00e4ytt\u00e4v\u00e4t hyvilt\u00e4 sen suhteen, ett\u00e4 tulitauko\u00adsopimuksen aikaan saamisessa voitaisiin edet\u00e4.<\/p>\n<p class=\"article-body mb-nof-24 px-nof-16\">\u201dSaa n\u00e4hd\u00e4, osallistummeko me kokoukseen vai emme\u201d, Trump sanoi uutistoimisto Reutersin mukaan varhain perjantaina Suomen aikaa.<\/p>\n<p class=\"article-body mb-nof-24 px-nof-16\">\u201dOsallistumme kokoukseen lauantaina Euroopassa, jos meist\u00e4 n\u00e4ytt\u00e4\u00e4, ett\u00e4 on hyv\u00e4t mahdollisuudet. Emmek\u00e4 halua tuhlata paljoa aikaa, jos ajattelemme, ett\u00e4 ei ole.\u201d<\/p>\n<p class=\"article-body mb-nof-24 px-nof-16\">Ukrainan tilanteesta on m\u00e4\u00e4r\u00e4 keskustella lauantaina Pariisissa. Keskusteluihin ovat osallistumassa ainakin Ukrainan, Ranskan, Saksan ja Britannian edustajat, kertoo uutissivusto <a class=\"article-genericlink\" href=\"https:\/\/www.axios.com\/2025\/12\/11\/ukraine-talks-paris-saturday-trump-plan\" rel=\"nofollow noopener\" target=\"_blank\">Axios<\/a>.<\/p>\n<p>Zelenskyi: Aluekiista hiert\u00e4\u00e4 yh\u00e4<\/p>\n<p class=\"article-body mb-nof-24 px-nof-16\">Ukrainan presidentti <a class=\"article-personlink\" href=\"https:\/\/www.hs.fi\/haku\/?query=Volodymyr%20Zelenskyi\" rel=\"nofollow noopener\" target=\"_blank\">Volodymyr Zelenskyi<\/a> kertoi torstaina, ett\u00e4 Yhdysvallat haluaa yh\u00e4 Ukrainan luovuttavan Ven\u00e4j\u00e4lle my\u00f6s sellaisia alueita, joita Ven\u00e4j\u00e4 ei ole vallannut.<\/p>\n<p class=\"article-body mb-nof-24 px-nof-16\">Zelenskyin mukaan Yhdysvallat on antanut p\u00e4ivitetyn, 20-kohtaisen luonnoksen rauhansuunnitelmaksi. Yhdysvallat on ehdottanut kompromissia, jossa Ven\u00e4j\u00e4n vaatiman Donbasin Ukrainan hallussa olevista osista teht\u00e4isiin \u201dvapaa talousalue\u201d.<\/p>\n<p class=\"article-body mb-nof-24 px-nof-16\">Aluekysymyksest\u00e4 ei ole edelleenk\u00e4\u00e4n yhteisymm\u00e4rryst\u00e4, Zelenskyi sanoi.<\/p>\n<p>Trump lupaili turva-apua, ei maininnut takuita<\/p>\n<p class=\"article-body mb-nof-24 px-nof-16\">Trump lupaili torstaina jossain m\u00e4\u00e4rin ep\u00e4m\u00e4\u00e4r\u00e4isin sanank\u00e4\u00e4ntein, ett\u00e4 Yhdysvallat on valmis auttamaan Ukrainaa turvallisuusasioissa, jos rauhasta p\u00e4\u00e4st\u00e4\u00e4n sopuun.<\/p>\n<p class=\"article-body mb-nof-24 px-nof-16\">\u201dAuttaisimme turvallisuuden kanssa, koska se on minusta tarpeellinen tekij\u00e4, jotta asia saadaan hoidettua\u201d, Trump sanoi <a class=\"article-genericlink\" href=\"https:\/\/edition.cnn.com\/politics\/live-news\/trump-health-care-vote-venezuela-12-11-15?post-id=cmj22ks9b00003b6pf8xehp16\" rel=\"nofollow noopener\" target=\"_blank\">CNN:n<\/a> mukaan.<\/p>\n<p class=\"article-body mb-nof-24 px-nof-16\">Ukraina on kuitenkin vaatinut selkeit\u00e4 turvatakuita ja niist\u00e4 tehty\u00e4 parlamentissa ratifioitavaa sopimusta, kertoo Reuters.<\/p>\n<p>Aikaraja ep\u00e4m\u00e4\u00e4r\u00e4inen<\/p>\n<p class=\"article-body mb-nof-24 px-nof-16\">Trumpin kerrotaan m\u00e4\u00e4r\u00e4nneen Ukrainalle aikarajan, ett\u00e4 rauhansuunnitelma tulisi hyv\u00e4ksy\u00e4 jouluun menness\u00e4.<\/p>\n<p class=\"article-body mb-nof-24 px-nof-16\">Zelenskyi sanoi torstaina Reutersin mukaan, ettei Yhdysvallat ole antanut Ukrainalle ehdotonta aikataulua. H\u00e4n sanoi kuitenkin uskovansa, ett\u00e4 Yhdysvallat haluaisi tiedon Ukrainan kannasta jouluun menness\u00e4.<\/p>\n","protected":false},"excerpt":{"rendered":"T\u00e4m\u00e4 tiedet\u00e4\u00e4n|Trump ei halua keskustella turhaan, aluekysymyksest\u00e4 ei ole sopua ja turvatakuutkin ovat auki. Yritykset lopettaa Ven\u00e4j\u00e4n hy\u00f6kk\u00e4yssota&hellip;\n","protected":false},"author":2,"featured_media":114212,"comment_status":"","ping_status":"","sticky":false,"template":"","format":"standard","meta":{"footnotes":""},"categories":[14],"tags":[22,23,26,27,33,31,30,17,46,24,25,28,29,15,18,21,32,19,20,56,16,59,60,61],"class_list":{"0":"post-114211","1":"post","2":"type-post","3":"status-publish","4":"format-standard","5":"has-post-thumbnail","7":"category-ulkomaat","8":"tag-breaking-news","9":"tag-breakingnews","10":"tag-featured-news","11":"tag-featurednews","12":"tag-fi","13":"tag-finland","14":"tag-finnish","15":"tag-headlines","16":"tag-helsingin-sanomat","17":"tag-latest-news","18":"tag-latestnews","19":"tag-main-news","20":"tag-mainnews","21":"tag-news","22":"tag-otsikot","23":"tag-paauutiset","24":"tag-suomi","25":"tag-top-stories","26":"tag-topstories","27":"tag-ulkomaat","28":"tag-uutiset","29":"tag-world","30":"tag-world-news","31":"tag-worldnews"},"share_on_mastodon":{"url":"https:\/\/pubeurope.com\/@fi\/115704932902452273","error":""},"_links":{"self":[{"href":"https:\/\/www.europesays.com\/fi\/wp-json\/wp\/v2\/posts\/114211","targetHints":{"allow":["GET"]}}],"collection":[{"href":"https:\/\/www.europesays.com\/fi\/wp-json\/wp\/v2\/posts"}],"about":[{"href":"https:\/\/www.europesays.com\/fi\/wp-json\/wp\/v2\/types\/post"}],"author":[{"embeddable":true,"href":"https:\/\/www.europesays.com\/fi\/wp-json\/wp\/v2\/users\/2"}],"replies":[{"embeddable":true,"href":"https:\/\/www.europesays.com\/fi\/wp-json\/wp\/v2\/comments?post=114211"}],"version-history":[{"count":0,"href":"https:\/\/www.europesays.com\/fi\/wp-json\/wp\/v2\/posts\/114211\/revisions"}],"wp:featuredmedia":[{"embeddable":true,"href":"https:\/\/www.europesays.com\/fi\/wp-json\/wp\/v2\/media\/114212"}],"wp:attachment":[{"href":"https:\/\/www.europesays.com\/fi\/wp-json\/wp\/v2\/media?parent=114211"}],"wp:term":[{"taxonomy":"category","embeddable":true,"href":"https:\/\/www.europesays.com\/fi\/wp-json\/wp\/v2\/categories?post=114211"},{"taxonomy":"post_tag","embeddable":true,"href":"https:\/\/www.europesays.com\/fi\/wp-json\/wp\/v2\/tags?post=114211"}],"curies":[{"name":"wp","href":"https:\/\/api.w.org\/{rel}","templated":true}]}}