{"id":114215,"date":"2025-12-12T05:26:13","date_gmt":"2025-12-12T05:26:13","guid":{"rendered":"https:\/\/www.europesays.com\/fi\/114215\/"},"modified":"2025-12-12T05:26:13","modified_gmt":"2025-12-12T05:26:13","slug":"raju-vaanto-jatkui-yohon-asti-krista-kiuru-te-olette-pyyhkineet-lausunnolla","status":"publish","type":"post","link":"https:\/\/www.europesays.com\/fi\/114215\/","title":{"rendered":"Raju v\u00e4\u00e4nt\u00f6 jatkui y\u00f6h\u00f6n asti \u2013 Krista Kiuru: \u201dTe olette pyyhkineet lausunnolla&#8230;\u201d"},"content":{"rendered":"<p>Keskustelu irtisanomislaista ven\u00e4hti pikkutunneille. T\u00e4ss\u00e4 y\u00f6n kohokohdat.<\/p>\n<p><img decoding=\"async\" class=\"image image-show image-preview\" src=\"https:\/\/www.europesays.com\/fi\/wp-content\/uploads\/2025\/12\/8675eab69cc0b1e123bc7acf177d34ebfb7f62582f6d2ffb8b8a360fcf26d6dc.jpg\" alt=\"\"\/><img decoding=\"async\" class=\"image image-show\" src=\"https:\/\/www.europesays.com\/fi\/wp-content\/uploads\/2025\/12\/1765517173_488_8675eab69cc0b1e123bc7acf177d34ebfb7f62582f6d2ffb8b8a360fcf26d6dc.jpg\" alt=\"\"\/><\/p>\n<p>Lakiesityksen k\u00e4sittely j\u00e4i perjantain vastaisena y\u00f6n\u00e4 kesken. Kaisa Vehkalahti<\/p>\n<ul>\n<li>Eduskunnan t\u00e4ysistunto irtisanomislakiesityksest\u00e4 jatkui aamukahteen saakka.<\/li>\n<li>SDP k\u00e4ytti suurimman osan puheenvuoroista.<\/li>\n<li>Keskustelu jatkuu t\u00e4n\u00e4\u00e4n perjantaina.<\/li>\n<\/ul>\n<p class=\"paragraph\">Oppositiopuolue SDP k\u00e4ytti suurimman osan y\u00f6n puheenvuoroista. My\u00f6s muista oppositiopuolueista pidettiin puheenvuoroja. Hallituspuolueiden edustajat puolustivat lakiesityst\u00e4.<\/p>\n<p>\u201dT\u00e4m\u00e4 ei ole potkulaki\u201d<\/p>\n<p class=\"paragraph\"><a href=\"https:\/\/www.iltalehti.fi\/henkilot\/Arto Satonen\" class=\"article-link-person-page\" rel=\"nofollow noopener\" target=\"_blank\">Arto Satonen<\/a> (kok) korosti puheenvuorossaan, ett\u00e4 jatkossakin irtisanomiseen tarvittaisiin aina asiallinen syy. Laki ei my\u00f6sk\u00e4\u00e4n vaikuttaisi tuotannollistaloudellisten irtisanomissyiden perusteisiin, vaan ainoastaan henkil\u00f6kohtaisista syist\u00e4 johtuvia irtisanomisia helpotettaisiin.<\/p>\n<p class=\"paragraph\">\u2013 T\u00e4m\u00e4 ei ole potkulaki, t\u00e4m\u00e4 ei ole p\u00e4rst\u00e4kerroinirtisanomista eik\u00e4 mit\u00e4\u00e4n t\u00e4llaista, Satonen sanoo.<\/p>\n<p class=\"paragraph\">My\u00f6s <a href=\"https:\/\/www.iltalehti.fi\/henkilot\/Merja Rasinkangas\" class=\"article-link-person-page\" rel=\"nofollow noopener\" target=\"_blank\">Merja Rasinkangas<\/a> (ps) korosti, ett\u00e4 lakiesityksen tavoitteena on helpottaa erityisesti pienten ja keskikokoisten yritysten toimintaa ja sen my\u00f6t\u00e4 vahvistaa taloutta laajemminkin.<\/p>\n<p class=\"paragraph\">\u2013 Mik\u00e4 muuttuu nyt on se, ett\u00e4 yritt\u00e4j\u00e4t uskaltavat palkata herkemmin ty\u00f6ntekij\u00e4n, Rasinkangas sanoo.<\/p>\n<p class=\"paragraph\">Keskustan ehdotus on, ett\u00e4 irtisanomiskynnyksen madallus pit\u00e4isi rajata koskemaan vain pienempi\u00e4 yrityksi\u00e4. Julkisen puolen naisvaltaiset alat rajattaisiin ulos.<\/p>\n<p class=\"paragraph\">\u2013 Me n\u00e4hd\u00e4\u00e4n, ett\u00e4 t\u00e4m\u00e4 on sellainen malli joka tulee vastaan molempia puolia, <a href=\"https:\/\/www.iltalehti.fi\/henkilot\/Olga Oinas-Panuma\" class=\"article-link-person-page\" rel=\"nofollow noopener\" target=\"_blank\">Olga Oinas-Panuma<\/a> (kesk) kertoo.<\/p>\n<p>\u201dLuottamuksen puute\u201d<\/p>\n<p class=\"paragraph\">SDP:n puheenjohtaja <a href=\"https:\/\/www.iltalehti.fi\/henkilot\/Antti Lindtman\" class=\"article-link-person-page\" rel=\"nofollow noopener\" target=\"_blank\">Antti Lindtman<\/a> nosti puheenvuorossaan esiin hallituksen asettaman tavoitteen 100\u00a0000 uudesta ty\u00f6paikasta.<\/p>\n<p class=\"paragraph\">\u2013 En halua ilkkua t\u00e4lle lupaukselle, Lindtman sanoo puheenvuorossa, mutta huomauttaa, ett\u00e4 tavoite on viel\u00e4 saavuttamatta.<\/p>\n<p class=\"paragraph\">Lindtman lainaa puheenvuorossaan Satosen aiemmin syksyll\u00e4 tekem\u00e4\u00e4 kommenttia \u201dluottamuksen lukosta\u201d, joka haittaa talouskasvua.<\/p>\n<p class=\"paragraph\">\u2013 Luottamuksen puute on se syy, mink\u00e4 takia Suomeen ei ole tullut sataatuhatta uutta ty\u00f6paikkaa, Lindtman sanoo.<\/p>\n<p class=\"paragraph\">Lindtman kertoi puheenvuorossaan haluavansa koko eduskunnan tarttuvan yhteisesti ty\u00f6tt\u00f6myyden ratkaisemiseen samalla tavalla kuin maan <a href=\"https:\/\/www.iltalehti.fi\/politiikka\/9687b127-d3f0-460d-af37-c037f9b0109a\" rel=\"nofollow noopener\" target=\"_blank\">velkaantumisen<\/a> hillitsemiseen.<\/p>\n<p class=\"paragraph\">\u2013 Samanlaista henke\u00e4 tarvittaisiin ty\u00f6tt\u00f6myyden nujertamiseen, Lindtman sanoo.<\/p>\n<p>\u201dKuin muulit\u201d<\/p>\n<p class=\"paragraph\">SDP:n edustajan <a href=\"https:\/\/www.iltalehti.fi\/henkilot\/Krista Kiuru\" class=\"article-link-person-page\" rel=\"nofollow noopener\" target=\"_blank\">Krista Kiurun<\/a> mielest\u00e4 ty\u00f6el\u00e4m\u00e4n valiokunta on ohittanut perustuslakivaliokunnan <a href=\"https:\/\/www.iltalehti.fi\/politiikka\/2a5b4953-e0ab-43f8-ad08-623571fd5ddc\" rel=\"nofollow noopener\" target=\"_blank\">palautteen<\/a> lakiesityksest\u00e4.<\/p>\n<p class=\"paragraph\">\u2013 Te olette pyyhkineet lausunnolla&#8230; t\u00e4h\u00e4n aikaan illasta ei voi sanoa muuta kuin p\u00f6yt\u00e4\u00e4! Kiuru sanailee yhdess\u00e4 illan viimeisist\u00e4 puheenvuoroista.<\/p>\n<p class=\"paragraph\">Kiuru vertasi osaa valiokunnan j\u00e4senist\u00e4 j\u00e4\u00e4r\u00e4p\u00e4isiin muuleihin, jotka istuvat \u201dkuulematta ja n\u00e4kem\u00e4tt\u00e4 mit\u00e4\u00e4n\u201d.<\/p>\n<p class=\"paragraph\">Puolue ei ole lakiesityksen nykymuotoon tyytyv\u00e4inen.<\/p>\n<p class=\"paragraph\">\u2013 Vastustamme vakavasti ja painavasti ja asiallisin perustein, Kiurun voi kuulla huudahtavan viel\u00e4 lehterilt\u00e4 poistuessaan.<\/p>\n<p>\u201dUudistus on hyv\u00e4\u201d<\/p>\n<p class=\"paragraph\">Y\u00f6n viimeiseksi puhujaksi j\u00e4i <a href=\"https:\/\/www.iltalehti.fi\/henkilot\/Henrik Vuornos\" class=\"article-link-person-page\" rel=\"nofollow noopener\" target=\"_blank\">Henrik Vuornos<\/a> (kok), joka vastasi oppositiopuolueiden puheenvuoroissa esiin nostettuihin kritiikkeihin lakiesityksen k\u00e4sittelyst\u00e4 ja mahdollisista vaikutuksista.<\/p>\n<p class=\"paragraph\">Vuornos sanoo, ett\u00e4 perustuslakivaliokunnalla ei ollut ongelmia irtisanomiskynnyksen suhteen, mutta s\u00e4\u00e4ntelyyn kaivattiin tarkkarajaisuutta.<\/p>\n<p class=\"paragraph\">Perustuslakivaliokunnan arvio otettiin Vuornoksen mukaan \u201dvakavalla mielell\u00e4\u201d huomioon ty\u00f6el\u00e4m\u00e4- ja tasa-arvovaliokunnassa.<\/p>\n<p class=\"paragraph\">Vuornos vastasi my\u00f6s kritiikkiin sukupuolisyrjinn\u00e4st\u00e4 ja kansainv\u00e4lisist\u00e4 s\u00e4\u00e4d\u00f6ksist\u00e4.<\/p>\n<p class=\"paragraph\">Esimerkiksi tuotannollistaloudellisessa irtisanomisessa on huomattavasti suurempi mahdollisuus raskaussyrjint\u00e4\u00e4n, sanoo Vuornos.<\/p>\n<p class=\"paragraph\">Vuornoksen mielest\u00e4 olisi \u201duhkarohkeaa\u201d, jos ty\u00f6nantaja k\u00e4ytt\u00e4isi henkil\u00f6perusteista syyt\u00e4 irtisanoakseen raskaana olevan ty\u00f6ntekij\u00e4n.<\/p>\n<p class=\"paragraph\">\u2013 Uudistus on hyv\u00e4, ja sille on hyv\u00e4t ja asialliset perusteet vied\u00e4 sit\u00e4 eteenp\u00e4in, Vuornos kommentoi lakiesityst\u00e4.<\/p>\n<p>Iltap\u00e4iv\u00e4ll\u00e4 jatketaan<\/p>\n<p class=\"paragraph\">T\u00e4ysistunto p\u00e4\u00e4ttyi kello kahdelta. Ty\u00f6lains\u00e4\u00e4d\u00e4nn\u00f6n takia t\u00e4ysistuntoa ei voitu jatkaa pidemm\u00e4lle.<\/p>\n<p class=\"paragraph\">Pidettyj\u00e4 puheenvuoroja oli kahteen menness\u00e4 102. Puheenvuoropyynt\u00f6j\u00e4, jotka j\u00e4iv\u00e4t toteutumatta, oli 29.<\/p>\n<p class=\"paragraph\">Keskustelu jatkuu perjantaina uudessa t\u00e4ysistunnossa.<\/p>\n","protected":false},"excerpt":{"rendered":"Keskustelu irtisanomislaista ven\u00e4hti pikkutunneille. T\u00e4ss\u00e4 y\u00f6n kohokohdat. Lakiesityksen k\u00e4sittely j\u00e4i perjantain vastaisena y\u00f6n\u00e4 kesken. Kaisa Vehkalahti Eduskunnan t\u00e4ysistunto&hellip;\n","protected":false},"author":2,"featured_media":114216,"comment_status":"","ping_status":"","sticky":false,"template":"","format":"standard","meta":{"footnotes":""},"categories":[5],"tags":[35,22,23,26,27,33,31,30,17,24,25,28,29,15,18,21,637,886,888,885,887,32,19,20,16],"class_list":{"0":"post-114215","1":"post","2":"type-post","3":"status-publish","4":"format-standard","5":"has-post-thumbnail","7":"category-otsikot","8":"tag-24h","9":"tag-breaking-news","10":"tag-breakingnews","11":"tag-featured-news","12":"tag-featurednews","13":"tag-fi","14":"tag-finland","15":"tag-finnish","16":"tag-headlines","17":"tag-latest-news","18":"tag-latestnews","19":"tag-main-news","20":"tag-mainnews","21":"tag-news","22":"tag-otsikot","23":"tag-paauutiset","24":"tag-politiikka","25":"tag-puolueet","26":"tag-suomalaiset-poliitikot","27":"tag-suomen-poliittiset-puolueet","28":"tag-suomen-politiikka","29":"tag-suomi","30":"tag-top-stories","31":"tag-topstories","32":"tag-uutiset"},"share_on_mastodon":{"url":"https:\/\/pubeurope.com\/@fi\/115704940856487950","error":""},"_links":{"self":[{"href":"https:\/\/www.europesays.com\/fi\/wp-json\/wp\/v2\/posts\/114215","targetHints":{"allow":["GET"]}}],"collection":[{"href":"https:\/\/www.europesays.com\/fi\/wp-json\/wp\/v2\/posts"}],"about":[{"href":"https:\/\/www.europesays.com\/fi\/wp-json\/wp\/v2\/types\/post"}],"author":[{"embeddable":true,"href":"https:\/\/www.europesays.com\/fi\/wp-json\/wp\/v2\/users\/2"}],"replies":[{"embeddable":true,"href":"https:\/\/www.europesays.com\/fi\/wp-json\/wp\/v2\/comments?post=114215"}],"version-history":[{"count":0,"href":"https:\/\/www.europesays.com\/fi\/wp-json\/wp\/v2\/posts\/114215\/revisions"}],"wp:featuredmedia":[{"embeddable":true,"href":"https:\/\/www.europesays.com\/fi\/wp-json\/wp\/v2\/media\/114216"}],"wp:attachment":[{"href":"https:\/\/www.europesays.com\/fi\/wp-json\/wp\/v2\/media?parent=114215"}],"wp:term":[{"taxonomy":"category","embeddable":true,"href":"https:\/\/www.europesays.com\/fi\/wp-json\/wp\/v2\/categories?post=114215"},{"taxonomy":"post_tag","embeddable":true,"href":"https:\/\/www.europesays.com\/fi\/wp-json\/wp\/v2\/tags?post=114215"}],"curies":[{"name":"wp","href":"https:\/\/api.w.org\/{rel}","templated":true}]}}