{"id":114217,"date":"2025-12-12T05:37:12","date_gmt":"2025-12-12T05:37:12","guid":{"rendered":"https:\/\/www.europesays.com\/fi\/114217\/"},"modified":"2025-12-12T05:37:12","modified_gmt":"2025-12-12T05:37:12","slug":"suomalainen-jolla-esitteli-uuden-alypuhelimen-tarvittava-tilausmaara-saavutettiin-nopeasti-puhelinvertailu","status":"publish","type":"post","link":"https:\/\/www.europesays.com\/fi\/114217\/","title":{"rendered":"Suomalainen Jolla esitteli uuden \u00e4lypuhelimen &#8211; tarvittava tilausm\u00e4\u00e4r\u00e4 saavutettiin nopeasti &#8211; Puhelinvertailu"},"content":{"rendered":"<ol>\n<li><a href=\"https:\/\/news.google.com\/rss\/articles\/CBMikwFBVV95cUxQT1VCZkhoSG5RTGY2TVowQnhtaGZ2NkNCY1d3dDRSSG50c216RGRxR2lZc1NEc3psMkstQ3oyNXRJZTR6NHlBN2g1M0RQY1RuZlhGcnBWNjcyY09yYWQxQTFETnJWXzlCdUVNR3JoclF0TUo4NzVrN0xmcHNuV1BGRFRBN2lGazZzeUowU3QyRFpVMnfSAZgBQVVfeXFMTnNzRlRsWW44Q1pvYUhkQWtkYURsWDVWY0pCRHJVN2pKelQ3d2dfX0dzaTZoVmNVQnBsV1JycFVqMkZZVnVrRkJoY1liUkRzcXJIMWFDdDN4bXVSSjgyX01wc1RyWnFCSXBYQVhCQ0FVejNfa0NFLVlfZnhib29iWHJkUmh6Q0owa2xjSllKQmpnRllUM0VyQkI?oc=5\" target=\"_blank\" rel=\"nofollow noopener\">Suomalainen Jolla esitteli uuden \u00e4lypuhelimen &#8211; tarvittava tilausm\u00e4\u00e4r\u00e4 saavutettiin nopeasti<\/a>&nbsp;&nbsp;Puhelinvertailu<\/li>\n<li><a href=\"https:\/\/news.google.com\/rss\/articles\/CBMiSEFVX3lxTFAtS2hjd0lVRXVfb1puLW1nRWhrTFJWLV91RHhLVy1ORlJ3QmNRUFFBdVZPUWJ1Z1ZqWWFCMEdtZHJmQ2hKNFVRWA?oc=5\" target=\"_blank\" rel=\"nofollow noopener\">Puhelinvalmistus palaa Saloon, mutta mit\u00e4 Jolla oikeasti tekee?<\/a>&nbsp;&nbsp;ts.fi<\/li>\n<li><a href=\"https:\/\/news.google.com\/rss\/articles\/CBMiakFVX3lxTFBOYmRTakNkX1lmdVhnNVVZdXhEeS1MTkl1bi1ETjZvNURuWkxqeWliZzc5enZfaE0yc2lXajNkQUdPSmJnRU95R2dEbHBCNjRfa1hFWXlaUldSQnJjZUQtcVFHY0ZQZEt1M0E?oc=5\" target=\"_blank\" rel=\"nofollow noopener\">Suomessa julkaistiin uusi puhelin \u2013 tuhannet riensiv\u00e4t tilaamaan<\/a>&nbsp;&nbsp;Ilta-Sanomat<\/li>\n<li><a href=\"https:\/\/news.google.com\/rss\/articles\/CBMifkFVX3lxTE1xQlpqdWNic1JzWUtMQVF1aC1WN1BBb3VSZWVROVUwMTRZZVFQQUxRek9tMlNmWlJKWlhWTWhwd3MwNjFrTncxSjE0c2NpVXdmZ1BUUW9EczAwVzVSZFQ3UG5Ob0dyRFlSVzhCOGRpSGVEbFMwNEQ4VzREb3oxUQ?oc=5\" target=\"_blank\" rel=\"nofollow noopener\">Suomalainen puhelinvalmistaja teki paluun: ostorynt\u00e4ys<\/a>&nbsp;&nbsp;Talousel\u00e4m\u00e4<\/li>\n<li><a href=\"https:\/\/news.google.com\/rss\/articles\/CBMikwFBVV95cUxPTlFUTlJxR21qMGFwbU8zMHlXeVg4Z3pQQ3IxSmhFT3NBbENGczBZYVI5aDZsRjd6TlRhbmV6SnpCeXZLYmJqUnhicDlfMHh1T1YzTnJnQ0R3ZnVrNlhvaTlYaC1SczZEVFJBNFFLVHNmTUI3US1IMm92eTd2dVdFaG1FbEJ1MXBKWTJzekNKWmd2YTQ?oc=5\" target=\"_blank\" rel=\"nofollow noopener\">Jolla julkisti seuraavan sukupolven Jolla Phone -puhelimen &#8211; loppukokoonpano tapahtuu Salossa<\/a>&nbsp;&nbsp;io-tech.fi<\/li>\n<\/ol>\n","protected":false},"excerpt":{"rendered":"Suomalainen Jolla esitteli uuden \u00e4lypuhelimen &#8211; tarvittava tilausm\u00e4\u00e4r\u00e4 saavutettiin nopeasti&nbsp;&nbsp;Puhelinvertailu Puhelinvalmistus palaa Saloon, mutta mit\u00e4 Jolla oikeasti tekee?&nbsp;&nbsp;ts.fi&hellip;\n","protected":false},"author":2,"featured_media":114218,"comment_status":"","ping_status":"","sticky":false,"template":"","format":"standard","meta":{"footnotes":""},"categories":[85],"tags":[33,31,30,419,418,32,91,92],"class_list":{"0":"post-114217","1":"post","2":"type-post","3":"status-publish","4":"format-standard","5":"has-post-thumbnail","7":"category-mobiili","8":"tag-fi","9":"tag-finland","10":"tag-finnish","11":"tag-mobiili","12":"tag-mobile","13":"tag-suomi","14":"tag-technology","15":"tag-teknologia"},"share_on_mastodon":{"url":"https:\/\/pubeurope.com\/@fi\/115704983907299996","error":""},"_links":{"self":[{"href":"https:\/\/www.europesays.com\/fi\/wp-json\/wp\/v2\/posts\/114217","targetHints":{"allow":["GET"]}}],"collection":[{"href":"https:\/\/www.europesays.com\/fi\/wp-json\/wp\/v2\/posts"}],"about":[{"href":"https:\/\/www.europesays.com\/fi\/wp-json\/wp\/v2\/types\/post"}],"author":[{"embeddable":true,"href":"https:\/\/www.europesays.com\/fi\/wp-json\/wp\/v2\/users\/2"}],"replies":[{"embeddable":true,"href":"https:\/\/www.europesays.com\/fi\/wp-json\/wp\/v2\/comments?post=114217"}],"version-history":[{"count":0,"href":"https:\/\/www.europesays.com\/fi\/wp-json\/wp\/v2\/posts\/114217\/revisions"}],"wp:featuredmedia":[{"embeddable":true,"href":"https:\/\/www.europesays.com\/fi\/wp-json\/wp\/v2\/media\/114218"}],"wp:attachment":[{"href":"https:\/\/www.europesays.com\/fi\/wp-json\/wp\/v2\/media?parent=114217"}],"wp:term":[{"taxonomy":"category","embeddable":true,"href":"https:\/\/www.europesays.com\/fi\/wp-json\/wp\/v2\/categories?post=114217"},{"taxonomy":"post_tag","embeddable":true,"href":"https:\/\/www.europesays.com\/fi\/wp-json\/wp\/v2\/tags?post=114217"}],"curies":[{"name":"wp","href":"https:\/\/api.w.org\/{rel}","templated":true}]}}