{"id":114219,"date":"2025-12-12T05:41:09","date_gmt":"2025-12-12T05:41:09","guid":{"rendered":"https:\/\/www.europesays.com\/fi\/114219\/"},"modified":"2025-12-12T05:41:09","modified_gmt":"2025-12-12T05:41:09","slug":"amazing-race-suomi-ulostetehtava-herattaa-keskustelua-tuotanto-vastaa-kritiikkiin","status":"publish","type":"post","link":"https:\/\/www.europesays.com\/fi\/114219\/","title":{"rendered":"Amazing Race Suomi: Ulosteteht\u00e4v\u00e4 her\u00e4tt\u00e4\u00e4 keskustelua &#8211; Tuotanto vastaa kritiikkiin"},"content":{"rendered":"<p class=\"article-content article-content-width !bg-background\">Osa tv-katsojista on kritisoinut Ruutu+-palvelussa n\u00e4ht\u00e4v\u00e4n seuraavan\u00a0Amazing Race Suomi -jakson teht\u00e4v\u00e4\u00e4, jossa kilpailijat joutuvat ty\u00f6skentelem\u00e4\u00e4n paljain k\u00e4sin ulosteen kanssa.<\/p>\n<p class=\"font-weight-bold m-font-weight-bold article-content article-content-width !bg-background\">Video: Amazing Race -kilpailijoiden erikoiset ravintolakokemukset.\u00a0<\/p>\n<p class=\"article-content article-content-width !bg-background\">Aihe on her\u00e4tt\u00e4nyt keskustelua esimerkiksi Jodel-viestint\u00e4palvelussa. Moni ihmettelee, miksi tuotanto ei tarjonnut kilpailijoille suojak\u00e4sineit\u00e4.<\/p>\n<p class=\"article-content article-content-width !bg-background\">Ohjelman vastaava tuottaja <a alt=\"Haku\" class=\"text-primary-red font-extrabold\" href=\"https:\/\/www.seiska.fi\/haku?q=Petra Martikainen\" rel=\"nofollow noopener\" target=\"_blank\">Petra Martikainen<\/a> kertoo nyt Katsolle, ett\u00e4 todellisuudessa kisaajille oli hanskoja tarjolla.<\/p>\n<p class=\"article-content article-content-width !bg-background\"> \u2013 Kummankin teht\u00e4v\u00e4pisteen v\u00e4litt\u00f6m\u00e4ss\u00e4 l\u00e4heisyydess\u00e4 oli my\u00f6s k\u00e4sienpesupaikka sek\u00e4 desinfiointitarvikkeita. Tiimit k\u00e4viv\u00e4t pisteell\u00e4 ennen teht\u00e4v\u00e4suoritusta ja sen j\u00e4lkeen, Petra viestitt\u00e4\u00e4.<\/p>\n<p class=\"article-content article-content-width !bg-background\">Tuotanto kertoo testaavansa itse ohjelmassa n\u00e4ht\u00e4v\u00e4t teht\u00e4v\u00e4t.<\/p>\n<p class=\"article-content article-content-width !bg-background\"> \u2013 T\u00e4t\u00e4 kautta luomme protokollan teht\u00e4v\u00e4n turvalliselle suorittamiselle.<\/p>\n<p>Ei lis\u00e4toimenpiteit\u00e4<\/p>\n<p class=\"article-content article-content-width !bg-background\">Tuotanto varmisti, ett\u00e4 jokainen kilpailija pesee ja desinfioi k\u00e4tens\u00e4 huolellisesti suorituksensa j\u00e4lkeen.<\/p>\n<p class=\"article-content article-content-width !bg-background\"> \u2013 Lis\u00e4ksi turvallisuusvastaavamme teippasi ja peitti kaikki haavat, hiertym\u00e4t ja haavaumat, mik\u00e4li kilpailijalla niit\u00e4 oli.<\/p>\n<p class=\"article-content article-content-width !bg-background\">Edellisess\u00e4 jaksossa osa kilpailijoista suoritti sipulinkuorintateht\u00e4v\u00e4n. Se aiheutti kirvely\u00e4 kynsien alla. Osa tv-kansasta pohti, tekik\u00f6 t\u00e4m\u00e4 teht\u00e4v\u00e4n suorittamisesta tukalaa.\u00a0<\/p>\n<p class=\"article-content article-content-width !bg-background\"> \u2013 Sipuliteht\u00e4v\u00e4st\u00e4 oli kulunut tuossa kohtaa jo muutamia p\u00e4ivi\u00e4, joten teht\u00e4vien j\u00e4rjestys ei aiheuttanut lis\u00e4toimenpiteit\u00e4.<\/p>\n<p class=\"italic m-italic article-content article-content-width !bg-background\">Amazing Race Suomi lauantaisin Nelosella ja Ruudussa.\u00a0<\/p>\n","protected":false},"excerpt":{"rendered":"Osa tv-katsojista on kritisoinut Ruutu+-palvelussa n\u00e4ht\u00e4v\u00e4n seuraavan\u00a0Amazing Race Suomi -jakson teht\u00e4v\u00e4\u00e4, jossa kilpailijat joutuvat ty\u00f6skentelem\u00e4\u00e4n paljain k\u00e4sin ulosteen&hellip;\n","protected":false},"author":2,"featured_media":114220,"comment_status":"","ping_status":"","sticky":false,"template":"","format":"standard","meta":{"footnotes":""},"categories":[133],"tags":[3177,137,33,31,30,9635,1750,1758,18460,2158,32,206,9755,156,20981,109,2213],"class_list":{"0":"post-114219","1":"post","2":"type-post","3":"status-publish","4":"format-standard","5":"has-post-thumbnail","7":"category-televisiot","8":"tag-amazing-race-suomi","9":"tag-entertainment","10":"tag-fi","11":"tag-finland","12":"tag-finnish","13":"tag-jodel","14":"tag-kohu","15":"tag-nelonen","16":"tag-petra-martikainen","17":"tag-ruutu","18":"tag-suomi","19":"tag-televisiot","20":"tag-tuotanto","21":"tag-tv","22":"tag-ulostetehtava","23":"tag-viihde","24":"tag-viihdeohjelma"},"share_on_mastodon":{"url":"https:\/\/pubeurope.com\/@fi\/115704999702531478","error":""},"_links":{"self":[{"href":"https:\/\/www.europesays.com\/fi\/wp-json\/wp\/v2\/posts\/114219","targetHints":{"allow":["GET"]}}],"collection":[{"href":"https:\/\/www.europesays.com\/fi\/wp-json\/wp\/v2\/posts"}],"about":[{"href":"https:\/\/www.europesays.com\/fi\/wp-json\/wp\/v2\/types\/post"}],"author":[{"embeddable":true,"href":"https:\/\/www.europesays.com\/fi\/wp-json\/wp\/v2\/users\/2"}],"replies":[{"embeddable":true,"href":"https:\/\/www.europesays.com\/fi\/wp-json\/wp\/v2\/comments?post=114219"}],"version-history":[{"count":0,"href":"https:\/\/www.europesays.com\/fi\/wp-json\/wp\/v2\/posts\/114219\/revisions"}],"wp:featuredmedia":[{"embeddable":true,"href":"https:\/\/www.europesays.com\/fi\/wp-json\/wp\/v2\/media\/114220"}],"wp:attachment":[{"href":"https:\/\/www.europesays.com\/fi\/wp-json\/wp\/v2\/media?parent=114219"}],"wp:term":[{"taxonomy":"category","embeddable":true,"href":"https:\/\/www.europesays.com\/fi\/wp-json\/wp\/v2\/categories?post=114219"},{"taxonomy":"post_tag","embeddable":true,"href":"https:\/\/www.europesays.com\/fi\/wp-json\/wp\/v2\/tags?post=114219"}],"curies":[{"name":"wp","href":"https:\/\/api.w.org\/{rel}","templated":true}]}}