{"id":114226,"date":"2025-12-12T05:50:10","date_gmt":"2025-12-12T05:50:10","guid":{"rendered":"https:\/\/www.europesays.com\/fi\/114226\/"},"modified":"2025-12-12T05:50:10","modified_gmt":"2025-12-12T05:50:10","slug":"thaimaan-parlamentti-hajoaa-paaministeri-ei-vaikuta-rajakonfliktiin","status":"publish","type":"post","link":"https:\/\/www.europesays.com\/fi\/114226\/","title":{"rendered":"Thaimaan parlamentti hajoaa \u2013 p\u00e4\u00e4ministeri: Ei vaikuta rajakonfliktiin"},"content":{"rendered":"<p>Kaakkois-Aasia|Trump lupasi j\u00e4lleen soittaa pari puhelua kertaalleen lopettamansa konfliktin ratkaisemiseksi.<\/p>\n<p class=\"article-body mb-nof-24 px-nof-16\">Thaimaan p\u00e4\u00e4ministeri <a class=\"article-personlink\" href=\"https:\/\/www.hs.fi\/haku\/?query=Anutin%20Charnvirakul\" rel=\"nofollow noopener\" target=\"_blank\">Anutin Charnvirakul<\/a> antoi torstaina ymm\u00e4rt\u00e4\u00e4, ett\u00e4 h\u00e4n pyyt\u00e4\u00e4 parlamentin hajottamista. My\u00f6hemmin kuningas <a class=\"article-personlink\" href=\"https:\/\/www.hs.fi\/haku\/?query=Maha%20Vajiralongkorn\" rel=\"nofollow noopener\" target=\"_blank\">Maha Vajiralongkorn<\/a> hyv\u00e4ksyi parlamentin hajottamisen, mik\u00e4 tarkoittaa ennenaikaisia vaaleja, kertoo uutistoimisto Reuters.<\/p>\n<p class=\"article-body mb-nof-24 px-nof-16\">Thaimaalla on parhaillaan meneill\u00e4\u00e4n rajakonflikti naapurimaa Kambod\u017ean kanssa. Maat ovat ampuneet toisiaan rajan yli muun muassa tykist\u00f6ll\u00e4. Ainakin 20 ihmist\u00e4 on kuollut ja puoli miljoonaa on paennut kodeistaan, kertoi sanomalehti <a class=\"article-genericlink\" href=\"https:\/\/www.theguardian.com\/world\/2025\/dec\/11\/thailand-cambodia-border-evacuation\" rel=\"nofollow noopener\" target=\"_blank\">The Guardian<\/a> torstaina.<\/p>\n<p class=\"article-body mb-nof-24 px-nof-16\">P\u00e4\u00e4ministeri ilmoitti perjantaina Reutersin mukaan, ettei parlamentin hajottaminen vaikuta sotilasoperaatioihin tai konfliktin hoitamiseen.<\/p>\n<p class=\"article-body mb-nof-24 px-nof-16\">Taistelujen kiihtyminen Thaimaan ja Kambod\u017ean v\u00e4lill\u00e4 on takaisku Yhdysvaltojen presidentille <a class=\"article-personlink\" href=\"https:\/\/www.hs.fi\/haku\/?query=Donald%20Trumpille\" rel=\"nofollow noopener\" target=\"_blank\">Donald Trumpille<\/a>. H\u00e4n oli n\u00e4kyv\u00e4sti v\u00e4litt\u00e4m\u00e4ss\u00e4 syksyll\u00e4 tehty\u00e4 rauhansopimusta, jonka oli tarkoitus lopettaa ajoittain leimahdellut rajakiista.<\/p>\n<p class=\"article-body mb-nof-24 px-nof-16\">Trump kommentoi konfliktia j\u00e4lleen varhain perjantaina Suomen aikaa uutistoimistojen mukaan sanomalla, ett\u00e4 h\u00e4n aikoo soittaa pari puhelua auttaakseen konfliktin sovittelussa. H\u00e4n ilmoitti my\u00f6s aiemmin t\u00e4ll\u00e4 viikolla, ett\u00e4 h\u00e4n aikoo soitella puheluja konfliktin takia.<\/p>\n<p class=\"article-body mb-nof-24 px-nof-16\">Thaimaan politiikka on ollut viime aikoina ep\u00e4vakaata. Anutin on jo kolmas p\u00e4\u00e4ministeri vuodesta 2023 l\u00e4htien. H\u00e4n on ehtinyt olla teht\u00e4v\u00e4ss\u00e4 vasta kolme kuukautta.<\/p>\n<p class=\"article-body mb-nof-24 px-nof-16\">P\u00e4\u00e4t\u00f6s hajottaa parlamentti johtuu siit\u00e4, ett\u00e4 Anutinin puolueella Bhumjaithailla ei en\u00e4\u00e4 ole kansanpuolueen tukea.<\/p>\n","protected":false},"excerpt":{"rendered":"Kaakkois-Aasia|Trump lupasi j\u00e4lleen soittaa pari puhelua kertaalleen lopettamansa konfliktin ratkaisemiseksi. Thaimaan p\u00e4\u00e4ministeri Anutin Charnvirakul antoi torstaina ymm\u00e4rt\u00e4\u00e4, ett\u00e4&hellip;\n","protected":false},"author":2,"featured_media":114227,"comment_status":"","ping_status":"","sticky":false,"template":"","format":"standard","meta":{"footnotes":""},"categories":[14],"tags":[22,23,26,27,33,31,30,17,46,24,25,28,29,15,18,21,32,19,20,56,16,59,60,61],"class_list":{"0":"post-114226","1":"post","2":"type-post","3":"status-publish","4":"format-standard","5":"has-post-thumbnail","7":"category-ulkomaat","8":"tag-breaking-news","9":"tag-breakingnews","10":"tag-featured-news","11":"tag-featurednews","12":"tag-fi","13":"tag-finland","14":"tag-finnish","15":"tag-headlines","16":"tag-helsingin-sanomat","17":"tag-latest-news","18":"tag-latestnews","19":"tag-main-news","20":"tag-mainnews","21":"tag-news","22":"tag-otsikot","23":"tag-paauutiset","24":"tag-suomi","25":"tag-top-stories","26":"tag-topstories","27":"tag-ulkomaat","28":"tag-uutiset","29":"tag-world","30":"tag-world-news","31":"tag-worldnews"},"share_on_mastodon":{"url":"https:\/\/pubeurope.com\/@fi\/115705035076830081","error":""},"_links":{"self":[{"href":"https:\/\/www.europesays.com\/fi\/wp-json\/wp\/v2\/posts\/114226","targetHints":{"allow":["GET"]}}],"collection":[{"href":"https:\/\/www.europesays.com\/fi\/wp-json\/wp\/v2\/posts"}],"about":[{"href":"https:\/\/www.europesays.com\/fi\/wp-json\/wp\/v2\/types\/post"}],"author":[{"embeddable":true,"href":"https:\/\/www.europesays.com\/fi\/wp-json\/wp\/v2\/users\/2"}],"replies":[{"embeddable":true,"href":"https:\/\/www.europesays.com\/fi\/wp-json\/wp\/v2\/comments?post=114226"}],"version-history":[{"count":0,"href":"https:\/\/www.europesays.com\/fi\/wp-json\/wp\/v2\/posts\/114226\/revisions"}],"wp:featuredmedia":[{"embeddable":true,"href":"https:\/\/www.europesays.com\/fi\/wp-json\/wp\/v2\/media\/114227"}],"wp:attachment":[{"href":"https:\/\/www.europesays.com\/fi\/wp-json\/wp\/v2\/media?parent=114226"}],"wp:term":[{"taxonomy":"category","embeddable":true,"href":"https:\/\/www.europesays.com\/fi\/wp-json\/wp\/v2\/categories?post=114226"},{"taxonomy":"post_tag","embeddable":true,"href":"https:\/\/www.europesays.com\/fi\/wp-json\/wp\/v2\/tags?post=114226"}],"curies":[{"name":"wp","href":"https:\/\/api.w.org\/{rel}","templated":true}]}}