{"id":114245,"date":"2025-12-12T06:18:07","date_gmt":"2025-12-12T06:18:07","guid":{"rendered":"https:\/\/www.europesays.com\/fi\/114245\/"},"modified":"2025-12-12T06:18:07","modified_gmt":"2025-12-12T06:18:07","slug":"kriisitilanne-paalla-hatamajoituksessa-lapissa-iltalehti","status":"publish","type":"post","link":"https:\/\/www.europesays.com\/fi\/114245\/","title":{"rendered":"Kriisitilanne p\u00e4\u00e4ll\u00e4 h\u00e4t\u00e4majoituksessa Lapissa &#8211; Iltalehti"},"content":{"rendered":"<ol>\n<li><a href=\"https:\/\/news.google.com\/rss\/articles\/CBMie0FVX3lxTE1kRUJ5Y2lCQmx1bEMzY3pNekFCNUtFMHFWSkNYd21sOHMwb3BTeGJZR3ZWXzYwZXJkSXJlWE80dV8zT2RQMmZkSzFPMWlzb2lpXzBuRTItSkxRX1JNMXdXUGxnOGczdkl1YnY4RmZacEh3RGJ1VkZDbzFWNA?oc=5\" target=\"_blank\" rel=\"nofollow noopener\">Kriisitilanne p\u00e4\u00e4ll\u00e4 h\u00e4t\u00e4majoituksessa Lapissa<\/a>&nbsp;&nbsp;Iltalehti<\/li>\n<li><a href=\"https:\/\/news.google.com\/rss\/articles\/CBMiXEFVX3lxTE01QkxYcTVjcUJRdjRuYXg1MVZwNkVmQTFrRVJxLVY2VDB6M3NXaEdBOVVRN2I4YkFUMmZrLXhqMnVfVEpYZzhhQndyQ1c4ZlRwbmlPNGR3TUxQNThq?oc=5\" target=\"_blank\" rel=\"nofollow noopener\">Zach ja Joscelin varasivat Suomen-reissulle 6 000 dollaria \u2013 \u201dOlen talven ihmemaassa\u201d<\/a>&nbsp;&nbsp;Ilta-Sanomat<\/li>\n<li><a href=\"https:\/\/news.google.com\/rss\/articles\/CBMifkFVX3lxTFA0YjREVGF0UW45dTVjdmt6ZWdRcjJmWElkeVJabm1JcVo5cS1mdWQ3ck9Vc2dDejFNNXg4bF9nRTIwbktXTWZOamE4RmNaZnpfRmZfTDFHRGo3MXowVmJYeUNrbkw3ZV9ha1NwZzhnY0NoZmUtOU01amdybHRCQQ?oc=5\" target=\"_blank\" rel=\"nofollow noopener\">Onko ihme, jos matkailu v\u00e4henee? Lapin-loma jouluna jopa 4 000 e\/perhe<\/a>&nbsp;&nbsp;Talousel\u00e4m\u00e4<\/li>\n<li><a href=\"https:\/\/news.google.com\/rss\/articles\/CBMikAFBVV95cUxPTEtyNjV3cHQyaEZuRjkyanFoY3JZRHVtQUVYRmsxVWtlRmlIMmlCOGI0S0lYR1B3aklwZXlUQks2QjdZSHQ5SlAxUlBBLVg3ZDljcUNYNUUtVVB5ZlNMN3l1dE55Z05rWkxyOGtBSWFYN1d1SmhlS2NkZXJkbWNTMUp3Um9aU2cxYjV1YnY0aXQ?oc=5\" target=\"_blank\" rel=\"nofollow noopener\">\u201dAlkaa menn\u00e4 yli\u201d \u2013 IL: Turistivy\u00f6ry aiheuttaa n\u00e4r\u00e4\u00e4 Lapissa<\/a>&nbsp;&nbsp;Verkkouutiset<\/li>\n<li><a href=\"https:\/\/news.google.com\/rss\/articles\/CBMie0FVX3lxTE1TdC1COEhrdWRXZXRmUXlJQXl6ZFVQT0F5NXdqVG9wOVVmQTNqWjc1VEZ5VGdGbUtwbk5MaG93Q0RmR0NSSzFYa0NMTzhZYk8tN2MwR1F1VzlwaG0zQmNTdTJZUk9OQTVRVi15amRxRDJHV2JycW1xX2hGVQ?oc=5\" target=\"_blank\" rel=\"nofollow noopener\">Sanna ja Susanna yrittiv\u00e4t muuttaa Rovaniemelle \u2013 Sitten paljastui asuntojen karu tilanne<\/a>&nbsp;&nbsp;Iltalehti<\/li>\n<\/ol>\n","protected":false},"excerpt":{"rendered":"Kriisitilanne p\u00e4\u00e4ll\u00e4 h\u00e4t\u00e4majoituksessa Lapissa&nbsp;&nbsp;Iltalehti Zach ja Joscelin varasivat Suomen-reissulle 6 000 dollaria \u2013 \u201dOlen talven ihmemaassa\u201d&nbsp;&nbsp;Ilta-Sanomat Onko ihme,&hellip;\n","protected":false},"author":2,"featured_media":114246,"comment_status":"","ping_status":"","sticky":false,"template":"","format":"standard","meta":{"footnotes":""},"categories":[5],"tags":[35,36,542,22,23,26,27,33,31,30,17,543,615,96,24,25,28,29,15,18,21,32,19,20,16],"class_list":{"0":"post-114245","1":"post","2":"type-post","3":"status-publish","4":"format-standard","5":"has-post-thumbnail","7":"category-otsikot","8":"tag-24h","9":"tag-asuintalot-ja-asunnot","10":"tag-asuminen","11":"tag-breaking-news","12":"tag-breakingnews","13":"tag-featured-news","14":"tag-featurednews","15":"tag-fi","16":"tag-finland","17":"tag-finnish","18":"tag-headlines","19":"tag-koti-ja-asuminen","20":"tag-koulut","21":"tag-koulutus","22":"tag-latest-news","23":"tag-latestnews","24":"tag-main-news","25":"tag-mainnews","26":"tag-news","27":"tag-otsikot","28":"tag-paauutiset","29":"tag-suomi","30":"tag-top-stories","31":"tag-topstories","32":"tag-uutiset"},"share_on_mastodon":{"url":"https:\/\/pubeurope.com\/@fi\/115705145161386165","error":""},"_links":{"self":[{"href":"https:\/\/www.europesays.com\/fi\/wp-json\/wp\/v2\/posts\/114245","targetHints":{"allow":["GET"]}}],"collection":[{"href":"https:\/\/www.europesays.com\/fi\/wp-json\/wp\/v2\/posts"}],"about":[{"href":"https:\/\/www.europesays.com\/fi\/wp-json\/wp\/v2\/types\/post"}],"author":[{"embeddable":true,"href":"https:\/\/www.europesays.com\/fi\/wp-json\/wp\/v2\/users\/2"}],"replies":[{"embeddable":true,"href":"https:\/\/www.europesays.com\/fi\/wp-json\/wp\/v2\/comments?post=114245"}],"version-history":[{"count":0,"href":"https:\/\/www.europesays.com\/fi\/wp-json\/wp\/v2\/posts\/114245\/revisions"}],"wp:featuredmedia":[{"embeddable":true,"href":"https:\/\/www.europesays.com\/fi\/wp-json\/wp\/v2\/media\/114246"}],"wp:attachment":[{"href":"https:\/\/www.europesays.com\/fi\/wp-json\/wp\/v2\/media?parent=114245"}],"wp:term":[{"taxonomy":"category","embeddable":true,"href":"https:\/\/www.europesays.com\/fi\/wp-json\/wp\/v2\/categories?post=114245"},{"taxonomy":"post_tag","embeddable":true,"href":"https:\/\/www.europesays.com\/fi\/wp-json\/wp\/v2\/tags?post=114245"}],"curies":[{"name":"wp","href":"https:\/\/api.w.org\/{rel}","templated":true}]}}