{"id":114250,"date":"2025-12-12T06:33:09","date_gmt":"2025-12-12T06:33:09","guid":{"rendered":"https:\/\/www.europesays.com\/fi\/114250\/"},"modified":"2025-12-12T06:33:09","modified_gmt":"2025-12-12T06:33:09","slug":"bbcn-huippusarja-jatkuu-10-vuoden-odotuksen-jalkeen-tammikuussa","status":"publish","type":"post","link":"https:\/\/www.europesays.com\/fi\/114250\/","title":{"rendered":"BBC:n huippusarja jatkuu 10 vuoden odotuksen j\u00e4lkeen tammikuussa"},"content":{"rendered":"<p>BBC:n The Night Manager -sarja n\u00e4hd\u00e4\u00e4n meill\u00e4 Prime Videossa.<\/p>\n<p>Prime Video on julkaissut trailerin The Night Manager- eli Y\u00f6vahti-sarjan kakkoskaudesta, jota on saatu odottaa kymmenen vuotta. <\/p>\n<p>BBC:n kuudesta jaksosta koostuva vakoojatrilleri n\u00e4hd\u00e4\u00e4n meill\u00e4 Prime Videossa 11. tammikuuta alkaen, jolloin tarjolle tulee kolme jaksoa. <\/p>\n<p><a href=\"https:\/\/muropaketti.com\/avainsana\/tom-hiddleston\/\" rel=\"nofollow noopener\" target=\"_blank\">Tom Hiddlestonin<\/a> t\u00e4hditt\u00e4m\u00e4n The Night Managerin ensimm\u00e4inen kausi julkaistiin vuonna 2016. Meill\u00e4 sen esitti tuolloin HBO Nordic. <\/p>\n<p>Kehutun ykk\u00f6skauden <a href=\"https:\/\/www.rottentomatoes.com\/tv\/the_night_manager\" target=\"_blank\" rel=\"noreferrer noopener nofollow\">Rotten Tomatoes<\/a> -prosentti on 91. <a href=\"https:\/\/www.metacritic.com\/tv\/the-night-manager\" target=\"_blank\" rel=\"noreferrer noopener nofollow\">Metacritic<\/a> puolestaan laskee sen kriitikkoarvostelujen keskiarvoksi 82 \/ 100.<\/p>\n<p>Kakkoskaudella esiityv\u00e4t my\u00f6s Indira Varma, Paul Chahidi ja Hayley Squires. Aiemmista jaksoista tuttuihin rooleihinsa palaavat ainakin Alistair Petrie, Douglas Hodge, Michael Nardone ja Noah Jupe. <\/p>\n<p>The Night Managerin kakkoskauden luojana ja vastaavana tuottajana toimii David Farr. Kaikki jaksot on ohjannut Georgi Banks-Davies.<\/p>\n<p>Ensimm\u00e4isen kauden jaksot l\u00f6ytyv\u00e4t nyt kuukausimaksua vastaan Prime Videosta.<\/p>\n<p><a href=\"https:\/\/muropaketti.com\/wp-content\/uploads\/2025\/12\/the-night-manager-kausi-2.jpg\" rel=\"nofollow noopener\" target=\"_blank\"><img fetchpriority=\"high\" decoding=\"async\" width=\"1024\" height=\"576\" alt=\"The Night Manager kausi 2\" class=\"wp-image-913303 awpo-lazy\"  data- src=\"https:\/\/www.europesays.com\/fi\/wp-content\/uploads\/2025\/12\/the-night-manager-kausi-2-1024x576.jpg\"\/><\/a>Kuva: \u00a9 Amazon MGM Studios<\/p>\n","protected":false},"excerpt":{"rendered":"BBC:n The Night Manager -sarja n\u00e4hd\u00e4\u00e4n meill\u00e4 Prime Videossa. Prime Video on julkaissut trailerin The Night Manager- eli&hellip;\n","protected":false},"author":2,"featured_media":114251,"comment_status":"","ping_status":"","sticky":false,"template":"","format":"standard","meta":{"footnotes":""},"categories":[133],"tags":[2326,2873,137,33,31,30,175,1369,32,206,11169,156,109],"class_list":{"0":"post-114250","1":"post","2":"type-post","3":"status-publish","4":"format-standard","5":"has-post-thumbnail","7":"category-televisiot","8":"tag-bbc","9":"tag-elokuvatrailerit","10":"tag-entertainment","11":"tag-fi","12":"tag-finland","13":"tag-finnish","14":"tag-prime-video","15":"tag-sarjat","16":"tag-suomi","17":"tag-televisiot","18":"tag-tom-hiddleston","19":"tag-tv","20":"tag-viihde"},"share_on_mastodon":{"url":"https:\/\/pubeurope.com\/@fi\/115705204373594648","error":""},"_links":{"self":[{"href":"https:\/\/www.europesays.com\/fi\/wp-json\/wp\/v2\/posts\/114250","targetHints":{"allow":["GET"]}}],"collection":[{"href":"https:\/\/www.europesays.com\/fi\/wp-json\/wp\/v2\/posts"}],"about":[{"href":"https:\/\/www.europesays.com\/fi\/wp-json\/wp\/v2\/types\/post"}],"author":[{"embeddable":true,"href":"https:\/\/www.europesays.com\/fi\/wp-json\/wp\/v2\/users\/2"}],"replies":[{"embeddable":true,"href":"https:\/\/www.europesays.com\/fi\/wp-json\/wp\/v2\/comments?post=114250"}],"version-history":[{"count":0,"href":"https:\/\/www.europesays.com\/fi\/wp-json\/wp\/v2\/posts\/114250\/revisions"}],"wp:featuredmedia":[{"embeddable":true,"href":"https:\/\/www.europesays.com\/fi\/wp-json\/wp\/v2\/media\/114251"}],"wp:attachment":[{"href":"https:\/\/www.europesays.com\/fi\/wp-json\/wp\/v2\/media?parent=114250"}],"wp:term":[{"taxonomy":"category","embeddable":true,"href":"https:\/\/www.europesays.com\/fi\/wp-json\/wp\/v2\/categories?post=114250"},{"taxonomy":"post_tag","embeddable":true,"href":"https:\/\/www.europesays.com\/fi\/wp-json\/wp\/v2\/tags?post=114250"}],"curies":[{"name":"wp","href":"https:\/\/api.w.org\/{rel}","templated":true}]}}