{"id":114285,"date":"2025-12-12T07:22:10","date_gmt":"2025-12-12T07:22:10","guid":{"rendered":"https:\/\/www.europesays.com\/fi\/114285\/"},"modified":"2025-12-12T07:22:10","modified_gmt":"2025-12-12T07:22:10","slug":"mtv-kirsi-alm-siira-oli-umpihumalassa-yllattyi-pomonsa-reaktiosta","status":"publish","type":"post","link":"https:\/\/www.europesays.com\/fi\/114285\/","title":{"rendered":"Mtv: Kirsi Alm-Siira oli umpihumalassa &#8211; yll\u00e4ttyi pomonsa reaktiosta"},"content":{"rendered":"<p>            Timo Korhonen\n        <\/p>\n<p class=\"subtitle \">Kirsi kirjoittaa, ettei somekansan jakamilla tuomioilla ole juuri tekemist\u00e4 teon tahallisuuden kanssa.<\/p>\n<p class=\"article-content article-content-width !bg-background\">Uutisankkuri ja juontaja , 51, on ty\u00f6skennellyt median parissa vuodesta 2001.\u00a0<\/p>\n<p class=\"font-weight-bold m-font-weight-bold article-content article-content-width !bg-background\">Video: Sarah Dzafce kommentoi Miss Suomi -tittelin menetyst\u00e4:<\/p>\n<p class=\"article-content article-content-width !bg-background\">Maailma ja ty\u00f6el\u00e4m\u00e4 sen mukana ovat muuttuneet 24 vuodessa huomattavasti. Esimerkiksi sosiaalinen media on luikerrellut kuin huomaamatta osaksi arkea. Sen on huomannut my\u00f6s Kirsi, joka <a href=\"https:\/\/www.mtvuutiset.fi\/artikkeli\/kirsi-alm-siiran-kommentti-pomoni-antoi-mokailun-anteeksi-olisiko-somekansa-armahtanut\/9269058?utm_campaign=feed&amp;utm_medium=referral&amp;utm_source=later-linkinbio\" target=\"_blank\" rel=\"nofollow noopener\">kirjoittaa tuoreessa Mtv:n kolumnissaan somekansan vaikutusvallasta huolestuneeseen s\u00e4vyyn<\/a>.\u00a0<\/p>\n<p>Juomat tekiv\u00e4t tepposet<\/p>\n<p class=\"article-content article-content-width !bg-background\">Kirsi muistelee kirjoituksessaan vuosien takaista alkoholinhuuruista iltaa.\u00a0<\/p>\n<p>                <img decoding=\"async\" src=\"https:\/\/www.europesays.com\/fi\/wp-content\/uploads\/2025\/12\/2019736.webp\" width=\"576\" height=\"720\" alt=\"Kirsi on rakastettu tv-kasvo. H\u00e4nkin on tehnyt el\u00e4m\u00e4ss\u00e4\u00e4n virheit\u00e4.\" loading=\"lazy\" \/>            <\/p>\n<p>\n            Kirsi on rakastettu tv-kasvo. H\u00e4nkin on tehnyt el\u00e4m\u00e4ss\u00e4\u00e4n virheit\u00e4.<br \/>\n            Timo Korhonen\n        <\/p>\n<p class=\"article-content article-content-width !bg-background\">Tv-kasvo kertoo ty\u00f6skennelleens\u00e4 tuolloin suuressa tapahtumassa, jonka j\u00e4lkeen h\u00e4n suuntasi jatkoille yst\u00e4viens\u00e4 kanssa. Pitk\u00e4 ty\u00f6p\u00e4iv\u00e4 ja sy\u00f6m\u00e4tt\u00f6myys kostautuivat Kirsin tehdess\u00e4 tuttavuutta ravintolan juomavalikoiman kanssa.\u00a0<\/p>\n<p>        <a itemprop=\"url\" href=\"https:\/\/www.seiska.fi\/katso\/tiesitko-kirsi-alm-siira-on-naytellyt-suosikkielokuvassa-katso-kuva\/2012554\" rel=\"nofollow noopener\" target=\"_blank\"><\/p>\n<p>\nKatso kuva!\n<\/p>\n<p class=\"section-date\">\n        <strong class=\"article-section\" data-section=\"katso\"><br \/>\n            katso<br \/>\n        <\/strong><br \/>\n        9.12. 06:15\n    <\/p>\n<p>Tiesitk\u00f6? Kirsi Alm-Siira on n\u00e4ytellyt suosikkielokuvassa \u2013 katso kuva!\n    <\/p>\n<p itemprop=\"description\" class=\"subtitle \">\n    Kirsi Alm-Siira intoutuu muistelemaan &#8221;ensimm\u00e4ist\u00e4 ja viimeist\u00e4&#8221; elokuvarooliaan.\n<\/p>\n<p>        <\/a><\/p>\n<p class=\"article-content article-content-width !bg-background\">\u2013 Olin umpihumalassa tunnetussa helsinkil\u00e4isess\u00e4 y\u00f6kerhossa. Vierailuni oli j\u00e4\u00e4nyt lyhyeksi, sill\u00e4 henkil\u00f6kunta ja tuttuni olivat katsoneet, ett\u00e4 minulle parempi paikka olisi kotona. Omin jaloin en kotiin p\u00e4\u00e4ssyt, Kirsi paljastaa kolumnissa.\u00a0<\/p>\n<p>Pomon suhtautuminen yll\u00e4tti<\/p>\n<p class=\"article-content article-content-width !bg-background\">Seuraavana p\u00e4iv\u00e4n\u00e4 illan tapahtumat alkoivat hiljalleen selvit\u00e4 Kirsille. H\u00e4n luonnehtii mokanneensa pahasti. Kirsin t\u00e4ytyi kuitenkin kertoa asiasta ty\u00f6nantajalleen.\u00a0<\/p>\n<p class=\"article-content article-content-width !bg-background\">Kirsi kuvailee pel\u00e4nneens\u00e4 turhan railakkaan illanvieton maksavan h\u00e4nelle h\u00e4nen ty\u00f6ns\u00e4. Suosikkiankkurin yll\u00e4tykseksi t\u00e4m\u00e4n pomo suhtautui asiaan ymm\u00e4rt\u00e4v\u00e4sti.\u00a0<\/p>\n<p class=\"article-content article-content-width !bg-background\">Potkuja ei siis tullut, vaan ty\u00f6t jatkuivat tuttuun tapaan taas maaantaina.<\/p>\n<p>Onko erehdyksille en\u00e4\u00e4 sijaa?<\/p>\n<p class=\"article-content article-content-width !bg-background\">Tapahtumat j\u00e4ttiv\u00e4t kuitenkin j\u00e4lkens\u00e4 Kirsiin. Esimiehen laupea k\u00e4yt\u00f6s opetti h\u00e4nelle inhimillisyyden merkityst\u00e4.\u00a0<\/p>\n<p>        <a itemprop=\"url\" href=\"https:\/\/www.seiska.fi\/kotimaa\/kirsi-alm-siiralta-rakkauspaljastus\/2012240\" rel=\"nofollow noopener\" target=\"_blank\"><\/p>\n<p>\nKirsi Alm-Siira\n<\/p>\n<p class=\"section-date\">\n        <strong class=\"article-section\" data-section=\"kotimaa\"><br \/>\n            kotimaa<br \/>\n        <\/strong><br \/>\n        7.12. 07:00\n    <\/p>\n<p>Kirsi Alm-Siiralta rakkauspaljastus\n    <\/p>\n<p itemprop=\"description\" class=\"subtitle \">\n    Kirsi on tuonut p\u00e4iv\u00e4n polttavat uutiset ihmisten olohuoneisiin, mutta samalla h\u00e4n on my\u00f6s aika ajoin levitt\u00e4nyt iloa \u2013 joskus tahtomattaankin.\n<\/p>\n<p>        <\/a><\/p>\n<p class=\"article-content article-content-width !bg-background\">Kirsi kertoo kuulleensa j\u00e4lkik\u00e4teen tovereiltaan useita kertoja, ett\u00e4 nykyp\u00e4iv\u00e4n\u00e4 vastaava toilailu johtaisi varmasti irtisanomiseen. Kirsi\u00e4 tiukentunut ilmapiiri ihmetytt\u00e4\u00e4, jopa huolestuttaa.<\/p>\n<p class=\"article-content article-content-width !bg-background\">\u2013 Eik\u00f6 nyky\u00e4\u00e4n voi siis erehty\u00e4 kertaakaan? h\u00e4n kysyy.\u00a0<\/p>\n<p>Missin kohtalo muistutuksena<\/p>\n<p class=\"article-content article-content-width !bg-background\">Kirsi on muun Suomen kansan tapaan seurannut viime p\u00e4ivin\u00e4 otsikoissa keikkunutta missikohua.  menetti torstaina (11.12.) Miss Suomen kruununsa rasistiseksi ja ep\u00e4sopiviksi leimattujen somejulkaisujensa seurauksena.<\/p>\n<p>                <img decoding=\"async\" src=\"https:\/\/www.europesays.com\/fi\/wp-content\/uploads\/2025\/12\/2019743.webp\" width=\"576\" height=\"322\" alt=\"Sarah joutui luopumaan kruunustaan.\" loading=\"lazy\" \/>            <\/p>\n<p>\n            Sarah joutui luopumaan kruunustaan.<br \/>\n            Ninni Varsila\n        <\/p>\n<p class=\"article-content article-content-width !bg-background\">Vaikka Kirsin ja Sarahin teot poikkeavat t\u00e4ysin toisistaan, toi julkinen myllytys Kirsin mieleen h\u00e4nen oman nuoruuvuosien illanviettonsa. Uutistenlukija uskoo, ett\u00e4 missikruunu vaihtoi omistajaa pitk\u00e4lti somen pienen, mutta \u00e4\u00e4nekk\u00e4\u00e4n joukon nostattaman \u00e4l\u00e4m\u00f6l\u00f6n takia.\u00a0<\/p>\n<p>        <a itemprop=\"url\" href=\"https:\/\/www.seiska.fi\/kotimaa\/rasismikohussa-ryvettynyt-miss-suomi-sarah-dzafce-kohtalo-selvisi\/2018425\" rel=\"nofollow noopener\" target=\"_blank\"><\/p>\n<p>\nRasismikohussa ryvettynyt Miss Suomi Sarah Dzafce\n<\/p>\n<p class=\"section-date\">\n        <strong class=\"article-section\" data-section=\"kotimaa\"><br \/>\n            kotimaa<br \/>\n        <\/strong><br \/>\n        11.12. 12:10\n    <\/p>\n<p>Rasismikohussa ryvettynyt Miss Suomi Sarah Dzafce: kohtalo selvisi\n    <\/p>\n<p itemprop=\"description\" class=\"subtitle \">\n    Rasismikohussa ryverttyneen missin kohtalo selvisi.\n<\/p>\n<p>        <\/a><\/p>\n<p class=\"article-content article-content-width !bg-background\">Kirsi pohtii, olisiko h\u00e4nen pomonsa ollut aikoinaan yht\u00e4 anteeksiantavainen, jos sosiaalinen media olisi ollut tuolloin olemassa.<\/p>\n<p>Ep\u00e4reilu tuomari<\/p>\n<p class=\"article-content article-content-width !bg-background\">Somekansan hyppysiss\u00e4\u00e4n pitelem\u00e4st\u00e4 vallasta Kirsi ei ole lainkaan mieliss\u00e4\u00e4n. Ankkurin mukaan somekansa ei toimi tuomioita jaellessaan loogisesti.\u00a0<\/p>\n<p>                <img decoding=\"async\" src=\"https:\/\/www.europesays.com\/fi\/wp-content\/uploads\/2025\/12\/2019745.webp\" width=\"576\" height=\"720\" alt=\"Kirsin mukaan somekansa p\u00e4\u00e4tt\u00e4\u00e4, kuka armahdetaan ja kuka joutuu tuomiolle.\" loading=\"lazy\" \/>            <\/p>\n<p>\n            Kirsin mukaan somekansa p\u00e4\u00e4tt\u00e4\u00e4, kuka armahdetaan ja kuka joutuu tuomiolle.<br \/>\n            TIMO KORHONEN\n        <\/p>\n<p class=\"article-content article-content-width !bg-background\">\u2013\u00a0Tuomiolle voi joutua tahallisesta teosta, vahingosta tai &#8221;tyhmyytt\u00e4\u00e4n&#8221;. Tuomion ankaruuteen tahallisuudella ei ole merkityst\u00e4. Saatat hetkess\u00e4 menett\u00e4\u00e4 kaiken sen, mink\u00e4 eteen olet tehnyt pitk\u00e4\u00e4n t\u00f6it\u00e4, Kirsi kirjoittaa.\u00a0<\/p>\n<p>        <a itemprop=\"url\" href=\"https:\/\/www.seiska.fi\/kotimaa\/ohhoh-uusi-miss-suomi-poseeraa-ylaosattomissa\/2018967\" rel=\"nofollow noopener\" target=\"_blank\"><\/p>\n<p>\nUusi Miss Suomi\n<\/p>\n<p class=\"section-date\">\n        <strong class=\"article-section\" data-section=\"kotimaa\"><br \/>\n            kotimaa<br \/>\n        <\/strong><br \/>\n        11.12. 13:58\n    <\/p>\n<p>Ohhoh! Uusi Miss Suomi poseeraa yl\u00e4osattomissa\n    <\/p>\n<p itemprop=\"description\" class=\"subtitle \">\n    Tara nousi uudeksi Miss Suomeksi.\n<\/p>\n<p>        <\/a><\/p>\n","protected":false},"excerpt":{"rendered":"Timo Korhonen Kirsi kirjoittaa, ettei somekansan jakamilla tuomioilla ole juuri tekemist\u00e4 teon tahallisuuden kanssa. Uutisankkuri ja juontaja ,&hellip;\n","protected":false},"author":2,"featured_media":114286,"comment_status":"","ping_status":"","sticky":false,"template":"","format":"standard","meta":{"footnotes":""},"categories":[136],"tags":[407,137,33,31,30,408,7842,1750,777,4438,212,20982,3458,2376,1915,6553,11698,2341,20985,32,20983,20984,109],"class_list":{"0":"post-114285","1":"post","2":"type-post","3":"status-publish","4":"format-standard","5":"has-post-thumbnail","7":"category-julkkikset","8":"tag-celebrities","9":"tag-entertainment","10":"tag-fi","11":"tag-finland","12":"tag-finnish","13":"tag-julkkikset","14":"tag-kirsi-alm-siira","15":"tag-kohu","16":"tag-kolumni","17":"tag-kruunu","18":"tag-lifestyle","19":"tag-luopuminen","20":"tag-miss-suomi","21":"tag-mtv","22":"tag-oikeus","23":"tag-potkut","24":"tag-sarah-dzafce","25":"tag-some","26":"tag-somekansa","27":"tag-suomi","28":"tag-titteli","29":"tag-valta","30":"tag-viihde"},"share_on_mastodon":{"url":"https:\/\/pubeurope.com\/@fi\/115705397301255084","error":""},"_links":{"self":[{"href":"https:\/\/www.europesays.com\/fi\/wp-json\/wp\/v2\/posts\/114285","targetHints":{"allow":["GET"]}}],"collection":[{"href":"https:\/\/www.europesays.com\/fi\/wp-json\/wp\/v2\/posts"}],"about":[{"href":"https:\/\/www.europesays.com\/fi\/wp-json\/wp\/v2\/types\/post"}],"author":[{"embeddable":true,"href":"https:\/\/www.europesays.com\/fi\/wp-json\/wp\/v2\/users\/2"}],"replies":[{"embeddable":true,"href":"https:\/\/www.europesays.com\/fi\/wp-json\/wp\/v2\/comments?post=114285"}],"version-history":[{"count":0,"href":"https:\/\/www.europesays.com\/fi\/wp-json\/wp\/v2\/posts\/114285\/revisions"}],"wp:featuredmedia":[{"embeddable":true,"href":"https:\/\/www.europesays.com\/fi\/wp-json\/wp\/v2\/media\/114286"}],"wp:attachment":[{"href":"https:\/\/www.europesays.com\/fi\/wp-json\/wp\/v2\/media?parent=114285"}],"wp:term":[{"taxonomy":"category","embeddable":true,"href":"https:\/\/www.europesays.com\/fi\/wp-json\/wp\/v2\/categories?post=114285"},{"taxonomy":"post_tag","embeddable":true,"href":"https:\/\/www.europesays.com\/fi\/wp-json\/wp\/v2\/tags?post=114285"}],"curies":[{"name":"wp","href":"https:\/\/api.w.org\/{rel}","templated":true}]}}