{"id":114296,"date":"2025-12-12T07:34:07","date_gmt":"2025-12-12T07:34:07","guid":{"rendered":"https:\/\/www.europesays.com\/fi\/114296\/"},"modified":"2025-12-12T07:34:07","modified_gmt":"2025-12-12T07:34:07","slug":"yli-tuhat-joutunut-sodasta-palaavien-uhriksi-venajalla-verkkouutiset","status":"publish","type":"post","link":"https:\/\/www.europesays.com\/fi\/114296\/","title":{"rendered":"Yli tuhat joutunut sodasta palaavien uhriksi Ven\u00e4j\u00e4ll\u00e4 &#8211; Verkkouutiset"},"content":{"rendered":"<ol>\n<li><a href=\"https:\/\/news.google.com\/rss\/articles\/CBMijwFBVV95cUxONnNHLUNBNFdJeVcwODVDbDJ2RWI0UGVWNGNhS2laOHc5NHlrNVRHdWNlS2o0ZHEtOU42WkI2aW5Zb19pTHk2RnU4TnBzMm5zZXdrNUJtZzJ0dXE1eE5RNHRRaVNtZmtBb2lmUmJFY0N3NWNxOE5KWmlDQXZJcmV1SDRCckF5QlZSdGpFZlZrRQ?oc=5\" target=\"_blank\" rel=\"nofollow noopener\">Yli tuhat joutunut sodasta palaavien uhriksi Ven\u00e4j\u00e4ll\u00e4<\/a>&nbsp;&nbsp;Verkkouutiset<\/li>\n<li><a href=\"https:\/\/news.google.com\/rss\/articles\/CBMiXkFVX3lxTE1Pb1pjSEpFZFlJd2xVeG85R1JSOVAzUmVtaDVjZ21IelJ0VXZ2YjBhaTRsbE02bDNsN3l2T3NqU3BENHFPVFd6TzNpR3EzZ2otMmVJa3l1NGFIRkMweEE?oc=5\" target=\"_blank\" rel=\"nofollow noopener\">Selvitys: Ainakin 1 000 ihmist\u00e4 kuollut ja loukkaantunut rintamalta palanneiden ven\u00e4l\u00e4issotilaiden k\u00e4siss\u00e4<\/a>&nbsp;&nbsp;Ilta-Sanomat<\/li>\n<li><a href=\"https:\/\/news.google.com\/rss\/articles\/CBMigAFBVV95cUxNOFdlZ2VLMUJfUnROeWRJYXZXUjJkYTZsbTVUUzFTTGh0Y2RWdUtzLV9HYWZzamN1U29Da0k5YmlydTdpc2xhTTdTMHJYaTNIYmhmVDBncDdCTDV3a2V5QkhNcFFhdEdSZnFYNS1Qb3VLN0hlWmZpUU5RbGgzOGFNZA?oc=5\" target=\"_blank\" rel=\"nofollow noopener\">[Uutiset] Veteraanien ja Wagnerin tekemien murhien m\u00e4\u00e4r\u00e4 on kasvanut Ven\u00e4j\u00e4ll\u00e4<\/a>&nbsp;&nbsp;Meta-Defense<\/li>\n<li><a href=\"https:\/\/news.google.com\/rss\/articles\/CBMinAFBVV95cUxQTkprMktFQjBWMkFGNnhoY05kcEdWYTVDR3U0S1l0N041S3FEQ3JMR3p6T3BDWFJ0ZkZCdTZjdUJUN19uakZnY2dValpCbHlCODl1alpPQnlfbmo0U0JkaU9zbmt6UUJkTjZBMmMwUjhVOVlyWHU3eDJUQmctV1Y5TUdFWUd6VWI2YU9PTUxBQmtUdHlqV2IzQVFrOU0?oc=5\" target=\"_blank\" rel=\"nofollow noopener\">Murhaajakin p\u00e4\u00e4see tuomiota pakoon l\u00e4htem\u00e4ll\u00e4 sotaan, n\u00e4in se k\u00e4y<\/a>&nbsp;&nbsp;Verkkouutiset<\/li>\n<li><a href=\"https:\/\/news.google.com\/rss\/articles\/CBMiqgFBVV95cUxPUUc0RU1HeVVLN0FhdWtSQTZaSXIyMmNfczRNaVRrZ1VKaG1Ka2pNc0dFYklEdUZMWlRxaDkxMGlDRUxNTHh0NHB6NXBmR2QtS0h1QzhSekFySDUxc001VUJ0aGp5RklPaGVTbXQ2QnlyT0JLRzJJYW56c0plV1V3UGJxZW1rWVY2NDRkZkduaVVJSTFpVk43LVo2SGF6WnJYTTFQUHYtVGwxUQ?oc=5\" target=\"_blank\" rel=\"nofollow noopener\">Vakavien rikosten m\u00e4\u00e4r\u00e4 pomppasi Ven\u00e4j\u00e4ll\u00e4 rikollisten palattua rintamalta<\/a>&nbsp;&nbsp;Verkkouutiset<\/li>\n<\/ol>\n","protected":false},"excerpt":{"rendered":"Yli tuhat joutunut sodasta palaavien uhriksi Ven\u00e4j\u00e4ll\u00e4&nbsp;&nbsp;Verkkouutiset Selvitys: Ainakin 1 000 ihmist\u00e4 kuollut ja loukkaantunut rintamalta palanneiden ven\u00e4l\u00e4issotilaiden&hellip;\n","protected":false},"author":2,"featured_media":114297,"comment_status":"","ping_status":"","sticky":false,"template":"","format":"standard","meta":{"footnotes":""},"categories":[14],"tags":[22,23,26,27,33,31,30,17,24,25,28,29,15,18,21,32,19,20,56,16,59,60,61],"class_list":{"0":"post-114296","1":"post","2":"type-post","3":"status-publish","4":"format-standard","5":"has-post-thumbnail","7":"category-ulkomaat","8":"tag-breaking-news","9":"tag-breakingnews","10":"tag-featured-news","11":"tag-featurednews","12":"tag-fi","13":"tag-finland","14":"tag-finnish","15":"tag-headlines","16":"tag-latest-news","17":"tag-latestnews","18":"tag-main-news","19":"tag-mainnews","20":"tag-news","21":"tag-otsikot","22":"tag-paauutiset","23":"tag-suomi","24":"tag-top-stories","25":"tag-topstories","26":"tag-ulkomaat","27":"tag-uutiset","28":"tag-world","29":"tag-world-news","30":"tag-worldnews"},"share_on_mastodon":{"url":"https:\/\/pubeurope.com\/@fi\/115705444143472163","error":""},"_links":{"self":[{"href":"https:\/\/www.europesays.com\/fi\/wp-json\/wp\/v2\/posts\/114296","targetHints":{"allow":["GET"]}}],"collection":[{"href":"https:\/\/www.europesays.com\/fi\/wp-json\/wp\/v2\/posts"}],"about":[{"href":"https:\/\/www.europesays.com\/fi\/wp-json\/wp\/v2\/types\/post"}],"author":[{"embeddable":true,"href":"https:\/\/www.europesays.com\/fi\/wp-json\/wp\/v2\/users\/2"}],"replies":[{"embeddable":true,"href":"https:\/\/www.europesays.com\/fi\/wp-json\/wp\/v2\/comments?post=114296"}],"version-history":[{"count":0,"href":"https:\/\/www.europesays.com\/fi\/wp-json\/wp\/v2\/posts\/114296\/revisions"}],"wp:featuredmedia":[{"embeddable":true,"href":"https:\/\/www.europesays.com\/fi\/wp-json\/wp\/v2\/media\/114297"}],"wp:attachment":[{"href":"https:\/\/www.europesays.com\/fi\/wp-json\/wp\/v2\/media?parent=114296"}],"wp:term":[{"taxonomy":"category","embeddable":true,"href":"https:\/\/www.europesays.com\/fi\/wp-json\/wp\/v2\/categories?post=114296"},{"taxonomy":"post_tag","embeddable":true,"href":"https:\/\/www.europesays.com\/fi\/wp-json\/wp\/v2\/tags?post=114296"}],"curies":[{"name":"wp","href":"https:\/\/api.w.org\/{rel}","templated":true}]}}