{"id":114298,"date":"2025-12-12T07:35:08","date_gmt":"2025-12-12T07:35:08","guid":{"rendered":"https:\/\/www.europesays.com\/fi\/114298\/"},"modified":"2025-12-12T07:35:08","modified_gmt":"2025-12-12T07:35:08","slug":"lehti-kaksi-suomalaispoliitikkoa-myontaa-olevansa-stasin-tietolahdelistalla","status":"publish","type":"post","link":"https:\/\/www.europesays.com\/fi\/114298\/","title":{"rendered":"Lehti: Kaksi suomalaispoliitikkoa my\u00f6nt\u00e4\u00e4 olevansa Stasin tietol\u00e4hdelistalla"},"content":{"rendered":"<p>Stasi|Kimmo Kivel\u00e4 ja Matti Viialainen p\u00e4\u00e4tyiv\u00e4t It\u00e4-Saksan sotilasasiamiehen laatimalle listalle 1980-luvulla.<\/p>\n<p>Lue tiivistelm\u00e4<\/p>\n<p>Tiivistelm\u00e4 on teko\u00e4lyn tekem\u00e4 ja ihmisen tarkistama.<\/p>\n<p class=\"article-body mb-nof-24 px-nof-16 sndp-summary-bullet-point-font\">Entinen kansanedustaja Kimmo Kivel\u00e4 ja entinen vasemmistoliiton puoluesihteeri Matti Viialainen ovat my\u00f6nt\u00e4neet olevansa It\u00e4-Saksan salaisen poliisin Stasin yhteisty\u00f6kontaktien listalla.<\/p>\n<p class=\"article-body mb-nof-24 px-nof-16 sndp-summary-bullet-point-font\">Suomen Sotilas -lehti l\u00f6ysi 13 nime\u00e4 sis\u00e4lt\u00e4v\u00e4n listan Saksan valtionarkistosta, jonka oli laatinut 1980-luvulla It\u00e4-Saksan sotilasasiamiehen\u00e4 Suomessa toiminut everstiluutnantti Frieder Schade.<\/p>\n<p class=\"article-body mb-nof-24 px-nof-16 sndp-summary-bullet-point-font\">Viialainen sanoo tehneens\u00e4 solidaarisuusty\u00f6t\u00e4 afrikkalaisten vapausliikkeiden eteen, eik\u00e4 h\u00e4nelle tullut mieleen ett\u00e4 yhteisty\u00f6h\u00f6n liittyisi tiedustelutoimintaa.<\/p>\n<p class=\"article-body mb-nof-24 px-nof-16 sndp-summary-bullet-point-font\">Kivel\u00e4 kertoo tavanneensa it\u00e4saksalaisia vuosina 1984\u20131986, mutta noudattaneensa ohjetta puhua vain julkisuudessa k\u00e4sitellyist\u00e4 asioista.<\/p>\n<p class=\"article-body mb-nof-24 px-nof-16\">Entinen kansanedustaja <a class=\"article-personlink\" href=\"https:\/\/www.hs.fi\/haku\/?query=Kimmo%20Kivel%C3%A4\" rel=\"nofollow noopener\" target=\"_blank\">Kimmo Kivel\u00e4 <\/a>ja entinen vasemmistoliiton puoluesihteeri <a class=\"article-personlink\" href=\"https:\/\/www.hs.fi\/haku\/?query=Matti%20Viialainen\" rel=\"nofollow noopener\" target=\"_blank\">Matti Viialainen<\/a> ovat my\u00f6nt\u00e4neet olevansa It\u00e4-Saksan salaisen poliisin Stasin yhteisty\u00f6kontaktien listalla, kertoo <a class=\"article-genericlink\" href=\"https:\/\/suomensotilas.fi\/\" rel=\"nofollow noopener\" target=\"_blank\">Suomen Sotilas -lehti<\/a>.<\/p>\n<p class=\"article-body mb-nof-24 px-nof-16\">Kyseess\u00e4 on 13 nime\u00e4 sis\u00e4lt\u00e4v\u00e4 lista, jonka Suomen Sotilas on l\u00f6yt\u00e4nyt Saksan valtionarkistosta eli Bundesarchivista. Bundesarchiv on peitt\u00e4nyt kaikki nimet yht\u00e4 lukuun ottamatta. <a class=\"article-genericlink\" href=\"https:\/\/suomensotilas.fi\/\" rel=\"nofollow noopener\" target=\"_blank\">HS selvitti<\/a>, ett\u00e4 kyseinen nimi kuului edesmenneelle suomalaiselle everstille.<\/p>\n<p class=\"article-body mb-nof-24 px-nof-16\">Lehti kutsuu luetteloa Schaden listaksi sen laatijan everstiluutnantti <a class=\"article-personlink\" href=\"https:\/\/www.hs.fi\/haku\/?query=Frieder%20Schaden\" rel=\"nofollow noopener\" target=\"_blank\">Frieder Schaden <\/a>mukaan. Schade toimi 1980-luvulla It\u00e4-Saksan sotilasasiamiehen\u00e4 Suomessa.<\/p>\n<p class=\"article-body mb-nof-24 px-nof-16\">Stasi eli Ministerium f\u00fcr Staatssicherheit oli It\u00e4-Saksan pahamaineinen turvallisuuspalvelu. Se valvoi laajasti muun muassa maan omia kansalaisia sek\u00e4 oli mukana vakoilussa ja tiedustelussa.<\/p>\n<p class=\"article-body mb-nof-24 px-nof-16\">Matti Viialainen, 72, on toiminut vuodesta 2021 l\u00e4htien Puumalan kunnanvaltuuston puheenjohtajana. Aiemmin h\u00e4n on ty\u00f6skennellyt muun muassa Etel\u00e4-Savon ja Etel\u00e4-Karjalan maakuntajohtajana ja SAK:n apulaisjohtajana.<\/p>\n<p class=\"article-body mb-nof-24 px-nof-16\">Vuonna 2003 HS:n entinen politiikan toimittaja <a class=\"article-personlink\" href=\"https:\/\/www.hs.fi\/haku\/?query=Pekka%20Vuoristo\" rel=\"nofollow noopener\" target=\"_blank\">Pekka Vuoristo <\/a><a class=\"article-genericlink\" href=\"https:\/\/www.hs.fi\/suomi\/art-2000004142462.html\" rel=\"nofollow noopener\" target=\"_blank\">kuvasi <\/a>Viialaista, ett\u00e4 h\u00e4n oli \u201dk\u00e4\u00e4ntymyksen tehnyt stalinisti, josta tuli kommunistipuolueen raunioille perustetun vasemmistoliiton ensimm\u00e4inen puoluesihteeri vuonna 1990\u201d. Puoluesihteerin\u00e4 h\u00e4n toimi kes\u00e4\u00e4n 1995 asti. Nykyisin Viialainen on Sdp:n riveiss\u00e4.<\/p>\n<p class=\"article-body mb-nof-24 px-nof-16\">Tasavallan presidentti my\u00f6nsi Viialaiselle itsen\u00e4isyysp\u00e4iv\u00e4n\u00e4 Suomen Leijonan I luokan ritarimerkin.<\/p>\n<p class=\"article-body mb-nof-24 px-nof-16\">Schaden listalla lukee Viialaisen kohdalla, ett\u00e4 yhteisty\u00f6ss\u00e4 h\u00e4nen kanssa k\u00e4ytet\u00e4\u00e4n peitteen\u00e4 virallista yhteisty\u00f6t\u00e4 suurl\u00e4hetyst\u00f6n kanssa ja tapaamiset j\u00e4rjestet\u00e4\u00e4n vain suurl\u00e4hetyst\u00f6n tiloissa.<\/p>\n<p class=\"article-body mb-nof-24 px-nof-16\">Viialainen kertoo Suomen Sotilaalle, ett\u00e4 h\u00e4n teki solidaarisuusty\u00f6t\u00e4 Afrikan kansalliskongressin eli ANC:n ja Lounais-Afrikan kansanj\u00e4rjest\u00f6n Swapon eteen. T\u00e4h\u00e4n ty\u00f6h\u00f6n tarvittiin Viialaisen mukaan yhteisty\u00f6kumppaniksi It\u00e4-Saksaa.<\/p>\n<p class=\"article-body mb-nof-24 px-nof-16\">Viialainen sanoo, ettei h\u00e4nelle tullut \u201dyht\u00e4\u00e4n mieleen, ett\u00e4 t\u00e4h\u00e4n yhteisty\u00f6h\u00f6n liittyisi jotain tiedustelutoimintaa\u201d.<\/p>\n<p class=\"article-body mb-nof-24 px-nof-16\">Suomen Maaseudun Puolueessa poliittisen uransa aloittanut Kimmo Kivel\u00e4, 64, on entinen perussuomalaisten (2011\u20132017) ja sinisten (2017\u20132019) kansanedustaja.<\/p>\n<p class=\"article-body mb-nof-24 px-nof-16\">Eduskunnassa h\u00e4n oli muun muassa j\u00e4senen\u00e4 perustuslaki\u00advaliokunnassa. Kivel\u00e4 on toiminut my\u00f6s Yleisradion hallintoneuvoston j\u00e4senen\u00e4 ja puheenjohtajana.<\/p>\n<p class=\"article-body mb-nof-24 px-nof-16\">Nyt Kiuruveden seurakunnan kirkkoherrana toimiva Kivel\u00e4 sai julkisuutta kaksi vuotta sitten, kun h\u00e4n kertoi olevansa tyytym\u00e4t\u00f6n saamaansa kunniamerkkiin. Kivel\u00e4 sai tuolloin Suomen Leijonan ritarimerkin vaikka h\u00e4n olisi mielest\u00e4\u00e4n ansainnut korkeamman tunnustuksen.<\/p>\n<p class=\"article-body mb-nof-24 px-nof-16\">Schaden listalla Kivel\u00e4st\u00e4 k\u00e4ytet\u00e4\u00e4n koodinime\u00e4 \u201dPastor\u201d. Listalla kerrotaan, ett\u00e4 it\u00e4saksalaisten tavoitteena oli laajentaa h\u00e4nen avullaan yhteyksi\u00e4 \u201dporvarillisiin piireihin\u201d. Yhteydenpidosta Kivel\u00e4\u00e4n p\u00e4\u00e4tettiin kuitenkin luopua vuonna 1987 sen hy\u00f6dytt\u00f6myyden vuoksi.<\/p>\n<p class=\"article-body mb-nof-24 px-nof-16\">Kivel\u00e4 kertoo Suomen Sotilaalle, ett\u00e4 h\u00e4nen yhteydenpitonsa it\u00e4saksalaisiin alkoi kes\u00e4ll\u00e4 1984, kun h\u00e4n vieraili SMP:n nuorisoliiton edustajana DDR:n l\u00e4hetyst\u00f6n puutarhajuhlissa Kulosaaressa. Viimeinen tapaaminen oli vuonna 1986, kun h\u00e4n sai it\u00e4saksalaiselta everstiluutnantilta joululahjaksi viskipullon.<\/p>\n<p class=\"article-body mb-nof-24 px-nof-16\">Kivel\u00e4n mukaan it\u00e4saksalaiset kyseliv\u00e4t politiikkaan liittyvist\u00e4 asioista, mutta h\u00e4n kertoo noudattaneensa SMP:n entisen puoluesihteerin <a class=\"article-personlink\" href=\"https:\/\/www.hs.fi\/haku\/?query=Urpo%20Lepp%C3%A4sen\" rel=\"nofollow noopener\" target=\"_blank\">Urpo Lepp\u00e4sen<\/a> ohjetta, ett\u00e4 tapaamisissa puhutaan vain sellaisista asioista, joita on k\u00e4sitelty julkisuudessa.<\/p>\n","protected":false},"excerpt":{"rendered":"Stasi|Kimmo Kivel\u00e4 ja Matti Viialainen p\u00e4\u00e4tyiv\u00e4t It\u00e4-Saksan sotilasasiamiehen laatimalle listalle 1980-luvulla. Lue tiivistelm\u00e4 Tiivistelm\u00e4 on teko\u00e4lyn tekem\u00e4 ja&hellip;\n","protected":false},"author":2,"featured_media":114299,"comment_status":"","ping_status":"","sticky":false,"template":"","format":"standard","meta":{"footnotes":""},"categories":[12],"tags":[22,23,26,27,33,31,30,17,46,24,25,28,29,15,18,21,32,19,20,16],"class_list":{"0":"post-114298","1":"post","2":"type-post","3":"status-publish","4":"format-standard","5":"has-post-thumbnail","7":"category-suomi","8":"tag-breaking-news","9":"tag-breakingnews","10":"tag-featured-news","11":"tag-featurednews","12":"tag-fi","13":"tag-finland","14":"tag-finnish","15":"tag-headlines","16":"tag-helsingin-sanomat","17":"tag-latest-news","18":"tag-latestnews","19":"tag-main-news","20":"tag-mainnews","21":"tag-news","22":"tag-otsikot","23":"tag-paauutiset","24":"tag-suomi","25":"tag-top-stories","26":"tag-topstories","27":"tag-uutiset"},"share_on_mastodon":{"url":"https:\/\/pubeurope.com\/@fi\/115705447988054172","error":""},"_links":{"self":[{"href":"https:\/\/www.europesays.com\/fi\/wp-json\/wp\/v2\/posts\/114298","targetHints":{"allow":["GET"]}}],"collection":[{"href":"https:\/\/www.europesays.com\/fi\/wp-json\/wp\/v2\/posts"}],"about":[{"href":"https:\/\/www.europesays.com\/fi\/wp-json\/wp\/v2\/types\/post"}],"author":[{"embeddable":true,"href":"https:\/\/www.europesays.com\/fi\/wp-json\/wp\/v2\/users\/2"}],"replies":[{"embeddable":true,"href":"https:\/\/www.europesays.com\/fi\/wp-json\/wp\/v2\/comments?post=114298"}],"version-history":[{"count":0,"href":"https:\/\/www.europesays.com\/fi\/wp-json\/wp\/v2\/posts\/114298\/revisions"}],"wp:featuredmedia":[{"embeddable":true,"href":"https:\/\/www.europesays.com\/fi\/wp-json\/wp\/v2\/media\/114299"}],"wp:attachment":[{"href":"https:\/\/www.europesays.com\/fi\/wp-json\/wp\/v2\/media?parent=114298"}],"wp:term":[{"taxonomy":"category","embeddable":true,"href":"https:\/\/www.europesays.com\/fi\/wp-json\/wp\/v2\/categories?post=114298"},{"taxonomy":"post_tag","embeddable":true,"href":"https:\/\/www.europesays.com\/fi\/wp-json\/wp\/v2\/tags?post=114298"}],"curies":[{"name":"wp","href":"https:\/\/api.w.org\/{rel}","templated":true}]}}