{"id":114300,"date":"2025-12-12T07:36:09","date_gmt":"2025-12-12T07:36:09","guid":{"rendered":"https:\/\/www.europesays.com\/fi\/114300\/"},"modified":"2025-12-12T07:36:09","modified_gmt":"2025-12-12T07:36:09","slug":"myyjat-kuvaavat-ja-kuuntelevat-asuntonayttoja","status":"publish","type":"post","link":"https:\/\/www.europesays.com\/fi\/114300\/","title":{"rendered":"Myyj\u00e4t kuvaavat ja kuuntelevat asunton\u00e4ytt\u00f6j\u00e4"},"content":{"rendered":"<p>Asuntokauppa|Kiinteist\u00f6v\u00e4litysalan keskusliiton toimitusjohtaja arvioi, ett\u00e4 kuvaamisen taustalla voi olla uteliaisuus.<\/p>\n<p class=\"article-body mb-nof-24 px-nof-16\">AsunTOJEN myyj\u00e4t kuvaavat tai kuuntelevat myyntikohteessa pidett\u00e4vi\u00e4 n\u00e4ytt\u00f6j\u00e4 entist\u00e4 useammin, tiedottaa Kiinteist\u00f6v\u00e4litysalan keskusliitto.<\/p>\n<p class=\"article-body mb-nof-24 px-nof-16\">Myyj\u00e4t ovat voineet k\u00e4ytt\u00e4\u00e4 esimerkiksi asunnossaan olevaa valvontaj\u00e4rjestelm\u00e4\u00e4 esittelyjen seuraamiseen. Valvontaj\u00e4rjestelm\u00e4n avulla pystyy tallentamaan kuvaa, jotkut j\u00e4rjestelm\u00e4t tallentavat kuvan lis\u00e4ksi my\u00f6s \u00e4\u00e4nt\u00e4. Joidenkin j\u00e4rjestelmien v\u00e4litt\u00e4m\u00e4\u00e4 materiaalia pystyy seuraamaan puhelimeltaan reaaliajassa.<\/p>\n<p class=\"article-body mb-nof-24 px-nof-16\">Esittelyjen kuuntelu ja kuvaaminen ovat lis\u00e4\u00e4ntyneet, koska valvontaj\u00e4rjestelm\u00e4t ovat yleistyneet, liiton toimitusjohtaja <a class=\"article-personlink\" href=\"https:\/\/www.hs.fi\/haku\/?query=Tuomas%20Viljamaa\" rel=\"nofollow noopener\" target=\"_blank\">Tuomas Viljamaa<\/a> kertoo HS:lle. Myyj\u00e4t voivat esimerkiksi kuunnella v\u00e4litt\u00e4j\u00e4n ja ostajaehdokkaan keskustelua.<\/p>\n<p class=\"article-body mb-nof-24 px-nof-16\">Viljamaan mukaan kuvaus- ja kuuntelutapauksia on tyypillisesti omakotitaloissa ja hienommissa m\u00f6keiss\u00e4, sill\u00e4 niiss\u00e4 valvontaj\u00e4rjestelmi\u00e4 yleisesti on. H\u00e4nen mukaansa ilmi\u00f6 on olemassa koko Suomessa.<\/p>\n<p class=\"article-body mb-nof-24 px-nof-16\">Viljamaa tiet\u00e4\u00e4 tapauksista, joissa kamerat on piilotettu jopa pehmoleluihin ja ovikelloon.<\/p>\n<p class=\"article-body mb-nof-24 px-nof-16\">Miksi myyj\u00e4t haluavat tiet\u00e4\u00e4, mit\u00e4 n\u00e4yt\u00f6ll\u00e4 tapahtuu?<\/p>\n<p class=\"article-body mb-nof-24 px-nof-16\">Viljamaa uskoo, ett\u00e4 ihmiset ovat uteliaita. H\u00e4n pohtii, voiko osa myyjist\u00e4 haluta taltioida n\u00e4yt\u00f6n varmuuden vuoksi tai arvioida v\u00e4litt\u00e4j\u00e4n tekem\u00e4\u00e4 esittely\u00e4.<\/p>\n<p class=\"article-body mb-nof-24 px-nof-16\">Ostajaehdokkaalla ja v\u00e4litt\u00e4j\u00e4ll\u00e4 on oikeus yksityisyyteen. Kuvaamiseen ja kuunteluun tarvitsee aina v\u00e4litt\u00e4j\u00e4n tai ostajaehdokkaiden luvan. Ilman heid\u00e4n lupaansa myyj\u00e4 saattaa syyllisty\u00e4 rikokseen kuunnellessaan tai katsellessaan n\u00e4ytt\u00f6\u00e4.<\/p>\n<p class=\"article-body mb-nof-24 px-nof-16\">Viljamaan mukaan kuvaaminen ja kuuntelu voivat johtua my\u00f6s myyj\u00e4n tiet\u00e4m\u00e4tt\u00f6myydest\u00e4: Ei ole ymm\u00e4rretty, ett\u00e4 esimerkiksi valvontalaitteen k\u00e4ytt\u00e4minen asunton\u00e4yt\u00f6n aikana ei ole sopivaa.<\/p>\n<p class=\"article-body mb-nof-24 px-nof-16\">Tarkoitus ei ole toimia mitenk\u00e4\u00e4n v\u00e4\u00e4rin, mutta koska j\u00e4rjestelm\u00e4t mahdollistavat asunton\u00e4yt\u00f6n seuraamisen, niin tehd\u00e4\u00e4n. Myyj\u00e4 saattaa my\u00f6s virheellisesti ajatella, ett\u00e4 h\u00e4n saa kuvata omassa kodissaan, vaikka se on myynniss\u00e4.<\/p>\n<p class=\"article-body mb-nof-24 px-nof-16\">Viljamaan mukaan on tapauskohtaista, miten myyj\u00e4n kannattaa menetell\u00e4, jotta ei tulisi salakuvanneeksi tai -kuunnelleeksi vahingossa.<\/p>\n<p class=\"article-body mb-nof-24 px-nof-16\">Hyv\u00e4 tapa on sammuttaa valvontaj\u00e4rjestelm\u00e4 n\u00e4yt\u00f6n ajaksi. Niin Viljamaa toivoisi teht\u00e4v\u00e4n, jos olisi itse ostajaehdokas.<\/p>\n","protected":false},"excerpt":{"rendered":"Asuntokauppa|Kiinteist\u00f6v\u00e4litysalan keskusliiton toimitusjohtaja arvioi, ett\u00e4 kuvaamisen taustalla voi olla uteliaisuus. AsunTOJEN myyj\u00e4t kuvaavat tai kuuntelevat myyntikohteessa pidett\u00e4vi\u00e4 n\u00e4ytt\u00f6j\u00e4&hellip;\n","protected":false},"author":2,"featured_media":114301,"comment_status":"","ping_status":"","sticky":false,"template":"","format":"standard","meta":{"footnotes":""},"categories":[5],"tags":[22,23,26,27,33,31,30,17,46,24,25,28,29,15,18,21,32,19,20,16],"class_list":{"0":"post-114300","1":"post","2":"type-post","3":"status-publish","4":"format-standard","5":"has-post-thumbnail","7":"category-otsikot","8":"tag-breaking-news","9":"tag-breakingnews","10":"tag-featured-news","11":"tag-featurednews","12":"tag-fi","13":"tag-finland","14":"tag-finnish","15":"tag-headlines","16":"tag-helsingin-sanomat","17":"tag-latest-news","18":"tag-latestnews","19":"tag-main-news","20":"tag-mainnews","21":"tag-news","22":"tag-otsikot","23":"tag-paauutiset","24":"tag-suomi","25":"tag-top-stories","26":"tag-topstories","27":"tag-uutiset"},"share_on_mastodon":{"url":"https:\/\/pubeurope.com\/@fi\/115705451820718620","error":""},"_links":{"self":[{"href":"https:\/\/www.europesays.com\/fi\/wp-json\/wp\/v2\/posts\/114300","targetHints":{"allow":["GET"]}}],"collection":[{"href":"https:\/\/www.europesays.com\/fi\/wp-json\/wp\/v2\/posts"}],"about":[{"href":"https:\/\/www.europesays.com\/fi\/wp-json\/wp\/v2\/types\/post"}],"author":[{"embeddable":true,"href":"https:\/\/www.europesays.com\/fi\/wp-json\/wp\/v2\/users\/2"}],"replies":[{"embeddable":true,"href":"https:\/\/www.europesays.com\/fi\/wp-json\/wp\/v2\/comments?post=114300"}],"version-history":[{"count":0,"href":"https:\/\/www.europesays.com\/fi\/wp-json\/wp\/v2\/posts\/114300\/revisions"}],"wp:featuredmedia":[{"embeddable":true,"href":"https:\/\/www.europesays.com\/fi\/wp-json\/wp\/v2\/media\/114301"}],"wp:attachment":[{"href":"https:\/\/www.europesays.com\/fi\/wp-json\/wp\/v2\/media?parent=114300"}],"wp:term":[{"taxonomy":"category","embeddable":true,"href":"https:\/\/www.europesays.com\/fi\/wp-json\/wp\/v2\/categories?post=114300"},{"taxonomy":"post_tag","embeddable":true,"href":"https:\/\/www.europesays.com\/fi\/wp-json\/wp\/v2\/tags?post=114300"}],"curies":[{"name":"wp","href":"https:\/\/api.w.org\/{rel}","templated":true}]}}