{"id":114304,"date":"2025-12-12T07:48:08","date_gmt":"2025-12-12T07:48:08","guid":{"rendered":"https:\/\/www.europesays.com\/fi\/114304\/"},"modified":"2025-12-12T07:48:08","modified_gmt":"2025-12-12T07:48:08","slug":"noora-toivon-paljastukset-erikoisjoukot-kuvaukset-aiheuttivat-vakavia-terveysongelmia","status":"publish","type":"post","link":"https:\/\/www.europesays.com\/fi\/114304\/","title":{"rendered":"Noora Toivon paljastukset: Erikoisjoukot-kuvaukset aiheuttivat vakavia terveysongelmia"},"content":{"rendered":"<p>\n            Erikoisjoukot<br \/>\n            Jere Hietala \/ Sanoma\n        <\/p>\n<p class=\"subtitle \">Erikoisjoukot-ohjelmaa kuvaillaan Suomen brutaaleimmaksi tosi-tv-ohjelmaksi.<\/p>\n<p class=\"article-content article-content-width !bg-background\">Urheilutoimittaja  kertoi taannoin sairastuneensa keuhkoputkentulehdukseen Erikoisjoukot-kuvauksissa.<\/p>\n<p class=\"article-content article-content-width !bg-background\">\u2013 P\u00e4\u00e4tin aika alussa tuolla leirill\u00e4, ett\u00e4 en luovuta. Minut joko heitet\u00e4\u00e4n pihalle tai joku saa kantaa paareissa ulos. Toki hintana t\u00e4st\u00e4 p\u00e4\u00e4t\u00f6ksest\u00e4 on se, ett\u00e4 mun keuhkot (6kk my\u00f6hemmin) on edelleen paskana, Mutta edelleen pysyn p\u00e4\u00e4t\u00f6ksess\u00e4ni! <a href=\"https:\/\/www.instagram.com\/nooratoivo\/\" target=\"_blank\" rel=\"nofollow noopener\">Noora kertoi taannoin Instagram-tilill\u00e4\u00e4n<\/a>.<\/p>\n<p>        <a itemprop=\"url\" href=\"https:\/\/www.seiska.fi\/katso\/ylen-toimittaja-paljastaa-erikoisjoukot-leirin-karut-seuraukset\/1999529\" rel=\"nofollow noopener\" target=\"_blank\"><\/p>\n<p>\nErikoisjoukot-kokelas\n<\/p>\n<p class=\"section-date\">\n        <strong class=\"article-section\" data-section=\"katso\"><br \/>\n            katso<br \/>\n        <\/strong><br \/>\n        21.11. 09:15\n    <\/p>\n<p>Ylen toimittaja paljastaa Erikoisjoukot-leirin karut seuraukset\n    <\/p>\n<p itemprop=\"description\" class=\"subtitle \">\n    Erikoisjoukot-leiri j\u00e4tti j\u00e4lkens\u00e4 Noora Toivoon.\n<\/p>\n<p>        <\/a><\/p>\n<p class=\"article-content article-content-width !bg-background\">Nyt Noora vastailee katsojien kysymyksiin Instagram-tilins\u00e4 tarinat-osiossa. Tarinat poistuvat 24 tunnin j\u00e4lkeen julkaisusta.<\/p>\n<p class=\"article-content article-content-width !bg-background\">Noora kertoo kysytt\u00e4ess\u00e4, ettei h\u00e4nen keuhkoputkentulehduksensa parantunut leirin j\u00e4lkeen. H\u00e4n my\u00f6s sanoo, ett\u00e4 yskii edelleen ja t\u00e4ll\u00e4 hetkell\u00e4 l\u00e4\u00e4k\u00e4ri ep\u00e4ilee, ett\u00e4 astma saattoi laueta leirin aikana.<\/p>\n<p class=\"article-content article-content-width !bg-background\">\u2013 Sain kortisonin, mit\u00e4 ved\u00e4n nyt 6 viikkoa, Noora kertoo.<\/p>\n<p>                <img loading=\"lazy\" decoding=\"async\" src=\"https:\/\/www.europesays.com\/fi\/wp-content\/uploads\/2025\/12\/2019869.webp\" width=\"576\" height=\"274\" title=\"Noora Toivo k\u00e4rsii edelleen keuhkoputkentulehdun seurauksista.\" alt=\"Erikoisjoukot: Noora Toivo\" \/>            <\/p>\n<p>\n            Noora Toivo k\u00e4rsii edelleen keuhkoputkentulehdun seurauksista.<br \/>\n            Jere Hietala \/ Sanoma\n        <\/p>\n<p>        <a itemprop=\"url\" href=\"https:\/\/www.seiska.fi\/katso\/mikko-kekalainen-erikoisjoukot-kouluttajilta-suorat-sanat-suorituksesta\/2019761\" rel=\"nofollow noopener\" target=\"_blank\"><\/p>\n<p>\nMikko Kek\u00e4l\u00e4inen\n<\/p>\n<p class=\"section-date\">\n        <strong class=\"article-section\" data-section=\"katso\"><br \/>\n            katso<br \/>\n        <\/strong><br \/>\n        08:15\n    <\/p>\n<p>Mikko Kek\u00e4l\u00e4inen: Erikoisjoukot-kouluttajilta suorat sanat suorituksesta\n    <\/p>\n<p itemprop=\"description\" class=\"subtitle \">\n    Mikko Kek\u00e4l\u00e4inen kommentoi matkaansa Erikoisjoukot-leirill\u00e4.\n<\/p>\n<p>        <\/a><\/p>\n<p>Hypotermia<\/p>\n<p class=\"article-content article-content-width !bg-background\">Edellisess\u00e4 jaksossa kokelaat otettiin kiinni ja heit\u00e4 kidutettiin Nooran mukaan noin 16 tunnin ajan muun muassa vauvan itkulla samalla, kun he olivat stressiasennoissa.<\/p>\n<p class=\"article-content article-content-width !bg-background\">Tarkkasilm\u00e4inen katsoja huomasi, ett\u00e4 Nooralla oli kokelasvaatteet p\u00e4\u00e4ll\u00e4 kun taas muilla haalarit.<\/p>\n<p class=\"article-content article-content-width !bg-background\">\u2013 Minut otettiin tunniksi sivuun kuulustelun aikana, koska olin l\u00e4hell\u00e4 hypotermiaa ja t\u00e4risin niin hillitsem\u00e4tt\u00f6m\u00e4sti. Olisi ollut vissiin vaarallista, jos ei olisi otettu hetkeksi sivuun ja laitettu enemm\u00e4n vaatetta, Noora paljastaa.<\/p>\n<p class=\"italic m-italic article-content article-content-width !bg-background\">Erikoisjoukot torstaisin Nelosella ja Ruudussa.<\/p>\n<p>        <a itemprop=\"url\" href=\"https:\/\/www.seiska.fi\/katso\/tata-et-nahnyt-erikoisjoukoissa-tuotanto-puuttui-vakavaan-tilanteeseen\/2012291\" rel=\"nofollow noopener\" target=\"_blank\"><\/p>\n<p>\nT\u00e4t\u00e4 et n\u00e4hnyt Erikoisjoukoissa!\n<\/p>\n<p class=\"section-date\">\n        <strong class=\"article-section\" data-section=\"katso\"><br \/>\n            katso<br \/>\n        <\/strong><br \/>\n        5.12. 09:45\n    <\/p>\n<p>T\u00e4t\u00e4 et n\u00e4hnyt Erikoisjoukoissa: Tuotanto puuttui vakavaan tilanteeseen\n    <\/p>\n<p itemprop=\"description\" class=\"subtitle \">\n    Noora Toivo joutui tarkkailuun Erikoisjoukkojen teht\u00e4v\u00e4ss\u00e4.\n<\/p>\n<p>        <\/a><\/p>\n<p><script async src=\"\/\/www.instagram.com\/embed.js\"><\/script><\/p>\n","protected":false},"excerpt":{"rendered":"Erikoisjoukot Jere Hietala \/ Sanoma Erikoisjoukot-ohjelmaa kuvaillaan Suomen brutaaleimmaksi tosi-tv-ohjelmaksi. Urheilutoimittaja kertoi taannoin sairastuneensa keuhkoputkentulehdukseen Erikoisjoukot-kuvauksissa. \u2013 P\u00e4\u00e4tin&hellip;\n","protected":false},"author":2,"featured_media":114305,"comment_status":"","ping_status":"","sticky":false,"template":"","format":"standard","meta":{"footnotes":""},"categories":[136],"tags":[407,137,2159,33,31,30,408,1758,13689,2158,32,1214,1318,109],"class_list":{"0":"post-114304","1":"post","2":"type-post","3":"status-publish","4":"format-standard","5":"has-post-thumbnail","7":"category-julkkikset","8":"tag-celebrities","9":"tag-entertainment","10":"tag-erikoisjoukot","11":"tag-fi","12":"tag-finland","13":"tag-finnish","14":"tag-julkkikset","15":"tag-nelonen","16":"tag-noora-toivo","17":"tag-ruutu","18":"tag-suomi","19":"tag-tosi-tv","20":"tag-tv-ohjelma","21":"tag-viihde"},"share_on_mastodon":{"url":"https:\/\/pubeurope.com\/@fi\/115705499290229036","error":""},"_links":{"self":[{"href":"https:\/\/www.europesays.com\/fi\/wp-json\/wp\/v2\/posts\/114304","targetHints":{"allow":["GET"]}}],"collection":[{"href":"https:\/\/www.europesays.com\/fi\/wp-json\/wp\/v2\/posts"}],"about":[{"href":"https:\/\/www.europesays.com\/fi\/wp-json\/wp\/v2\/types\/post"}],"author":[{"embeddable":true,"href":"https:\/\/www.europesays.com\/fi\/wp-json\/wp\/v2\/users\/2"}],"replies":[{"embeddable":true,"href":"https:\/\/www.europesays.com\/fi\/wp-json\/wp\/v2\/comments?post=114304"}],"version-history":[{"count":0,"href":"https:\/\/www.europesays.com\/fi\/wp-json\/wp\/v2\/posts\/114304\/revisions"}],"wp:featuredmedia":[{"embeddable":true,"href":"https:\/\/www.europesays.com\/fi\/wp-json\/wp\/v2\/media\/114305"}],"wp:attachment":[{"href":"https:\/\/www.europesays.com\/fi\/wp-json\/wp\/v2\/media?parent=114304"}],"wp:term":[{"taxonomy":"category","embeddable":true,"href":"https:\/\/www.europesays.com\/fi\/wp-json\/wp\/v2\/categories?post=114304"},{"taxonomy":"post_tag","embeddable":true,"href":"https:\/\/www.europesays.com\/fi\/wp-json\/wp\/v2\/tags?post=114304"}],"curies":[{"name":"wp","href":"https:\/\/api.w.org\/{rel}","templated":true}]}}