{"id":114318,"date":"2025-12-12T08:00:07","date_gmt":"2025-12-12T08:00:07","guid":{"rendered":"https:\/\/www.europesays.com\/fi\/114318\/"},"modified":"2025-12-12T08:00:07","modified_gmt":"2025-12-12T08:00:07","slug":"viktor-orban-puolustaa-venajan-rahoja","status":"publish","type":"post","link":"https:\/\/www.europesays.com\/fi\/114318\/","title":{"rendered":"Viktor Orb\u00e1n puolustaa Ven\u00e4j\u00e4n rahoja"},"content":{"rendered":"<p class=\"ai-optimize-6 ai-optimize-introduction\">Unkarin p\u00e4\u00e4ministerin <strong>Viktor Orb\u00e1nin<\/strong> mukaan EU:ssa tapahtuu t\u00e4n\u00e4\u00e4n \u201djotain peruuttamatonta\u201d.<\/p>\n<p class=\"ai-optimize-7\">\u2013 Puolenp\u00e4iv\u00e4n aikaan j\u00e4rjestet\u00e4\u00e4n kirjallinen \u00e4\u00e4nestys, joka aiheuttaa unionille korjaamatonta vahinkoa, Orb\u00e1n sanoo X-p\u00e4ivityksess\u00e4\u00e4n.<\/p>\n<p class=\"ai-optimize-8\">\u2013 \u00c4\u00e4nestyksen kohteena ovat j\u00e4\u00e4dytetyt ven\u00e4l\u00e4iset varat, joista EU:n j\u00e4senvaltiot ovat t\u00e4h\u00e4n asti \u00e4\u00e4nest\u00e4neet kuuden kuukauden v\u00e4lein ja tehneet yksimielisen p\u00e4\u00e4t\u00f6ksen. T\u00e4m\u00e4np\u00e4iv\u00e4isell\u00e4 menettelyll\u00e4 brysselil\u00e4iset poistavat yksimielisyysvaatimuksen yhdell\u00e4 kyn\u00e4nvedolla, mik\u00e4 on selv\u00e4sti lainvastaista, Orb\u00e1n jatkaa.<\/p>\n<p class=\"ai-optimize-9\">Kyse on siit\u00e4, ett\u00e4 EU:ssa halutaan est\u00e4\u00e4 Unkarin ja Slovakian veto-oikeuden k\u00e4ytt\u00f6, ja lopettaa Ven\u00e4j\u00e4n j\u00e4\u00e4dytetyist\u00e4 varoista \u00e4\u00e4nest\u00e4minen kuuden kuukauden v\u00e4lein. Pysyv\u00e4 j\u00e4\u00e4dytt\u00e4minen toimii pohjana sille, ett\u00e4 varoja voidaan k\u00e4ytt\u00e4\u00e4 Ukrainan tukemiseen. Kirjallisessa menettelyss\u00e4 p\u00e4\u00e4t\u00f6ksentekoon riitt\u00e4\u00e4 m\u00e4\u00e4r\u00e4enemmist\u00f6 EU:n perussopimuksen 122 artiklan nojalla.<\/p>\n<p class=\"ai-optimize-10\">Orb\u00e1nin mielest\u00e4 oikeusvaltioperiaate Euroopan unionissa tulee tiens\u00e4 p\u00e4\u00e4h\u00e4n ja Euroopan johtajat asettavat itsens\u00e4 s\u00e4\u00e4nt\u00f6jen yl\u00e4puolelle.<\/p>\n<p class=\"ai-optimize-11\">\u2013 Sen sijaan ett\u00e4 Euroopan komissio turvaisi EU:n perussopimusten noudattamisen, se raiskaa j\u00e4rjestelm\u00e4llisesti eurooppalaista oikeutta. N\u00e4in tehd\u00e4\u00e4n, jotta Ukrainassa k\u00e4yt\u00e4v\u00e4\u00e4 sotaa voidaan jatkaa \u2013 sotaa, jota ei selv\u00e4sti voida voittaa. Kaikki t\u00e4m\u00e4 tapahtuu avoimesti, alle viikko ennen Eurooppa-neuvoston kokousta, joka on unionin t\u00e4rkein p\u00e4\u00e4t\u00f6ksentekoelin ja kokoaa yhteen valtioiden ja hallitusten p\u00e4\u00e4miehet. T\u00e4m\u00e4n my\u00f6t\u00e4 Euroopan unionissa oikeusvaltioperiaate korvataan byrokraattien vallalla. Toisin sanoen Brysselin diktatuuri on ottanut vallan, Orb\u00e1n pauhaa.<\/p>\n<p class=\"ai-optimize-12\">\u2013 Unkari vastustaa t\u00e4t\u00e4 p\u00e4\u00e4t\u00f6st\u00e4 ja tekee kaiken voitavansa laillisen j\u00e4rjestyksen palauttamiseksi, h\u00e4n jatkaa.<\/p>\n<blockquote class=\"twitter-tweet\" data-width=\"550\" data-dnt=\"true\">\n<p lang=\"en\" dir=\"ltr\">Today, the Brusselians are crossing the Rubicon. At noon, a written vote will take place that will cause irreparable damage to the Union.<\/p>\n<p>The subject of the vote is the frozen Russian assets, on which the EU member states have so far voted every 6 months and adopted a unanimous\u2026<\/p>\n<p>\u2014 Orb\u00e1n Viktor (@PM_ViktorOrban) <a href=\"https:\/\/twitter.com\/PM_ViktorOrban\/status\/1999358779763183953?ref_src=twsrc%5Etfw\" rel=\"nofollow noopener\" target=\"_blank\">December 12, 2025<\/a><\/p>\n<\/blockquote>\n<p>\t\t\t\t<script async src=\"https:\/\/platform.twitter.com\/widgets.js\" charset=\"utf-8\"><\/script><\/p>\n","protected":false},"excerpt":{"rendered":"Unkarin p\u00e4\u00e4ministerin Viktor Orb\u00e1nin mukaan EU:ssa tapahtuu t\u00e4n\u00e4\u00e4n \u201djotain peruuttamatonta\u201d. \u2013 Puolenp\u00e4iv\u00e4n aikaan j\u00e4rjestet\u00e4\u00e4n kirjallinen \u00e4\u00e4nestys, joka aiheuttaa&hellip;\n","protected":false},"author":2,"featured_media":114319,"comment_status":"","ping_status":"","sticky":false,"template":"","format":"standard","meta":{"footnotes":""},"categories":[14],"tags":[22,23,3462,26,27,33,31,30,17,24,25,28,29,15,18,21,32,19,20,56,16,547,59,60,61],"class_list":{"0":"post-114318","1":"post","2":"type-post","3":"status-publish","4":"format-standard","5":"has-post-thumbnail","7":"category-ulkomaat","8":"tag-breaking-news","9":"tag-breakingnews","10":"tag-eu","11":"tag-featured-news","12":"tag-featurednews","13":"tag-fi","14":"tag-finland","15":"tag-finnish","16":"tag-headlines","17":"tag-latest-news","18":"tag-latestnews","19":"tag-main-news","20":"tag-mainnews","21":"tag-news","22":"tag-otsikot","23":"tag-paauutiset","24":"tag-suomi","25":"tag-top-stories","26":"tag-topstories","27":"tag-ulkomaat","28":"tag-uutiset","29":"tag-venaja","30":"tag-world","31":"tag-world-news","32":"tag-worldnews"},"share_on_mastodon":{"url":"https:\/\/pubeurope.com\/@fi\/115705546272714013","error":""},"_links":{"self":[{"href":"https:\/\/www.europesays.com\/fi\/wp-json\/wp\/v2\/posts\/114318","targetHints":{"allow":["GET"]}}],"collection":[{"href":"https:\/\/www.europesays.com\/fi\/wp-json\/wp\/v2\/posts"}],"about":[{"href":"https:\/\/www.europesays.com\/fi\/wp-json\/wp\/v2\/types\/post"}],"author":[{"embeddable":true,"href":"https:\/\/www.europesays.com\/fi\/wp-json\/wp\/v2\/users\/2"}],"replies":[{"embeddable":true,"href":"https:\/\/www.europesays.com\/fi\/wp-json\/wp\/v2\/comments?post=114318"}],"version-history":[{"count":0,"href":"https:\/\/www.europesays.com\/fi\/wp-json\/wp\/v2\/posts\/114318\/revisions"}],"wp:featuredmedia":[{"embeddable":true,"href":"https:\/\/www.europesays.com\/fi\/wp-json\/wp\/v2\/media\/114319"}],"wp:attachment":[{"href":"https:\/\/www.europesays.com\/fi\/wp-json\/wp\/v2\/media?parent=114318"}],"wp:term":[{"taxonomy":"category","embeddable":true,"href":"https:\/\/www.europesays.com\/fi\/wp-json\/wp\/v2\/categories?post=114318"},{"taxonomy":"post_tag","embeddable":true,"href":"https:\/\/www.europesays.com\/fi\/wp-json\/wp\/v2\/tags?post=114318"}],"curies":[{"name":"wp","href":"https:\/\/api.w.org\/{rel}","templated":true}]}}