{"id":114320,"date":"2025-12-12T08:01:10","date_gmt":"2025-12-12T08:01:10","guid":{"rendered":"https:\/\/www.europesays.com\/fi\/114320\/"},"modified":"2025-12-12T08:01:10","modified_gmt":"2025-12-12T08:01:10","slug":"ei-ole-suomeen-hyokatty-kovat-aanet-hammensivat-tuusulassa-keskella-yota","status":"publish","type":"post","link":"https:\/\/www.europesays.com\/fi\/114320\/","title":{"rendered":"&#8221;Ei ole Suomeen hy\u00f6k\u00e4tty&#8221; \u2013 Kovat \u00e4\u00e4net h\u00e4mmensiv\u00e4t Tuusulassa keskell\u00e4 y\u00f6t\u00e4"},"content":{"rendered":"<p>Poliisin mukaan y\u00f6llinen pauke ei merkitse sodan alkamista.<\/p>\n<p><img decoding=\"async\" class=\"image image-show image-preview\" src=\"https:\/\/www.europesays.com\/fi\/wp-content\/uploads\/2025\/12\/b6b1deb8b1d6993af212b3d47622016304a00615f5f2af7588579a4b79a7914d.jpg\" alt=\"\"\/><img decoding=\"async\" class=\"image image-show\" src=\"https:\/\/www.europesays.com\/fi\/wp-content\/uploads\/2025\/12\/1765526470_296_b6b1deb8b1d6993af212b3d47622016304a00615f5f2af7588579a4b79a7914d.jpg\" alt=\"\"\/><\/p>\n<p>Tuusulassa kuului Iltalehden lukijoiden mukaan kovia pamauksia y\u00f6n aikana. Kuva ei liity juttuun. Joel Maisalmi<\/p>\n<p class=\"paragraph\">Tuusulassa Uudellamaalla h\u00e4mm\u00e4steltiin torstain ja perjantain v\u00e4lisen\u00e4 y\u00f6n\u00e4 kovaa pauketta. Iltalehti sai y\u00f6n aikana lukijoilta useita yhteydenottoja.<\/p>\n<p class=\"paragraph\">\u2013 Ei ole Suomeen hy\u00f6k\u00e4tty, siell\u00e4 on sotilaita harjoittelemassa. T\u00e4m\u00e4 on ihan Puolustusvoimien ennakkoon ilmoittama harjoitus, Helsingin poliisilaitoksen johtokeskuksesta kerrotaan Iltalehdelle torstaiaamuna.<\/p>\n<p class=\"paragraph\"><a href=\"https:\/\/maavoimat.fi\/-\/kaartin-jaakarirykmentti-harjoittelee-uudellamaalla-10.-12.12.2025\" target=\"_blank\" rel=\"noopener nofollow\">Maavoimat tiedotti<\/a> tiistaina, ett\u00e4 Kaartin j\u00e4\u00e4k\u00e4rirykmentti harjoittelee yhdess\u00e4 muiden viranomaisten kanssa Helsingiss\u00e4 ja muualla Uudellamaalla keskiviikosta perjantaihin.<\/p>\n<p class=\"paragraph\">Tiedotteen mukaan harjoitukseen liittyv\u00e4\u00e4 toimintaa on kaikkina vuorokaudenaikoina. Harjoitukset tapahtuvat maavoimien mukaan sek\u00e4 maastossa ett\u00e4 rakennetulla alueella kiinteist\u00f6iss\u00e4, joiden k\u00e4yt\u00f6st\u00e4 on sovittu etuk\u00e4teen.<\/p>\n<p class=\"paragraph\">Harjoitusjoukkoihin kuuluu sotilaita ja muita viranomaisia, jotka tiedotteen mukaan liikkuvat taisteluvarustuksessa harjoituskohteissa ja niiden l\u00e4hell\u00e4.<\/p>\n<p class=\"paragraph\">\u2013 Harjoituksessa k\u00e4ytet\u00e4\u00e4n harjoitusampumatarvikkeita p\u00e4\u00e4s\u00e4\u00e4nt\u00f6isesti harjoitukseen varattujen kiinteist\u00f6jen sis\u00e4puolella, tiedotteessa kerrotaan.<\/p>\n","protected":false},"excerpt":{"rendered":"Poliisin mukaan y\u00f6llinen pauke ei merkitse sodan alkamista. Tuusulassa kuului Iltalehden lukijoiden mukaan kovia pamauksia y\u00f6n aikana. Kuva&hellip;\n","protected":false},"author":2,"featured_media":114321,"comment_status":"","ping_status":"","sticky":false,"template":"","format":"standard","meta":{"footnotes":""},"categories":[12],"tags":[35,802,804,22,23,26,27,33,31,30,17,24,25,803,28,29,15,18,21,878,2535,32,19,20,16],"class_list":{"0":"post-114320","1":"post","2":"type-post","3":"status-publish","4":"format-standard","5":"has-post-thumbnail","7":"category-suomi","8":"tag-24h","9":"tag-armeijat-ja-aseelliset-joukot","10":"tag-aseelliset-konfliktit","11":"tag-breaking-news","12":"tag-breakingnews","13":"tag-featured-news","14":"tag-featurednews","15":"tag-fi","16":"tag-finland","17":"tag-finnish","18":"tag-headlines","19":"tag-latest-news","20":"tag-latestnews","21":"tag-levottomuudet-ja-sodat","22":"tag-main-news","23":"tag-mainnews","24":"tag-news","25":"tag-otsikot","26":"tag-paauutiset","27":"tag-puolustus-ja-rajavalvonta-maanpuolustus","28":"tag-puolustuspolitiikka","29":"tag-suomi","30":"tag-top-stories","31":"tag-topstories","32":"tag-uutiset"},"share_on_mastodon":{"url":"https:\/\/pubeurope.com\/@fi\/115705550359652327","error":""},"_links":{"self":[{"href":"https:\/\/www.europesays.com\/fi\/wp-json\/wp\/v2\/posts\/114320","targetHints":{"allow":["GET"]}}],"collection":[{"href":"https:\/\/www.europesays.com\/fi\/wp-json\/wp\/v2\/posts"}],"about":[{"href":"https:\/\/www.europesays.com\/fi\/wp-json\/wp\/v2\/types\/post"}],"author":[{"embeddable":true,"href":"https:\/\/www.europesays.com\/fi\/wp-json\/wp\/v2\/users\/2"}],"replies":[{"embeddable":true,"href":"https:\/\/www.europesays.com\/fi\/wp-json\/wp\/v2\/comments?post=114320"}],"version-history":[{"count":0,"href":"https:\/\/www.europesays.com\/fi\/wp-json\/wp\/v2\/posts\/114320\/revisions"}],"wp:featuredmedia":[{"embeddable":true,"href":"https:\/\/www.europesays.com\/fi\/wp-json\/wp\/v2\/media\/114321"}],"wp:attachment":[{"href":"https:\/\/www.europesays.com\/fi\/wp-json\/wp\/v2\/media?parent=114320"}],"wp:term":[{"taxonomy":"category","embeddable":true,"href":"https:\/\/www.europesays.com\/fi\/wp-json\/wp\/v2\/categories?post=114320"},{"taxonomy":"post_tag","embeddable":true,"href":"https:\/\/www.europesays.com\/fi\/wp-json\/wp\/v2\/tags?post=114320"}],"curies":[{"name":"wp","href":"https:\/\/api.w.org\/{rel}","templated":true}]}}