{"id":114322,"date":"2025-12-12T08:02:08","date_gmt":"2025-12-12T08:02:08","guid":{"rendered":"https:\/\/www.europesays.com\/fi\/114322\/"},"modified":"2025-12-12T08:02:08","modified_gmt":"2025-12-12T08:02:08","slug":"myyjat-salakuvaavat-asuntonayttoja-laitonta-sanovat-kiinteistonvalittajat-uutisia-lyhyesti","status":"publish","type":"post","link":"https:\/\/www.europesays.com\/fi\/114322\/","title":{"rendered":"Myyj\u00e4t salakuvaavat asunton\u00e4ytt\u00f6j\u00e4 \u2013 laitonta, sanovat kiinteist\u00f6nv\u00e4litt\u00e4j\u00e4t | Uutisia lyhyesti"},"content":{"rendered":"<p class=\"aw-1gybjub aw-5vja16 kEtdKx kmuxyA yle__article__paragraph\">Kaikki asuntoaan myyv\u00e4t eiv\u00e4t tied\u00e4, ett\u00e4 esittelyss\u00e4 ilman lupaa kuvaaminen tai kuunteleminen on laitonta.<\/p>\n<p><img decoding=\"async\" alt=\"Asuntoesittely kemil\u00e4isess\u00e4 kerrostaloasunnossa.\" src=\"https:\/\/www.europesays.com\/fi\/wp-content\/uploads\/2025\/12\/39-1187917652f960c81bf1.jpeg\" class=\"aw-1l9m598 hKVVvP\"\/><\/p>\n<p>Avaa kuvien katselu<\/p>\n<p>Asunton\u00e4yt\u00f6n kuvaaminen tai kuunteleminen ilman lupaa on laitonta. Kuvituskuva. Kuva: Antti Ullakko \/ Yle<\/p>\n<p class=\"aw-1gybjub aw-1p7kakr kEtdKx cEmitX yle__article__paragraph\">Kiinteist\u00f6nv\u00e4litt\u00e4j\u00e4t ovat huomanneet, ett\u00e4 useat asuntojen myyj\u00e4t kuvaavat tai kuuntelevat asunton\u00e4ytt\u00f6j\u00e4 salaa, Kiinteist\u00f6nv\u00e4litysalan Keskusliitto (KVKL) kertoo <a class=\"aw-iao6s4 iHOxEa yle__article__link\" href=\"https:\/\/kiinteistonvalitysala.fi\/uutisia\/hyva-valitystapa\/kvkln-lakivaliokunta-tiedottaa-asuntoesittelyjen-kuvaaminen-tai-kuuntelu-toimeksiantajan-toimesta\/\" role=\"link\" rel=\"nofollow noopener\" target=\"_blank\">tiedotteessaan<\/a>.<\/p>\n<p class=\"aw-1gybjub aw-1p7kakr kEtdKx cEmitX yle__article__paragraph\">\u2013 Kyseess\u00e4 on nouseva ilmi\u00f6, sanoo KVKL:n toimitusjohtaja <strong class=\"aw-ak79eh KyCXm yle__article__strong\">Tuomas Viljamaa<\/strong>.<\/p>\n<p class=\"aw-1gybjub aw-1p7kakr kEtdKx cEmitX yle__article__paragraph\">Kuvaamista tai kuuntelua tapahtuu esimerkiksi asunnossa olevalla valvontaj\u00e4rjestelm\u00e4ll\u00e4 tai kameralla.<\/p>\n<p class=\"aw-1gybjub aw-1p7kakr kEtdKx cEmitX yle__article__paragraph\">Viljamaa kertoo Ylelle, ett\u00e4 kiinteist\u00f6nv\u00e4litt\u00e4j\u00e4t ovat l\u00f6yt\u00e4neet kameroita piilotettuna muun muassa ovikelloista ja pehmolelujen seasta.<\/p>\n<p class=\"aw-1gybjub aw-1p7kakr kEtdKx cEmitX yle__article__paragraph\">Moni kodinomistaja ei tied\u00e4, ett\u00e4 asunton\u00e4yt\u00f6n kuvaaminen tai kuunteleminen ilman lupaa on laitonta, Viljamaa sanoo.<\/p>\n<p class=\"aw-1gybjub aw-1p7kakr kEtdKx cEmitX yle__article__paragraph\">Myyj\u00e4 saattaa syyllisty\u00e4 rikoslain mukaiseen salakatseluun tai salakuunteluun.<\/p>\n<p class=\"aw-1gybjub aw-1p7kakr kEtdKx cEmitX yle__article__paragraph\">\u2013 Jos asunton\u00e4ytt\u00f6\u00e4 kuvataan tai kuunnellaan, siihen tulisi aina olla kiinteist\u00f6nv\u00e4litt\u00e4j\u00e4n ja n\u00e4ytt\u00f6\u00f6n saapuvien suostumus.<\/p>\n<p>Rangaistuksena sakkoja tai vankeutta<\/p>\n<p class=\"aw-1gybjub aw-1p7kakr kEtdKx cEmitX yle__article__paragraph\">Viljamaan mukaan salakuvaaminen tai kuuntelu johtuu usein myyjien uteliaisuudesta. Osa haluaa seurata tai arvioida sit\u00e4, miten asunton\u00e4ytt\u00f6 sujuu tai miten v\u00e4litt\u00e4j\u00e4 tekee ty\u00f6ns\u00e4.<\/p>\n<p class=\"aw-1gybjub aw-1p7kakr kEtdKx cEmitX yle__article__paragraph\">\u2013 Asunnon myymist\u00e4 ei varmasti edist\u00e4, jos ostajaehdokkaalla on ep\u00e4ilys siit\u00e4, ett\u00e4 h\u00e4n saattaa joutua salakuvatuksi, h\u00e4n painottaa.<\/p>\n<p class=\"aw-1gybjub aw-1p7kakr kEtdKx cEmitX yle__article__paragraph\">KVKL on ohjeistanut kiinteist\u00f6nv\u00e4litt\u00e4ji\u00e4 ottamaan asian heti puheeksi myyj\u00e4n kanssa, jos havaitsee asunnossa kuvaamista tai kuuntelua.<\/p>\n<p class=\"aw-1gybjub aw-1p7kakr kEtdKx cEmitX yle__article__paragraph\">Salakatselusta ja salakuuntelusta voidaan tuomita rangaistukseksi sakkoa tai vankeutta enint\u00e4\u00e4n yksi vuosi. Tietosuojas\u00e4\u00e4ntelyn rikkominen voi puolestaan johtaa merkitt\u00e4viin vahingonkorvauksiin tai jopa syytteeseen tietosuojarikoksesta.<\/p>\n","protected":false},"excerpt":{"rendered":"Kaikki asuntoaan myyv\u00e4t eiv\u00e4t tied\u00e4, ett\u00e4 esittelyss\u00e4 ilman lupaa kuvaaminen tai kuunteleminen on laitonta. Avaa kuvien katselu Asunton\u00e4yt\u00f6n&hellip;\n","protected":false},"author":2,"featured_media":114323,"comment_status":"","ping_status":"","sticky":false,"template":"","format":"standard","meta":{"footnotes":""},"categories":[5],"tags":[542,22,23,26,27,33,31,30,17,3560,71,24,25,28,29,15,18,21,1263,6524,20988,32,19,20,16],"class_list":{"0":"post-114322","1":"post","2":"type-post","3":"status-publish","4":"format-standard","5":"has-post-thumbnail","7":"category-otsikot","8":"tag-asuminen","9":"tag-breaking-news","10":"tag-breakingnews","11":"tag-featured-news","12":"tag-featurednews","13":"tag-fi","14":"tag-finland","15":"tag-finnish","16":"tag-headlines","17":"tag-kiinteistonvalitys","18":"tag-kotimaa","19":"tag-latest-news","20":"tag-latestnews","21":"tag-main-news","22":"tag-mainnews","23":"tag-news","24":"tag-otsikot","25":"tag-paauutiset","26":"tag-rikosepailyt","27":"tag-salakatselu","28":"tag-salakuuntelu","29":"tag-suomi","30":"tag-top-stories","31":"tag-topstories","32":"tag-uutiset"},"share_on_mastodon":{"url":"https:\/\/pubeurope.com\/@fi\/115705554186575155","error":""},"_links":{"self":[{"href":"https:\/\/www.europesays.com\/fi\/wp-json\/wp\/v2\/posts\/114322","targetHints":{"allow":["GET"]}}],"collection":[{"href":"https:\/\/www.europesays.com\/fi\/wp-json\/wp\/v2\/posts"}],"about":[{"href":"https:\/\/www.europesays.com\/fi\/wp-json\/wp\/v2\/types\/post"}],"author":[{"embeddable":true,"href":"https:\/\/www.europesays.com\/fi\/wp-json\/wp\/v2\/users\/2"}],"replies":[{"embeddable":true,"href":"https:\/\/www.europesays.com\/fi\/wp-json\/wp\/v2\/comments?post=114322"}],"version-history":[{"count":0,"href":"https:\/\/www.europesays.com\/fi\/wp-json\/wp\/v2\/posts\/114322\/revisions"}],"wp:featuredmedia":[{"embeddable":true,"href":"https:\/\/www.europesays.com\/fi\/wp-json\/wp\/v2\/media\/114323"}],"wp:attachment":[{"href":"https:\/\/www.europesays.com\/fi\/wp-json\/wp\/v2\/media?parent=114322"}],"wp:term":[{"taxonomy":"category","embeddable":true,"href":"https:\/\/www.europesays.com\/fi\/wp-json\/wp\/v2\/categories?post=114322"},{"taxonomy":"post_tag","embeddable":true,"href":"https:\/\/www.europesays.com\/fi\/wp-json\/wp\/v2\/tags?post=114322"}],"curies":[{"name":"wp","href":"https:\/\/api.w.org\/{rel}","templated":true}]}}