{"id":114324,"date":"2025-12-12T08:14:10","date_gmt":"2025-12-12T08:14:10","guid":{"rendered":"https:\/\/www.europesays.com\/fi\/114324\/"},"modified":"2025-12-12T08:14:10","modified_gmt":"2025-12-12T08:14:10","slug":"johannes-klaebo-julkaisi-saunakuvan-fanien-katse-kiinnittyi-samaan-paikkaan","status":"publish","type":"post","link":"https:\/\/www.europesays.com\/fi\/114324\/","title":{"rendered":"Johannes Kl\u00e6bo julkaisi saunakuvan \u2013 Fanien katse kiinnittyi samaan paikkaan"},"content":{"rendered":"<p>Hiiht\u00e4j\u00e4t hikoilivat Davosissa.<\/p>\n<p><img decoding=\"async\" class=\"image image-show image-preview\" src=\"https:\/\/www.europesays.com\/fi\/wp-content\/uploads\/2025\/12\/779b9cd516062607abc6d477121d247164553176f83f2a61678013f80aa77464.jpg\" alt=\"\"\/><img decoding=\"async\" class=\"image image-show\" src=\"https:\/\/www.europesays.com\/fi\/wp-content\/uploads\/2025\/12\/1765527249_389_779b9cd516062607abc6d477121d247164553176f83f2a61678013f80aa77464.jpg\" alt=\"\"\/><\/p>\n<p>Johannes Kl\u00e6bo saunoo shortseissa. Jenni G\u00e4stgivar<\/p>\n<p class=\"paragraph\"><a href=\"https:\/\/www.iltalehti.fi\/henkilot\/Johannes H\u00f8sflot Kl\u00e6bo\" class=\"article-link-person-page\" rel=\"nofollow noopener\" target=\"_blank\">Johannes Kl\u00e6bon<\/a> ja <a href=\"https:\/\/www.iltalehti.fi\/henkilot\/Emil Iversen\" class=\"article-link-person-page\" rel=\"nofollow noopener\" target=\"_blank\">Emil Iversenin<\/a> saunakuva her\u00e4tt\u00e4\u00e4 ihmetyst\u00e4 somessa.<\/p>\n<p class=\"paragraph\">Norjalainen hiiht\u00e4j\u00e4kaksikko istuu Instagram-kuvassa saunan lauteilla shortsit jalassaan. Se ei ole kaikkien mieleen.<\/p>\n<p class=\"paragraph\">\u2013 Saunassa housut jalassa, er\u00e4s kommentoija huomautti pelle-emojin kera.<\/p>\n<p class=\"paragraph\">\u2013 Sauna ja housut eiv\u00e4t sovi yhteen, toinen ilmoitti.<\/p>\n<p class=\"paragraph\">\u2013 Vaatteet p\u00e4\u00e4ll\u00e4? Kolmaskin kyseli.<\/p>\n<p class=\"paragraph\">Osa somek\u00e4ytt\u00e4jist\u00e4 nosti esiin my\u00f6s ruotsalaishiiht\u00e4jien <a href=\"https:\/\/www.iltalehti.fi\/henkilot\/Alvar Myhlback\" class=\"article-link-person-page\" rel=\"nofollow noopener\" target=\"_blank\">Alvar Myhlbackin<\/a> ja <strong>Anton Grahnin<\/strong> Rukalta ottaman saunakuvan. Tuota otosta piti muokata Instagramiin, sill\u00e4 se <a href=\"https:\/\/www.iltalehti.fi\/talviurheilu\/645e630d-b5e4-4209-a5f8-19f45bb3c541\" rel=\"nofollow noopener\" target=\"_blank\">paljasti hieman liikaa<\/a>.<\/p>\n<p class=\"paragraph\">\u2013 Eik\u00f6s kaksi ruotsalaista julkaissut juuri t\u00e4llaisen kuvan? Yksi kommentoija kirjoitti ja lis\u00e4si per\u00e4\u00e4n sormiensa v\u00e4list\u00e4 kurkkivan emojin.<\/p>\n<p class=\"paragraph\">Norjalaisten kuva on otettu Alpen Gold -hotellista Davosista. Sveitsil\u00e4iskaupungissa hiihdet\u00e4\u00e4n perjantaista sunnuntaihin maailmancupia.<\/p>\n<p><a href=\"https:\/\/www.iltalehti.fi\/telkku\/?utm_source=iltalehti.fi&amp;utm_medium=almainternal&amp;utm_campaign=urheilu_artikkelibanneri&amp;utm_content=banner_612_a\" rel=\"nofollow noopener\" target=\"_blank\"><img decoding=\"async\" src=\"https:\/\/www.europesays.com\/fi\/wp-content\/uploads\/2025\/08\/7ef604e47d46ca174b7df4149bd3557dbde56a86d520f8e1b2125548b0a2e03a.png\" alt=\"TV-ohjelmat t\u00e4n\u00e4\u00e4n, TV-opas\"\/><\/a><\/p>\n","protected":false},"excerpt":{"rendered":"Hiiht\u00e4j\u00e4t hikoilivat Davosissa. Johannes Kl\u00e6bo saunoo shortseissa. Jenni G\u00e4stgivar Johannes Kl\u00e6bon ja Emil Iversenin saunakuva her\u00e4tt\u00e4\u00e4 ihmetyst\u00e4 somessa.&hellip;\n","protected":false},"author":2,"featured_media":114325,"comment_status":"","ping_status":"","sticky":false,"template":"","format":"standard","meta":{"footnotes":""},"categories":[136],"tags":[35,407,2110,137,33,31,30,2096,408,41,2668,32,1145,109],"class_list":{"0":"post-114324","1":"post","2":"type-post","3":"status-publish","4":"format-standard","5":"has-post-thumbnail","7":"category-julkkikset","8":"tag-24h","9":"tag-celebrities","10":"tag-elamantapa-ja-vapaa-aika","11":"tag-entertainment","12":"tag-fi","13":"tag-finland","14":"tag-finnish","15":"tag-hiihtolajit","16":"tag-julkkikset","17":"tag-liikunta-ja-urheilu","18":"tag-pohjoismaiset-hiihtolajit","19":"tag-suomi","20":"tag-talviurheilu","21":"tag-viihde"},"share_on_mastodon":{"url":"https:\/\/pubeurope.com\/@fi\/115705601673357886","error":""},"_links":{"self":[{"href":"https:\/\/www.europesays.com\/fi\/wp-json\/wp\/v2\/posts\/114324","targetHints":{"allow":["GET"]}}],"collection":[{"href":"https:\/\/www.europesays.com\/fi\/wp-json\/wp\/v2\/posts"}],"about":[{"href":"https:\/\/www.europesays.com\/fi\/wp-json\/wp\/v2\/types\/post"}],"author":[{"embeddable":true,"href":"https:\/\/www.europesays.com\/fi\/wp-json\/wp\/v2\/users\/2"}],"replies":[{"embeddable":true,"href":"https:\/\/www.europesays.com\/fi\/wp-json\/wp\/v2\/comments?post=114324"}],"version-history":[{"count":0,"href":"https:\/\/www.europesays.com\/fi\/wp-json\/wp\/v2\/posts\/114324\/revisions"}],"wp:featuredmedia":[{"embeddable":true,"href":"https:\/\/www.europesays.com\/fi\/wp-json\/wp\/v2\/media\/114325"}],"wp:attachment":[{"href":"https:\/\/www.europesays.com\/fi\/wp-json\/wp\/v2\/media?parent=114324"}],"wp:term":[{"taxonomy":"category","embeddable":true,"href":"https:\/\/www.europesays.com\/fi\/wp-json\/wp\/v2\/categories?post=114324"},{"taxonomy":"post_tag","embeddable":true,"href":"https:\/\/www.europesays.com\/fi\/wp-json\/wp\/v2\/tags?post=114324"}],"curies":[{"name":"wp","href":"https:\/\/api.w.org\/{rel}","templated":true}]}}