{"id":114330,"date":"2025-12-12T08:23:15","date_gmt":"2025-12-12T08:23:15","guid":{"rendered":"https:\/\/www.europesays.com\/fi\/114330\/"},"modified":"2025-12-12T08:23:15","modified_gmt":"2025-12-12T08:23:15","slug":"suora-lahetys-outo-valoilmio-helsingissa","status":"publish","type":"post","link":"https:\/\/www.europesays.com\/fi\/114330\/","title":{"rendered":"Suora l\u00e4hetys: \u201dOuto valoilmi\u00f6\u201d Helsingiss\u00e4"},"content":{"rendered":"<p>Katso Iltalehden suoraa l\u00e4hetyst\u00e4 auringon paisteesta. <\/p>\n<p class=\"paragraph\">Perjantaina 12. joulukuuta tarjotaan harvinaista herkkua helsinkil\u00e4isille. Koko p\u00e4iv\u00e4ksi on luvattu aurinkoa ja pilvet\u00f6nt\u00e4 taivasta.<\/p>\n<p class=\"paragraph\">Suomessa on joulukuun alku on suuressa osassa <a href=\"https:\/\/www.iltalehti.fi\/saauutiset\/8ba4536e-1951-45cd-b718-687c38bc9fc6\" rel=\"nofollow noopener\" target=\"_blank\">maata kulunut ilman yht\u00e4k\u00e4\u00e4n auringonpilkahdusta<\/a>. Helsingiss\u00e4 on aurinko paistanut koko joulukuun alussa yhteens\u00e4 18 minuuttia.<\/p>\n<p class=\"paragraph\">Mutta nyt aurinkoa piisaa. Katso yll\u00e4 olevasta suorasta l\u00e4hetyksest\u00e4 miten aurinko hellii Helsinki\u00e4.<\/p>\n<p><img decoding=\"async\" class=\"image image-show image-preview\" src=\"https:\/\/www.europesays.com\/fi\/wp-content\/uploads\/2025\/12\/04333108e4b2bbafc8e00da11a62e5150108416295c0a5153c9b4d1dbda5a039.jpg\" alt=\"\"\/><img decoding=\"async\" class=\"image image-show\" src=\"https:\/\/www.europesays.com\/fi\/wp-content\/uploads\/2025\/12\/1765527793_913_04333108e4b2bbafc8e00da11a62e5150108416295c0a5153c9b4d1dbda5a039.jpg\" alt=\"\"\/><\/p>\n<p>Aamu alkoi valoisana Helsingin satamassa perjantaina.  Port of Helsinki<\/p>\n<p><a href=\"https:\/\/www.iltalehti.fi\/parassaa?storeCampaign=ArticleBottomBanner\" rel=\"nofollow noopener\" target=\"_blank\"><img decoding=\"async\" src=\"https:\/\/www.europesays.com\/fi\/wp-content\/uploads\/2025\/08\/d0fd7860228df4fdd5fd0367e49d769aa09b08189080ddc5ccdd8c31ad63aca9.png\" alt=\"IL Paras S\u00e4\u00e4 - S\u00e4\u00e4tiedot ja s\u00e4\u00e4ennusteet\"\/><\/a><\/p>\n","protected":false},"excerpt":{"rendered":"Katso Iltalehden suoraa l\u00e4hetyst\u00e4 auringon paisteesta. Perjantaina 12. joulukuuta tarjotaan harvinaista herkkua helsinkil\u00e4isille. Koko p\u00e4iv\u00e4ksi on luvattu aurinkoa&hellip;\n","protected":false},"author":2,"featured_media":114331,"comment_status":"","ping_status":"","sticky":false,"template":"","format":"standard","meta":{"footnotes":""},"categories":[112],"tags":[35,33,31,30,1511,3595,3646,1616,2294,118,32,119],"class_list":{"0":"post-114330","1":"post","2":"type-post","3":"status-publish","4":"format-standard","5":"has-post-thumbnail","7":"category-tiede","8":"tag-24h","9":"tag-fi","10":"tag-finland","11":"tag-finnish","12":"tag-joukkoviestinta","13":"tag-kustantaminen","14":"tag-kustantamo","15":"tag-media-viestinta","16":"tag-sanomalehdet","17":"tag-science","18":"tag-suomi","19":"tag-tiede"},"share_on_mastodon":{"url":"https:\/\/pubeurope.com\/@fi\/115705637001756798","error":""},"_links":{"self":[{"href":"https:\/\/www.europesays.com\/fi\/wp-json\/wp\/v2\/posts\/114330","targetHints":{"allow":["GET"]}}],"collection":[{"href":"https:\/\/www.europesays.com\/fi\/wp-json\/wp\/v2\/posts"}],"about":[{"href":"https:\/\/www.europesays.com\/fi\/wp-json\/wp\/v2\/types\/post"}],"author":[{"embeddable":true,"href":"https:\/\/www.europesays.com\/fi\/wp-json\/wp\/v2\/users\/2"}],"replies":[{"embeddable":true,"href":"https:\/\/www.europesays.com\/fi\/wp-json\/wp\/v2\/comments?post=114330"}],"version-history":[{"count":0,"href":"https:\/\/www.europesays.com\/fi\/wp-json\/wp\/v2\/posts\/114330\/revisions"}],"wp:featuredmedia":[{"embeddable":true,"href":"https:\/\/www.europesays.com\/fi\/wp-json\/wp\/v2\/media\/114331"}],"wp:attachment":[{"href":"https:\/\/www.europesays.com\/fi\/wp-json\/wp\/v2\/media?parent=114330"}],"wp:term":[{"taxonomy":"category","embeddable":true,"href":"https:\/\/www.europesays.com\/fi\/wp-json\/wp\/v2\/categories?post=114330"},{"taxonomy":"post_tag","embeddable":true,"href":"https:\/\/www.europesays.com\/fi\/wp-json\/wp\/v2\/tags?post=114330"}],"curies":[{"name":"wp","href":"https:\/\/api.w.org\/{rel}","templated":true}]}}