{"id":114332,"date":"2025-12-12T08:25:07","date_gmt":"2025-12-12T08:25:07","guid":{"rendered":"https:\/\/www.europesays.com\/fi\/114332\/"},"modified":"2025-12-12T08:25:07","modified_gmt":"2025-12-12T08:25:07","slug":"bloomberg-ekonomistit-eivat-odota-ekplta-enaa-koronlaskuja-uutissuomalainen","status":"publish","type":"post","link":"https:\/\/www.europesays.com\/fi\/114332\/","title":{"rendered":"Bloomberg: Ekonomistit eiv\u00e4t odota EKP:lt\u00e4 en\u00e4\u00e4 koronlaskuja | Uutissuomalainen"},"content":{"rendered":"<p>Uutistoimisto <a href=\"https:\/\/www.bloomberg.com\/news\/articles\/2025-12-12\/economists-agree-with-ecb-s-schnabel-that-next-move-will-be-hike?srnd=homepage-europe\" rel=\"nofollow noopener\" target=\"_blank\">Bloombergin<\/a> haastattelemat ekonomistit eiv\u00e4t odota, ett\u00e4 Euroopan keskuspankki EKP en\u00e4\u00e4 alentaisi ohjauskorkojaan. Bloombergin ekonomistikyselyss\u00e4 yli 60 prosenttia vastaajista arvioi, ett\u00e4 seuraava korkoliike on yl\u00f6sp\u00e4in. <\/p>\n<p>Tunnelma on muuttunut selv\u00e4sti parin kuukauden aikana. Viel\u00e4 lokakuussa t\u00e4ll\u00e4 linjalla oli vain noin kolmannes vastanneista.<\/p>\n<p>Korkojen nostoa saadaan kuitenkin viel\u00e4 odottaa. Yleisin arvio on, ett\u00e4 EKP j\u00e4tt\u00e4\u00e4 ohjauskorot nykyiselle tasolleen ainakin vuoden 2027 loppupuolelle. EKP alensi ohjauskorkoja viimeksi kes\u00e4kuussa, ja keskeinen talletuskorko on ollut siit\u00e4 l\u00e4htien tasan 2,0 prosenttia.<\/p>\n<p>Muuttuneiden odotusten taustalla on euroalueen inflaation tasaantuminen ja se, ett\u00e4 euroalue on p\u00e4\u00e4osin selviytynyt ennakoitua paremmin kauppa- ja geopoliittisista j\u00e4nnitteist\u00e4. <\/p>\n<p>EKP:n johtokunnan j\u00e4sen Isabel Schnabel my\u00f6t\u00e4ili t\u00e4t\u00e4 n\u00e4kemyst\u00e4 euroalueen taloudesta \u00e4skett\u00e4in Bloombergin <a href=\"https:\/\/www.bloomberg.com\/news\/articles\/2025-12-08\/ecb-s-schnabel-rather-comfortable-on-bets-next-move-to-be-hike\" rel=\"nofollow noopener\" target=\"_blank\">haastattelussa<\/a>. Euroalueen talouden kehitys saa tukea kuluttajakysynn\u00e4st\u00e4 ja puolustusmenojen ja infrastruktuuri-investointien kasvusta, h\u00e4n arvioi.<\/p>\n<p>Muut EKP:n johtokunnan j\u00e4senet eiv\u00e4t ole ottaneet kantaa ohjauskorkojen kehityssuuntaan vaan tyytyneet toteamaan, ett\u00e4 korot ovat nyt kohdallaan.<\/p>\n<p>EKP:n neuvoston viimeinen korkokokous t\u00e4n\u00e4 vuonna on ensi viikon torstaina. EKP:lt\u00e4 ei odoteta korkoliikkeit\u00e4, mutta keskuspankki saattaa ennakkoarvioiden mukaan nostaa ennustettaan euroalueen talouskasvusta.<\/p>\n","protected":false},"excerpt":{"rendered":"Uutistoimisto Bloombergin haastattelemat ekonomistit eiv\u00e4t odota, ett\u00e4 Euroopan keskuspankki EKP en\u00e4\u00e4 alentaisi ohjauskorkojaan. Bloombergin ekonomistikyselyss\u00e4 yli 60 prosenttia&hellip;\n","protected":false},"author":2,"featured_media":114333,"comment_status":"","ping_status":"","sticky":false,"template":"","format":"standard","meta":{"footnotes":""},"categories":[76],"tags":[79,77,5948,2267,33,31,30,2346,3880,5741,2619,32,78],"class_list":{"0":"post-114332","1":"post","2":"type-post","3":"status-publish","4":"format-standard","5":"has-post-thumbnail","7":"category-talous","8":"tag-business","9":"tag-economy","10":"tag-euroalue","11":"tag-eurooppa","12":"tag-fi","13":"tag-finland","14":"tag-finnish","15":"tag-hallituksen-talouspolitiikka","16":"tag-julkinen-infrastruktuuri","17":"tag-keskuspankit-keskuspankkitoiminta","18":"tag-makrotalous-ja-talouspolitiikka","19":"tag-suomi","20":"tag-talous"},"share_on_mastodon":{"url":"https:\/\/pubeurope.com\/@fi\/115705644747231635","error":""},"_links":{"self":[{"href":"https:\/\/www.europesays.com\/fi\/wp-json\/wp\/v2\/posts\/114332","targetHints":{"allow":["GET"]}}],"collection":[{"href":"https:\/\/www.europesays.com\/fi\/wp-json\/wp\/v2\/posts"}],"about":[{"href":"https:\/\/www.europesays.com\/fi\/wp-json\/wp\/v2\/types\/post"}],"author":[{"embeddable":true,"href":"https:\/\/www.europesays.com\/fi\/wp-json\/wp\/v2\/users\/2"}],"replies":[{"embeddable":true,"href":"https:\/\/www.europesays.com\/fi\/wp-json\/wp\/v2\/comments?post=114332"}],"version-history":[{"count":0,"href":"https:\/\/www.europesays.com\/fi\/wp-json\/wp\/v2\/posts\/114332\/revisions"}],"wp:featuredmedia":[{"embeddable":true,"href":"https:\/\/www.europesays.com\/fi\/wp-json\/wp\/v2\/media\/114333"}],"wp:attachment":[{"href":"https:\/\/www.europesays.com\/fi\/wp-json\/wp\/v2\/media?parent=114332"}],"wp:term":[{"taxonomy":"category","embeddable":true,"href":"https:\/\/www.europesays.com\/fi\/wp-json\/wp\/v2\/categories?post=114332"},{"taxonomy":"post_tag","embeddable":true,"href":"https:\/\/www.europesays.com\/fi\/wp-json\/wp\/v2\/tags?post=114332"}],"curies":[{"name":"wp","href":"https:\/\/api.w.org\/{rel}","templated":true}]}}