{"id":114346,"date":"2025-12-12T08:48:12","date_gmt":"2025-12-12T08:48:12","guid":{"rendered":"https:\/\/www.europesays.com\/fi\/114346\/"},"modified":"2025-12-12T08:48:12","modified_gmt":"2025-12-12T08:48:12","slug":"nyt-netflixissa-daniel-craig-ratkoo-jo-kolmatta-kinkkista-murhamysteeria-rian-johnsonin-hittifranchise-sai-uuden-osan","status":"publish","type":"post","link":"https:\/\/www.europesays.com\/fi\/114346\/","title":{"rendered":"Nyt Netflixiss\u00e4: Daniel Craig ratkoo jo kolmatta kinkkist\u00e4 murhamysteeri\u00e4 &#8211; Rian Johnsonin hittifranchise sai uuden osan"},"content":{"rendered":"<p>James Bondina parhaiten tunnettu <strong>Daniel Craig <\/strong>on palannut ratkomaan j\u00e4lleen uutta Netflix-murhamysteeri\u00e4. T\u00e4n\u00e4\u00e4n perjantaina 12. joulukuuta suoratoistoon onkin lis\u00e4tty katseltavaksi jo kolmas Veitse esiin -elokuva, Wake Up Dead Man: Veitset esiin -mysteeri.<\/p>\n<p>Mestarietsiv\u00e4 Benoit Blanc (Craig) saapuu pieneen katoliseen kyl\u00e4\u00e4n selvitt\u00e4m\u00e4\u00e4n kirkossa tapahtunutta murhaa. Tiiviin seurakuntayhteis\u00f6n kaikki j\u00e4senet p\u00e4\u00e4tyv\u00e4t nopeasti ep\u00e4iltyjen listalle ja etsiv\u00e4 joutuu laittamaan taitonsa tiukkaan testiin.<\/p>\n<p>Lue my\u00f6s: <a href=\"https:\/\/www.episodi.fi\/uutiset\/mita-tulee-netflixiin-tassa-kuussa-tsekkaa-tasta-kaikki-joulukuun-2025-uudet-sarjat-ja-leffat\/\" title=\"Mit\u00e4 tulee Netflixiin t\u00e4ss\u00e4 kuussa? Tsekkaa t\u00e4st\u00e4 kaikki joulukuun 2025 uudet sarjat ja leffat!\" class=\"underline-custom !font-montserrat !font-bold !underline-offset-4 !decoration-4 !decoration-episodi-blue !text-md\" rel=\"nofollow noopener\" target=\"_blank\">Mit\u00e4 tulee Netflixiin t\u00e4ss\u00e4 kuussa? Tsekkaa t\u00e4st\u00e4 kaikki joulukuun 2025 uudet sarjat ja leffat!<\/a><\/p>\n<p>Lue my\u00f6s: <a href=\"https:\/\/www.episodi.fi\/uutiset\/veitset-esiin-ohjaaja-haluaa-seuraavaan-elokuvaansa-kaikkien-aikojen-naisnayttelijan-sopisit-murhamysteeriin-erinomaisesti\/\" title=\"Veitset esiin -ohjaaja haluaa seuraavaan elokuvaansa kaikkien aikojen naisn\u00e4yttelij\u00e4n \u2013 \u201dSopisit murhamysteeriin erinomaisesti\u201d\" class=\"underline-custom !font-montserrat !font-bold !underline-offset-4 !decoration-4 !decoration-episodi-blue !text-md\" rel=\"nofollow noopener\" target=\"_blank\">Veitset esiin -ohjaaja haluaa seuraavaan elokuvaansa kaikkien aikojen naisn\u00e4yttelij\u00e4n \u2013 \u201dSopisit murhamysteeriin erinomaisesti\u201d<\/a><\/p>\n<p>Franchisen kolmannenkin osan on ohjannut, k\u00e4sikirjoittanut ja tuottanut <strong>Rian Johnson<\/strong>. T\u00e4ll\u00e4kin kertaa mukaan on saatu laaja kovan luokan ensemble-n\u00e4yttelij\u00e4kaarti: <strong>Josh O\u2019Connor<\/strong> (The Crown, Challengers), <strong>Glenn Close<\/strong>,<strong> Josh Brolin<\/strong>, <strong>Mila Kunis<\/strong>,<strong> Jeremy Renner<\/strong>, <strong>Kerry Washington<\/strong> (Scandal), <strong>Andrew Scott<\/strong>, <strong>Cailee Spaeny<\/strong>, <strong>Thomas Haden Church<\/strong> ja <strong>Joseph Gordon Levitt<\/strong>.<\/p>\n<p>T\u00e4m\u00e4nkertaista murhamysteeri\u00e4 selvitell\u00e4\u00e4n 2 tunnin ja 24 minuutin keston verran.<\/p>\n<p>Veitset esiin \u2013 kaikki ovat ep\u00e4iltyj\u00e4 sai ensi-iltansa Suomen elokuvateattereissa marraskuussa 2019 ja kakkoselokuva Glass Onion \u2013 Veitset esiin -mysteeri ilmestyi Netflixiss\u00e4 joulukuussa 2023.<\/p>\n<p>Lue my\u00f6s: <a href=\"https:\/\/www.episodi.fi\/uutiset\/rian-johsonin-uusi-elokuva-oli-vaikeampi-kirjoittaa-kuin-star-wars-the-last-jedi\/\" title=\"Rian Johsonin uusi elokuva oli vaikeampi kirjoittaa kuin Star Wars: The Last Jedi\" class=\"underline-custom !font-montserrat !font-bold !underline-offset-4 !decoration-4 !decoration-episodi-blue !text-md\" rel=\"nofollow noopener\" target=\"_blank\">Rian Johsonin uusi elokuva oli vaikeampi kirjoittaa kuin Star Wars: The Last Jedi<\/a><\/p>\n<p>Katsasta Wake Up Dead Man: Veitset esiin -myysteerin virallinen traileri alta.<\/p>\n<p><img loading=\"lazy\" decoding=\"async\" alt=\"YouTube video\" width=\"480\" height=\"360\" data-pin-nopin=\"true\" nopin=\"nopin\" class=\"perfmatters-lazy\" src=\"https:\/\/www.europesays.com\/fi\/wp-content\/uploads\/2025\/11\/1763398808_191_hqdefault.jpg\"\/><\/p>\n<p>Lue my\u00f6s: <a href=\"https:\/\/www.episodi.fi\/uutiskirje\/?uutiskirjemainos=tekstilinkkimainos\" title=\"Tilaa Episodin uutiskirje ja voit voittaa leffalippuja! Nappaa tv-vinkit suoraan s\u00e4hk\u00f6postiin t\u00e4st\u00e4.\" class=\"underline-custom !font-montserrat !font-bold !underline-offset-4 !decoration-4 !decoration-episodi-blue !text-md\" rel=\"nofollow noopener\" target=\"_blank\">Tilaa Episodin uutiskirje ja voit voittaa leffalippuja! Nappaa katseluvinkit suoraan s\u00e4hk\u00f6postiin t\u00e4st\u00e4.<\/a><\/p>\n","protected":false},"excerpt":{"rendered":"James Bondina parhaiten tunnettu Daniel Craig on palannut ratkomaan j\u00e4lleen uutta Netflix-murhamysteeri\u00e4. T\u00e4n\u00e4\u00e4n perjantaina 12. joulukuuta suoratoistoon onkin&hellip;\n","protected":false},"author":2,"featured_media":114347,"comment_status":"","ping_status":"","sticky":false,"template":"","format":"standard","meta":{"footnotes":""},"categories":[130],"tags":[1715,137,33,31,30,6302,2671,217,32,570,8858,109,8859,8861],"class_list":{"0":"post-114346","1":"post","2":"type-post","3":"status-publish","4":"format-standard","5":"has-post-thumbnail","7":"category-viihde","8":"tag-daniel-craig","9":"tag-entertainment","10":"tag-fi","11":"tag-finland","12":"tag-finnish","13":"tag-ignostot","14":"tag-murhamysteeri","15":"tag-netflix","16":"tag-suomi","17":"tag-suoratoisto","18":"tag-veitset-esiin","19":"tag-viihde","20":"tag-wake-up-dead-man","21":"tag-wake-up-dead-man-veitset-esiin-mysteeri"},"share_on_mastodon":{"url":"https:\/\/pubeurope.com\/@fi\/115705735355252793","error":""},"_links":{"self":[{"href":"https:\/\/www.europesays.com\/fi\/wp-json\/wp\/v2\/posts\/114346","targetHints":{"allow":["GET"]}}],"collection":[{"href":"https:\/\/www.europesays.com\/fi\/wp-json\/wp\/v2\/posts"}],"about":[{"href":"https:\/\/www.europesays.com\/fi\/wp-json\/wp\/v2\/types\/post"}],"author":[{"embeddable":true,"href":"https:\/\/www.europesays.com\/fi\/wp-json\/wp\/v2\/users\/2"}],"replies":[{"embeddable":true,"href":"https:\/\/www.europesays.com\/fi\/wp-json\/wp\/v2\/comments?post=114346"}],"version-history":[{"count":0,"href":"https:\/\/www.europesays.com\/fi\/wp-json\/wp\/v2\/posts\/114346\/revisions"}],"wp:featuredmedia":[{"embeddable":true,"href":"https:\/\/www.europesays.com\/fi\/wp-json\/wp\/v2\/media\/114347"}],"wp:attachment":[{"href":"https:\/\/www.europesays.com\/fi\/wp-json\/wp\/v2\/media?parent=114346"}],"wp:term":[{"taxonomy":"category","embeddable":true,"href":"https:\/\/www.europesays.com\/fi\/wp-json\/wp\/v2\/categories?post=114346"},{"taxonomy":"post_tag","embeddable":true,"href":"https:\/\/www.europesays.com\/fi\/wp-json\/wp\/v2\/tags?post=114346"}],"curies":[{"name":"wp","href":"https:\/\/api.w.org\/{rel}","templated":true}]}}