{"id":114354,"date":"2025-12-12T08:52:08","date_gmt":"2025-12-12T08:52:08","guid":{"rendered":"https:\/\/www.europesays.com\/fi\/114354\/"},"modified":"2025-12-12T08:52:08","modified_gmt":"2025-12-12T08:52:08","slug":"ukrainaa-uhkaa-hapearauha-euroopan-hidastelun-takia","status":"publish","type":"post","link":"https:\/\/www.europesays.com\/fi\/114354\/","title":{"rendered":"Ukrainaa uhkaa h\u00e4pe\u00e4rauha Euroopan hidastelun takia"},"content":{"rendered":"<p class=\"ai-optimize-7 ai-optimize-introduction\">Europarlamentaarikko <strong>Sirpa Pietik\u00e4inen<\/strong> (kok.\/EPP) syytt\u00e4\u00e4 Euroopan unionia hidastelusta pakotteiden kanssa. H\u00e4n varoittaa, ett\u00e4 Ukraina voi joutua hyv\u00e4ksym\u00e4\u00e4n h\u00e4pe\u00e4rauhan, koska Eurooppa on rahoittanut v\u00e4lillisesti Ven\u00e4j\u00e4n hy\u00f6kk\u00e4yssotaa hidastelemalla sanktioissa.<\/p>\n<p class=\"ai-optimize-8\">\u2013 Meill\u00e4 oli tilaisuus saada sanktiot laajamittaisesti voimaan heti sodan alettua, jolloin sota olisi saattanut olla ohi jo aikoja sitten, mutta EU-j\u00e4senmaiden yksimielisyytt\u00e4 edellytt\u00e4v\u00e4 p\u00e4\u00e4t\u00f6ksenteko on suonut Ven\u00e4j\u00e4lle aikaa valmistautua ja pit\u00e4\u00e4 hengiss\u00e4 sotatalouttaan, Pietik\u00e4inen toteaa.<\/p>\n<p class=\"ai-optimize-8\">Euroopan passiivisuus on Pietik\u00e4isen mukaan johtanut tilanteeseen, jossa Ukraina joutuu vuosien sotaponnisteluistaan huolimatta harkitsemaan alueidensa luovutusta Ven\u00e4j\u00e4lle ja sen p\u00e4\u00e4lle riippuvaiseksi ailahtelevaisissa k\u00e4siss\u00e4 olevan Yhdysvaltojen suojasta.<\/p>\n<p class=\"ai-optimize-8\">EU:n ulko- ja turvallisuuspolitiikka edellytt\u00e4\u00e4 j\u00e4senmailta yksimielist\u00e4 p\u00e4\u00e4t\u00f6ksentekoa. Pietik\u00e4isen mukaan t\u00e4m\u00e4 johti siihen, ett\u00e4 EU hidasteli sodan alusta l\u00e4htien esimeriksi kauppasuhteiden katkaisemisessa, ven\u00e4l\u00e4ispankkien erist\u00e4misess\u00e4 ja kaasun tuonnin lopettamisessa.<\/p>\n<p class=\"ai-optimize-8\">Suuri osa syyst\u00e4 Pietik\u00e4isen mukaan kuuluu Unkarille ja Slovakialle. H\u00e4n sanoo, ett\u00e4 n\u00e4m\u00e4 \u201dVen\u00e4j\u00e4-my\u00f6nteiset hallinnot ovat pit\u00e4neet koko Eurooppaa ulkopoliittisina panttivankeina\u201d. My\u00f6s Italia ja Saksa suhtautuivat alussa kielteisesti kaasun tuonnin lopettamiseen.<\/p>\n<p class=\"ai-optimize-8\">Pietik\u00e4isen mukaan kahden j\u00e4senmaan jarrutus ei saisi hidastaa loppujen 25:n ja koko Euroopan toimia naapurin auttamiseksi.<\/p>\n<p class=\"ai-optimize-8\">\u2013 Euroopan ulkopoliittinen uskottavuus edellytt\u00e4\u00e4, ett\u00e4 halukkaiden valtioiden tulisi aina voida liikkua kesken\u00e4\u00e4n eteenp\u00e4in enemmist\u00f6periaatteella, vaikeissakin kysymyksiss\u00e4.<\/p>\n","protected":false},"excerpt":{"rendered":"Europarlamentaarikko Sirpa Pietik\u00e4inen (kok.\/EPP) syytt\u00e4\u00e4 Euroopan unionia hidastelusta pakotteiden kanssa. H\u00e4n varoittaa, ett\u00e4 Ukraina voi joutua hyv\u00e4ksym\u00e4\u00e4n h\u00e4pe\u00e4rauhan,&hellip;\n","protected":false},"author":2,"featured_media":114355,"comment_status":"","ping_status":"","sticky":false,"template":"","format":"standard","meta":{"footnotes":""},"categories":[14],"tags":[22,23,26,27,33,31,30,17,24,25,28,29,15,18,21,32,19,20,986,56,16,987,59,60,61],"class_list":{"0":"post-114354","1":"post","2":"type-post","3":"status-publish","4":"format-standard","5":"has-post-thumbnail","7":"category-ulkomaat","8":"tag-breaking-news","9":"tag-breakingnews","10":"tag-featured-news","11":"tag-featurednews","12":"tag-fi","13":"tag-finland","14":"tag-finnish","15":"tag-headlines","16":"tag-latest-news","17":"tag-latestnews","18":"tag-main-news","19":"tag-mainnews","20":"tag-news","21":"tag-otsikot","22":"tag-paauutiset","23":"tag-suomi","24":"tag-top-stories","25":"tag-topstories","26":"tag-ukrainan-neuvottelut","27":"tag-ulkomaat","28":"tag-uutiset","29":"tag-venajan-hyokkays","30":"tag-world","31":"tag-world-news","32":"tag-worldnews"},"share_on_mastodon":{"url":"https:\/\/pubeurope.com\/@fi\/115705750999169950","error":""},"_links":{"self":[{"href":"https:\/\/www.europesays.com\/fi\/wp-json\/wp\/v2\/posts\/114354","targetHints":{"allow":["GET"]}}],"collection":[{"href":"https:\/\/www.europesays.com\/fi\/wp-json\/wp\/v2\/posts"}],"about":[{"href":"https:\/\/www.europesays.com\/fi\/wp-json\/wp\/v2\/types\/post"}],"author":[{"embeddable":true,"href":"https:\/\/www.europesays.com\/fi\/wp-json\/wp\/v2\/users\/2"}],"replies":[{"embeddable":true,"href":"https:\/\/www.europesays.com\/fi\/wp-json\/wp\/v2\/comments?post=114354"}],"version-history":[{"count":0,"href":"https:\/\/www.europesays.com\/fi\/wp-json\/wp\/v2\/posts\/114354\/revisions"}],"wp:featuredmedia":[{"embeddable":true,"href":"https:\/\/www.europesays.com\/fi\/wp-json\/wp\/v2\/media\/114355"}],"wp:attachment":[{"href":"https:\/\/www.europesays.com\/fi\/wp-json\/wp\/v2\/media?parent=114354"}],"wp:term":[{"taxonomy":"category","embeddable":true,"href":"https:\/\/www.europesays.com\/fi\/wp-json\/wp\/v2\/categories?post=114354"},{"taxonomy":"post_tag","embeddable":true,"href":"https:\/\/www.europesays.com\/fi\/wp-json\/wp\/v2\/tags?post=114354"}],"curies":[{"name":"wp","href":"https:\/\/api.w.org\/{rel}","templated":true}]}}