{"id":114358,"date":"2025-12-12T08:54:09","date_gmt":"2025-12-12T08:54:09","guid":{"rendered":"https:\/\/www.europesays.com\/fi\/114358\/"},"modified":"2025-12-12T08:54:09","modified_gmt":"2025-12-12T08:54:09","slug":"jasper-paakkosen-kalsaririita-jatkuu-korkein-oikeus-myonsi-valitusluvan","status":"publish","type":"post","link":"https:\/\/www.europesays.com\/fi\/114358\/","title":{"rendered":"Jasper P\u00e4\u00e4kk\u00f6sen kalsaririita jatkuu \u2013 Korkein oikeus my\u00f6nsi valitusluvan"},"content":{"rendered":"<p>Korkeimmalta oikeudelta tuli ratkaisu.<\/p>\n<p class=\"article-body mb-nof-24 px-nof-16\">N\u00e4yttelij\u00e4 <a class=\"article-personlink\" href=\"https:\/\/www.is.fi\/haku\/?query=Jasper%20P%C3%A4%C3%A4kk%C3%B6sen\" rel=\"nofollow noopener\" target=\"_blank\">Jasper P\u00e4\u00e4kk\u00f6sen<\/a> niin sanottu kalsaririita jatkuu.<\/p>\n<p class=\"article-body mb-nof-24 px-nof-16\">300\u202f000 euron korvausvastuuseen hovioikeudessa m\u00e4\u00e4r\u00e4tty L\u00e4hde &amp; Co Oy sai Korkeimmalta oikeudelta valitusluvan.<\/p>\n<p class=\"article-body mb-nof-24 px-nof-16\">Asia liittyy The Other Danish Guy -alusvaatebr\u00e4ndin mainokseen, jossa P\u00e4\u00e4kk\u00f6nen katsoi yhti\u00f6n k\u00e4ytt\u00e4neen luvatta h\u00e4nen nime\u00e4\u00e4n, kuvaansa ja \u00e4\u00e4nt\u00e4\u00e4n.<\/p>\n<p class=\"article-body mb-nof-24 px-nof-16\">Aiemmin Helsingin hovioikeus oli katsonut L\u00e4hde &amp; Co Oy:n velvolliseksi maksamaan P\u00e4\u00e4kk\u00f6selle j\u00e4ttikorvaukset. Nyt kiista kuitenkin jatkuu korkeimman oikeuden ratkaisun my\u00f6t\u00e4.<\/p>\n<p class=\"article-body mb-nof-24 px-nof-16\">Valitusasia tuli vireille elokuussa.<\/p>\n<p class=\"article-body mb-nof-24 px-nof-16\">L\u00e4hde &amp; Co -yrityksen asianajaja <a class=\"article-genericlink\" href=\"https:\/\/www.is.fi\/haku\/?query=%20Mikko%20Lepp%C3%A4\" rel=\"nofollow noopener\" target=\"_blank\">Mikko Lepp\u00e4<\/a> kertoi IS:lle jo aiemmin kes\u00e4ll\u00e4, ett\u00e4 yritys aikoo hakea valituslupaa korkeimmalta oikeudelta.<\/p>\n<p class=\"article-body mb-nof-24 px-nof-16\">\u2013\u2009T\u00e4ll\u00e4 hetkell\u00e4 vaikuttaa silt\u00e4, ett\u00e4 n\u00e4in toimitaan. N\u00e4in he ovat itsekin kommunikoineet ja t\u00e4m\u00e4n hetkisen tiedon mukaan asia on n\u00e4in, Lepp\u00e4 kertoi IS:lle.<\/p>\n<p class=\"article-body mb-nof-24 px-nof-16\">Riita alkoi elokuussa 2010, kun P\u00e4\u00e4kk\u00f6nen huomasi p\u00e4\u00e4tyneens\u00e4 kalsariyhti\u00f6n tv-mainokseen. H\u00e4nen mukaansa L\u00e4hde &amp; Co k\u00e4ytti luvatta h\u00e4nen nime\u00e4\u00e4n, \u00e4\u00e4nt\u00e4\u00e4n ja kuvaansa televisio- ja radiomainonnassa sek\u00e4 internetiss\u00e4 julkaistuissa mainoskampanjoissa noin parin viikon ajan.<\/p>\n<p class=\"article-body mb-nof-24 px-nof-16\">Yritys oli eri mielt\u00e4. Sen mielest\u00e4 P\u00e4\u00e4kk\u00f6sen t\u00e4ytyi ymm\u00e4rt\u00e4\u00e4, ettei laajaa kuvamateriaalia kuvattu pelk\u00e4st\u00e4\u00e4n podcast-mainosta varten.<\/p>\n<p class=\"article-body mb-nof-24 px-nof-16\">Asiaa on k\u00e4sitelty jo Helsingin k\u00e4r\u00e4j\u00e4oikeudessa ja hovioikeudessa. P\u00e4\u00e4kk\u00f6nen h\u00e4visi riita-asian k\u00e4r\u00e4j\u00e4oikeudessa ja valitti asiasta hovioikeuteen. L\u00e4hde &amp; Co -yritys taas h\u00e4visi hovioikeudessa.<\/p>\n<p class=\"article-body mb-nof-24 px-nof-16\">Asian oikeusk\u00e4sittelyss\u00e4 on kuultu my\u00f6s muun muassa ex-r\u00e4pp\u00e4ri <a class=\"article-personlink\" href=\"https:\/\/www.is.fi\/haku\/?query=Jare%20%E2%80%9DCheek%E2%80%9D%20Tiihosta\" rel=\"nofollow noopener\" target=\"_blank\">Jare \u201dCheek\u201d Tiihosta<\/a>.<\/p>\n","protected":false},"excerpt":{"rendered":"Korkeimmalta oikeudelta tuli ratkaisu. N\u00e4yttelij\u00e4 Jasper P\u00e4\u00e4kk\u00f6sen niin sanottu kalsaririita jatkuu. 300\u202f000 euron korvausvastuuseen hovioikeudessa m\u00e4\u00e4r\u00e4tty L\u00e4hde &amp;&hellip;\n","protected":false},"author":2,"featured_media":114359,"comment_status":"","ping_status":"","sticky":false,"template":"","format":"standard","meta":{"footnotes":""},"categories":[5],"tags":[22,23,26,27,33,31,30,17,34,24,25,28,29,15,18,21,32,19,20,16],"class_list":{"0":"post-114358","1":"post","2":"type-post","3":"status-publish","4":"format-standard","5":"has-post-thumbnail","7":"category-otsikot","8":"tag-breaking-news","9":"tag-breakingnews","10":"tag-featured-news","11":"tag-featurednews","12":"tag-fi","13":"tag-finland","14":"tag-finnish","15":"tag-headlines","16":"tag-ilta-sanomat","17":"tag-latest-news","18":"tag-latestnews","19":"tag-main-news","20":"tag-mainnews","21":"tag-news","22":"tag-otsikot","23":"tag-paauutiset","24":"tag-suomi","25":"tag-top-stories","26":"tag-topstories","27":"tag-uutiset"},"share_on_mastodon":{"url":"https:\/\/pubeurope.com\/@fi\/115705759234434281","error":""},"_links":{"self":[{"href":"https:\/\/www.europesays.com\/fi\/wp-json\/wp\/v2\/posts\/114358","targetHints":{"allow":["GET"]}}],"collection":[{"href":"https:\/\/www.europesays.com\/fi\/wp-json\/wp\/v2\/posts"}],"about":[{"href":"https:\/\/www.europesays.com\/fi\/wp-json\/wp\/v2\/types\/post"}],"author":[{"embeddable":true,"href":"https:\/\/www.europesays.com\/fi\/wp-json\/wp\/v2\/users\/2"}],"replies":[{"embeddable":true,"href":"https:\/\/www.europesays.com\/fi\/wp-json\/wp\/v2\/comments?post=114358"}],"version-history":[{"count":0,"href":"https:\/\/www.europesays.com\/fi\/wp-json\/wp\/v2\/posts\/114358\/revisions"}],"wp:featuredmedia":[{"embeddable":true,"href":"https:\/\/www.europesays.com\/fi\/wp-json\/wp\/v2\/media\/114359"}],"wp:attachment":[{"href":"https:\/\/www.europesays.com\/fi\/wp-json\/wp\/v2\/media?parent=114358"}],"wp:term":[{"taxonomy":"category","embeddable":true,"href":"https:\/\/www.europesays.com\/fi\/wp-json\/wp\/v2\/categories?post=114358"},{"taxonomy":"post_tag","embeddable":true,"href":"https:\/\/www.europesays.com\/fi\/wp-json\/wp\/v2\/tags?post=114358"}],"curies":[{"name":"wp","href":"https:\/\/api.w.org\/{rel}","templated":true}]}}