{"id":114364,"date":"2025-12-12T09:06:07","date_gmt":"2025-12-12T09:06:07","guid":{"rendered":"https:\/\/www.europesays.com\/fi\/114364\/"},"modified":"2025-12-12T09:06:07","modified_gmt":"2025-12-12T09:06:07","slug":"tommi-manninen-paljastaa-mita-tapahtui-kun-hanen-mokastaan-tuli-somehitti-yhdysvalloissa-puoli-seitseman","status":"publish","type":"post","link":"https:\/\/www.europesays.com\/fi\/114364\/","title":{"rendered":"Tommi Manninen paljastaa mit\u00e4 tapahtui, kun h\u00e4nen mokastaan tuli somehitti Yhdysvalloissa | Puoli seitsem\u00e4n"},"content":{"rendered":"<p class=\"aw-1gybjub aw-1p7kakr kEtdKx cEmitX yle__article__paragraph\">El\u00e4m\u00e4ni moka -juttusarjassa julkisuudesta tuttu ihminen kertoo nolosta virheest\u00e4\u00e4n. T\u00e4ll\u00e4 kertaa mokansa paljastaa juontaja, toimittaja <strong class=\"aw-ak79eh KyCXm yle__article__strong\">Tommi Manninen<\/strong>.<\/p>\n<p class=\"aw-1gybjub aw-1p7kakr kEtdKx cEmitX yle__article__paragraph\">\u201dAjoin yst\u00e4v\u00e4ni kanssa kahdeksan viikkoa New Yorkista San Franciscoon vuonna 2018. Siin\u00e4 oli luonnollisesti paljon j\u00e4nnityst\u00e4 ja suunnittelua.<\/p>\n<p class=\"aw-1gybjub aw-1p7kakr kEtdKx cEmitX yle__article__paragraph\">Matkan alussa olimme varmaan toista p\u00e4iv\u00e4\u00e4 New Yorkissa ja menimme bisselle pubiin. Vastap\u00e4isen ravintolan luona kuvattiin \u00e4ij\u00e4\u00e4, jolla oli Yhdysvaltojen olympiajoukkueen takki p\u00e4\u00e4ll\u00e4.<\/p>\n<p class=\"aw-1gybjub aw-1p7kakr kEtdKx cEmitX yle__article__paragraph\">Mietin, ett\u00e4 ei saakeli. Nyt on alkamassa Etel\u00e4-Korean talviolympialaiset ja muutama kollegani Yle Kioskilta l\u00e4htiv\u00e4t sinne.<\/p>\n<p class=\"aw-1gybjub aw-1p7kakr kEtdKx cEmitX yle__article__paragraph\">Googlasin Yhdysvaltojen olympiatiimin, joka on aika iso. Olin aika varma, ett\u00e4 kadulla kuvattava mies olisi yksi kelkkailijoista.<\/p>\n<p class=\"aw-1gybjub aw-1p7kakr kEtdKx cEmitX yle__article__paragraph\">Ajattelin, ett\u00e4 minun t\u00e4ytyy k\u00e4yd\u00e4 esitt\u00e4ytym\u00e4ss\u00e4. Ei t\u00e4ss\u00e4 joka p\u00e4iv\u00e4 n\u00e4e Yhdysvaltojen olympiaurheilijaa.<\/p>\n<p class=\"aw-1gybjub aw-1p7kakr kEtdKx cEmitX yle__article__paragraph\">Olin ehk\u00e4 kaksi kaljaa ottanut siin\u00e4 pubissa ja menin selitt\u00e4m\u00e4\u00e4n kaverille englanniksi.<\/p>\n<p class=\"aw-1gybjub aw-1p7kakr kEtdKx cEmitX yle__article__paragraph\">\u201dSo you are from the Olympic Team Ski Bobsledding Team. I`m from Finnish Broadcasting Radio, YleX. My mates are also going to South Korea Olympics.\u201d<\/p>\n<p class=\"aw-1gybjub aw-1p7kakr kEtdKx cEmitX yle__article__paragraph\">N\u00e4in suurin piirtein muistan sen.<\/p>\n<p class=\"aw-1gybjub aw-1p7kakr kEtdKx cEmitX yle__article__paragraph\">Tyyppi oli aivan h\u00e4mill\u00e4\u00e4n.<\/p>\n<p class=\"aw-1gybjub aw-1p7kakr kEtdKx cEmitX yle__article__paragraph\">Selitin t\u00e4m\u00e4n h\u00e4nelle pariin kertaan. Panin aikaeron, v\u00e4symykseni ja englanninkielen kankeuteni piikkiin sen, ettei h\u00e4n ymm\u00e4rt\u00e4nyt.<\/p>\n<p class=\"aw-1gybjub aw-1p7kakr kEtdKx cEmitX yle__article__paragraph\">Pointtini oli, ett\u00e4 halusin vain toivottaa onnea kisoihin ja kerroin sen h\u00e4nelle ihan liian isosti.<\/p>\n<p class=\"aw-1gybjub aw-1p7kakr kEtdKx cEmitX yle__article__paragraph\">\u00c4ij\u00e4 oli ihan sekaisin siit\u00e4, mit\u00e4 yritin h\u00e4nelle selitt\u00e4\u00e4. Heid\u00e4n kuvaajansa sanoi h\u00e4nelle, ett\u00e4 tuo \u00e4ij\u00e4 vissiin luulee, ett\u00e4 olet olympiatiimin j\u00e4sen.<\/p>\n<p class=\"aw-1gybjub aw-1p7kakr kEtdKx cEmitX yle__article__paragraph\">Kun l\u00e4hdin tilanteesta, tajusin, ett\u00e4 t\u00e4ss\u00e4 oli jotain outoa.<\/p>\n<p class=\"aw-1gybjub aw-1p7kakr kEtdKx cEmitX yle__article__paragraph\">Ei, kyseinen herra ei mill\u00e4\u00e4n tavalla liittynyt Yhdysvaltojen olympiajoukkueeseen. H\u00e4n oli tunnetumpi henkil\u00f6 kuin varmaan yksik\u00e4\u00e4n Yhdysvaltojen kelkkatiimin j\u00e4senist\u00e4. H\u00e4n oli Barstool Sportsin perustaja <strong class=\"aw-ak79eh KyCXm yle__article__strong\">Dave Portnoy<\/strong>.<\/p>\n<p class=\"aw-1gybjub aw-1p7kakr kEtdKx cEmitX yle__article__paragraph\">Katsoin, ett\u00e4 h\u00e4nell\u00e4 on t\u00e4n\u00e4 p\u00e4iv\u00e4n\u00e4 melkein kuusi miljoonaa seuraajaa Instagramissa.<\/p>\n<p class=\"aw-1gybjub aw-1p7kakr kEtdKx cEmitX yle__article__paragraph\">Barstool Sports ei ollut mielest\u00e4ni kovin iso juttu Suomessa. Kaikki yhdysvaltalaiset vaihto-oppilaskaverini tiesiv\u00e4t sivuston.<\/p>\n<p class=\"aw-1gybjub aw-1p7kakr kEtdKx cEmitX yle__article__paragraph\">Se on rinnastettavissa kaikkiin isoihin somealustoihin, jotka tavallaan minun ty\u00f6ni, ik\u00e4ni ja kohderyhm\u00e4n puolesta pit\u00e4isi tiet\u00e4\u00e4.<\/p>\n<p class=\"aw-1gybjub aw-1p7kakr kEtdKx cEmitX yle__article__paragraph\">Varsinkin Dave Portnoyn <a class=\"aw-iao6s4 iHOxEa yle__article__link\" href=\"https:\/\/www.youtube.com\/@OneBitePizzaReviews\" role=\"link\" rel=\"nofollow noopener\" target=\"_blank\">One Bite Pizza Review<\/a> on todella suosittu juttu. H\u00e4n menee pizzerioihin ymp\u00e4ri Yhdysvaltoja, ottaa yhden haukun ja tekee siit\u00e4 Youtube-videon.<\/p>\n<p class=\"aw-1gybjub aw-1p7kakr kEtdKx cEmitX yle__article__paragraph\">Portnoy oli tekem\u00e4ss\u00e4 One Bite Pizza Reveiw\u2019t\u00e4. Oli talviolympialaisten aika ja heill\u00e4 oli USA:n olympiajoukkueen asujen kopiot p\u00e4\u00e4ll\u00e4. Ne meniv\u00e4t suomalaiselle kaverille kyll\u00e4 ihan olympiatiimin takeista, vaikka niiss\u00e4 oli pieni baarijakkara rinnassa.<\/p>\n<p class=\"aw-1gybjub aw-1p7kakr kEtdKx cEmitX yle__article__paragraph\">Video julkaistiin kahdeksan viikon reissumme aikana. Teksasilaiset kaverini n\u00e4yttiv\u00e4t sen minulle.<\/p>\n<p class=\"aw-1gybjub aw-1p7kakr kEtdKx cEmitX yle__article__paragraph\"><a class=\"aw-iao6s4 iHOxEa yle__article__link\" href=\"https:\/\/www.youtube.com\/watch?v=Cp9phpqVPJw\" role=\"link\" rel=\"nofollow noopener\" target=\"_blank\">Netiss\u00e4 on video<\/a>, jossa k\u00e4velen Dave Portnoyn One Bite Pizza Review -videolle ja lopussa s\u00f6nk\u00f6t\u00e4n h\u00e4nelle jotain talviolympialaisista. En muista, miss\u00e4 jakso julkaistiin. Siihen oli kirjoitettu jotenkin, ett\u00e4 random guy thinks I`m Olympic Team athlete.<\/p>\n<p class=\"aw-1gybjub aw-1p7kakr kEtdKx cEmitX yle__article__paragraph\">Olisi ollut kova juttu n\u00e4hd\u00e4 Dave Portnoy, jos olisin tunnistanut h\u00e4net, ja menn\u00e4 moikkaamaan h\u00e4nt\u00e4 One Bite Pizza Reviewhin. Mutta luulin, ett\u00e4 h\u00e4n on Yhdysvaltojen olympiatiimin j\u00e4sen.<\/p>\n<p class=\"aw-1gybjub aw-1p7kakr kEtdKx cEmitX yle__article__paragraph\">Siin\u00e4 oli kaikki aivan sekaisin. Ei otettu yhteiskuvaa. Tilanne oli niin traumaattinen siin\u00e4 kaikessa h\u00e4pe\u00e4ss\u00e4.<\/p>\n<p class=\"aw-1gybjub aw-1p7kakr kEtdKx cEmitX yle__article__paragraph\">Sanotaan, ett\u00e4 ehk\u00e4 parin vuoden p\u00e4\u00e4st\u00e4, kun kymmenen vuotta tulee t\u00e4yteen, voin etsi\u00e4 ja katsoa videon. Olen n\u00e4hnyt sen viimeksi vuonna 2018.<\/p>\n<p class=\"aw-1gybjub aw-1p7kakr kEtdKx cEmitX yle__article__paragraph\">En usko, ett\u00e4 opin oikeastaan mit\u00e4\u00e4n. Puhun edelleen kaikille, tunnen heid\u00e4t tai en.\u201d<\/p>\n<p>Tommi Manninen, 35<\/p>\n<p class=\"aw-1gybjub aw-1p7kakr kEtdKx cEmitX yle__article__paragraph\">Retkiruokavideoista ja reseptikokeiluistaan tuttu juontaja ja toimittaja.<\/p>\n<p class=\"aw-1gybjub aw-1p7kakr kEtdKx cEmitX yle__article__paragraph\">Mukana Australian selviytyjiss\u00e4 vuonna 2025. Osallistui my\u00f6s Suomen Selviytyjiin vuonna 2022 ja sijoittui toiseksi.<\/p>\n<p class=\"aw-1gybjub aw-1p7kakr kEtdKx cEmitX yle__article__paragraph\">Kotoisin Sodankyl\u00e4st\u00e4. Asuu nyky\u00e4\u00e4n perheens\u00e4 kanssa vaihtelevasti Etel\u00e4-Suomessa ja sukunsa porotilalla Lapissa.<\/p>\n<p class=\"aw-1gybjub aw-1p7kakr kEtdKx cEmitX yle__article__paragraph\">Tommi Manninen vieraili Puoli seitsem\u00e4n -ohjelmassa 9.12., jossa h\u00e4nelle esitettiin yll\u00e4tt\u00e4v\u00e4 kysymys fanittamastaan jalkapallojoukkueesta Manchester Unitedista. Katso koko l\u00e4hetys t\u00e4st\u00e4:<\/p>\n<p class=\"aw-1gybjub aw-1p7kakr kEtdKx cEmitX yle__article__paragraph\">Puoli seitsem\u00e4n -ohjelman viikon parhaat palat n\u00e4hd\u00e4\u00e4n aina perjantaisin TV2:ssa ja <a class=\"aw-iao6s4 iHOxEa yle__article__link\" href=\"https:\/\/areena.yle.fi\/1-73836976\" role=\"link\" rel=\"nofollow noopener\" target=\"_blank\">Areenassa klo 18.30<\/a>.<\/p>\n","protected":false},"excerpt":{"rendered":"El\u00e4m\u00e4ni moka -juttusarjassa julkisuudesta tuttu ihminen kertoo nolosta virheest\u00e4\u00e4n. T\u00e4ll\u00e4 kertaa mokansa paljastaa juontaja, toimittaja Tommi Manninen. \u201dAjoin&hellip;\n","protected":false},"author":2,"featured_media":114365,"comment_status":"","ping_status":"","sticky":false,"template":"","format":"standard","meta":{"footnotes":""},"categories":[136],"tags":[407,20991,137,33,31,30,408,2776,5853,32,9651,109],"class_list":{"0":"post-114364","1":"post","2":"type-post","3":"status-publish","4":"format-standard","5":"has-post-thumbnail","7":"category-julkkikset","8":"tag-celebrities","9":"tag-dave-portnoy","10":"tag-entertainment","11":"tag-fi","12":"tag-finland","13":"tag-finnish","14":"tag-julkkikset","15":"tag-olympialaiset","16":"tag-puoli-seitseman","17":"tag-suomi","18":"tag-tommi-manninen","19":"tag-viihde"},"share_on_mastodon":{"url":"https:\/\/pubeurope.com\/@fi\/115705805713046870","error":""},"_links":{"self":[{"href":"https:\/\/www.europesays.com\/fi\/wp-json\/wp\/v2\/posts\/114364","targetHints":{"allow":["GET"]}}],"collection":[{"href":"https:\/\/www.europesays.com\/fi\/wp-json\/wp\/v2\/posts"}],"about":[{"href":"https:\/\/www.europesays.com\/fi\/wp-json\/wp\/v2\/types\/post"}],"author":[{"embeddable":true,"href":"https:\/\/www.europesays.com\/fi\/wp-json\/wp\/v2\/users\/2"}],"replies":[{"embeddable":true,"href":"https:\/\/www.europesays.com\/fi\/wp-json\/wp\/v2\/comments?post=114364"}],"version-history":[{"count":0,"href":"https:\/\/www.europesays.com\/fi\/wp-json\/wp\/v2\/posts\/114364\/revisions"}],"wp:featuredmedia":[{"embeddable":true,"href":"https:\/\/www.europesays.com\/fi\/wp-json\/wp\/v2\/media\/114365"}],"wp:attachment":[{"href":"https:\/\/www.europesays.com\/fi\/wp-json\/wp\/v2\/media?parent=114364"}],"wp:term":[{"taxonomy":"category","embeddable":true,"href":"https:\/\/www.europesays.com\/fi\/wp-json\/wp\/v2\/categories?post=114364"},{"taxonomy":"post_tag","embeddable":true,"href":"https:\/\/www.europesays.com\/fi\/wp-json\/wp\/v2\/tags?post=114364"}],"curies":[{"name":"wp","href":"https:\/\/api.w.org\/{rel}","templated":true}]}}