{"id":114370,"date":"2025-12-12T09:14:08","date_gmt":"2025-12-12T09:14:08","guid":{"rendered":"https:\/\/www.europesays.com\/fi\/114370\/"},"modified":"2025-12-12T09:14:08","modified_gmt":"2025-12-12T09:14:08","slug":"esitys-kunnan-koko-henkilostoa-koskevat-yt-neuvottelut-petajavedelle-tammikuussa","status":"publish","type":"post","link":"https:\/\/www.europesays.com\/fi\/114370\/","title":{"rendered":"Esitys: Kunnan koko henkil\u00f6st\u00f6\u00e4 koskevat yt-neuvottelut Pet\u00e4j\u00e4vedelle tammikuussa"},"content":{"rendered":"<p>Tavoitteena noin 1,5 miljoonan euron s\u00e4\u00e4st\u00f6t kolmen vuoden aikana.<\/p>\n<p class=\"article-body mb-nof-24 px-nof-16\">Pet\u00e4j\u00e4veden kunnanhallitus saa maanantaina 15. joulukuuta k\u00e4sitelt\u00e4v\u00e4kseen esityksen muutos- eli tutummin yt-neuvottelujen aloittamisesta.<\/p>\n<p class=\"article-body mb-nof-24 px-nof-16\">Esityksen mukaan kunnan koko 155 henkil\u00f6n henkil\u00f6\u00e4 koskevat neuvottelut alkaisivat tammikuussa p\u00e4\u00e4ttyisiv\u00e4t helmikuun loppupuolella.<\/p>\n","protected":false},"excerpt":{"rendered":"Tavoitteena noin 1,5 miljoonan euron s\u00e4\u00e4st\u00f6t kolmen vuoden aikana. Pet\u00e4j\u00e4veden kunnanhallitus saa maanantaina 15. joulukuuta k\u00e4sitelt\u00e4v\u00e4kseen esityksen muutos-&hellip;\n","protected":false},"author":2,"featured_media":114371,"comment_status":"","ping_status":"","sticky":false,"template":"","format":"standard","meta":{"footnotes":""},"categories":[130],"tags":[137,33,31,30,32,171,109],"class_list":{"0":"post-114370","1":"post","2":"type-post","3":"status-publish","4":"format-standard","5":"has-post-thumbnail","7":"category-viihde","8":"tag-entertainment","9":"tag-fi","10":"tag-finland","11":"tag-finnish","12":"tag-suomi","13":"tag-suur-keuruu","14":"tag-viihde"},"share_on_mastodon":{"url":"https:\/\/pubeurope.com\/@fi\/115705837225296116","error":""},"_links":{"self":[{"href":"https:\/\/www.europesays.com\/fi\/wp-json\/wp\/v2\/posts\/114370","targetHints":{"allow":["GET"]}}],"collection":[{"href":"https:\/\/www.europesays.com\/fi\/wp-json\/wp\/v2\/posts"}],"about":[{"href":"https:\/\/www.europesays.com\/fi\/wp-json\/wp\/v2\/types\/post"}],"author":[{"embeddable":true,"href":"https:\/\/www.europesays.com\/fi\/wp-json\/wp\/v2\/users\/2"}],"replies":[{"embeddable":true,"href":"https:\/\/www.europesays.com\/fi\/wp-json\/wp\/v2\/comments?post=114370"}],"version-history":[{"count":0,"href":"https:\/\/www.europesays.com\/fi\/wp-json\/wp\/v2\/posts\/114370\/revisions"}],"wp:featuredmedia":[{"embeddable":true,"href":"https:\/\/www.europesays.com\/fi\/wp-json\/wp\/v2\/media\/114371"}],"wp:attachment":[{"href":"https:\/\/www.europesays.com\/fi\/wp-json\/wp\/v2\/media?parent=114370"}],"wp:term":[{"taxonomy":"category","embeddable":true,"href":"https:\/\/www.europesays.com\/fi\/wp-json\/wp\/v2\/categories?post=114370"},{"taxonomy":"post_tag","embeddable":true,"href":"https:\/\/www.europesays.com\/fi\/wp-json\/wp\/v2\/tags?post=114370"}],"curies":[{"name":"wp","href":"https:\/\/api.w.org\/{rel}","templated":true}]}}