{"id":114386,"date":"2025-12-12T09:40:10","date_gmt":"2025-12-12T09:40:10","guid":{"rendered":"https:\/\/www.europesays.com\/fi\/114386\/"},"modified":"2025-12-12T09:40:10","modified_gmt":"2025-12-12T09:40:10","slug":"ennatyksia-rikkonut-kesateatterihupailu-tulee-viikon-ajaksi-joensuun-pesapallostadionille-ensi-kesana-pohjois-karjala","status":"publish","type":"post","link":"https:\/\/www.europesays.com\/fi\/114386\/","title":{"rendered":"Enn\u00e4tyksi\u00e4 rikkonut kes\u00e4\u00adteatteri\u00adhupailu tulee viikon ajaksi Joensuun pes\u00e4\u00adpallo\u00adstadionille ensi kes\u00e4n\u00e4 | Pohjois-Karjala"},"content":{"rendered":"<p class=\"aw-1gybjub aw-5vja16 kEtdKx kmuxyA yle__article__paragraph\">Paikallisradion arkeen sijoittuvan Riemuradion p\u00e4\u00e4osissa n\u00e4hd\u00e4\u00e4n muun muassa Esko Eerik\u00e4inen ja Ilona Chevakova.<\/p>\n<p><img decoding=\"async\" alt=\"Saara Lehtonen, Gary Revell Junior ja Ilona Chevakova laulavat Rauhalahden kes\u00e4teatterissa Kuopiossa.\" src=\"https:\/\/www.europesays.com\/fi\/wp-content\/uploads\/2025\/12\/39-1505890689b104b858a5.jpeg\" class=\"aw-1l9m598 hKVVvP\"\/><\/p>\n<p>Avaa kuvien katselu<\/p>\n<p>Ilona Chevakova (vas.), Gary Revell Jr. ja Katri Apell Riemuradion py\u00f6rteiss\u00e4 Kuopiossa kes\u00e4ll\u00e4 2025. Kuva: Mikko Veps\u00e4l\u00e4inen<\/p>\n<p class=\"aw-1gybjub aw-1p7kakr kEtdKx cEmitX yle__article__paragraph\">Kuopiossa katsojaenn\u00e4tyksi\u00e4 rikkonut kes\u00e4teatterin\u00e4ytelm\u00e4 n\u00e4hd\u00e4\u00e4n ensi kes\u00e4n\u00e4 Joensuussa.<\/p>\n<p class=\"aw-1gybjub aw-1p7kakr kEtdKx cEmitX yle__article__paragraph\">Rauhalahti Teatterin Riemuradio-n\u00e4ytelm\u00e4\u00e4 esitet\u00e4\u00e4n Joensuun pes\u00e4pallostadionilla viikon ajan ensi kes\u00e4kuussa. Riemuradio on revyy, joka ker\u00e4si viime kes\u00e4n\u00e4 yli 20 000 katsojaa, ja nousi alueen tiett\u00e4v\u00e4sti kaikkien aikojen katsotuimmaksi kes\u00e4teatteriesitykseksi.<\/p>\n<p class=\"aw-1gybjub aw-1p7kakr kEtdKx cEmitX yle__article__paragraph\">Riemuradion k\u00e4sikirjoittajina ja esiintyjin\u00e4 on useita palkittuja tv-sketsiohjelmien tekij\u00f6it\u00e4. Ohjaajana toimii <strong class=\"aw-ak79eh KyCXm yle__article__strong\">Markku Nenonen<\/strong>, joka tunnetaan musiikaleista ja kabaree-esityksist\u00e4.<\/p>\n<p class=\"aw-1gybjub aw-1p7kakr kEtdKx cEmitX yle__article__paragraph\">N\u00e4ytelm\u00e4ss\u00e4 seurataan paikallisradion vauhdikasta p\u00e4iv\u00e4\u00e4. Rooleissa n\u00e4hd\u00e4\u00e4n muun muassa <strong class=\"aw-ak79eh KyCXm yle__article__strong\">Esko Eerik\u00e4inen<\/strong>, <strong class=\"aw-ak79eh KyCXm yle__article__strong\">Ilona Chevakova<\/strong> ja <strong class=\"aw-ak79eh KyCXm yle__article__strong\">Ismo Apell<\/strong>.<\/p>\n<p><img decoding=\"async\" alt=\"Esko Eerik\u00e4inen puhuu puhelimessa Rauhalahden kes\u00e4teatterin esityksess\u00e4 Kuopiossa.\" src=\"https:\/\/www.europesays.com\/fi\/wp-content\/uploads\/2025\/12\/39-1505891689b104c3866f.jpeg\" loading=\"lazy\" class=\"aw-1l9m598 hKVVvP\"\/><\/p>\n<p>Avaa kuvien katselu<\/p>\n<p>Esko Eerik\u00e4inen esitt\u00e4\u00e4 revyyss\u00e4 paikallisradion toimittajaa. Kuva: Mikko Veps\u00e4l\u00e4inen<\/p>\n<p class=\"aw-1gybjub aw-1p7kakr kEtdKx cEmitX yle__article__paragraph\">Rauhalahti Teatteri esitti Riemuradiota viime kes\u00e4n\u00e4 Kuopiossa kaikkiaan 37 kertaa. N\u00e4yt\u00f6skautta pidennettiin elokuussa n\u00e4ytelm\u00e4n suuren suosion vuoksi.<\/p>\n","protected":false},"excerpt":{"rendered":"Paikallisradion arkeen sijoittuvan Riemuradion p\u00e4\u00e4osissa n\u00e4hd\u00e4\u00e4n muun muassa Esko Eerik\u00e4inen ja Ilona Chevakova. Avaa kuvien katselu Ilona Chevakova&hellip;\n","protected":false},"author":2,"featured_media":114387,"comment_status":"","ping_status":"","sticky":false,"template":"","format":"standard","meta":{"footnotes":""},"categories":[130],"tags":[137,33,31,30,1133,6308,1132,8971,1137,1136,20994,32,3336,109],"class_list":{"0":"post-114386","1":"post","2":"type-post","3":"status-publish","4":"format-standard","5":"has-post-thumbnail","7":"category-viihde","8":"tag-entertainment","9":"tag-fi","10":"tag-finland","11":"tag-finnish","12":"tag-joensuu","13":"tag-kesateatterit","14":"tag-kuopio","15":"tag-naytelmat","16":"tag-pohjois-karjala","17":"tag-pohjois-savo","18":"tag-revyyt","19":"tag-suomi","20":"tag-teatteri","21":"tag-viihde"},"share_on_mastodon":{"url":"https:\/\/pubeurope.com\/@fi\/115705939728755178","error":""},"_links":{"self":[{"href":"https:\/\/www.europesays.com\/fi\/wp-json\/wp\/v2\/posts\/114386","targetHints":{"allow":["GET"]}}],"collection":[{"href":"https:\/\/www.europesays.com\/fi\/wp-json\/wp\/v2\/posts"}],"about":[{"href":"https:\/\/www.europesays.com\/fi\/wp-json\/wp\/v2\/types\/post"}],"author":[{"embeddable":true,"href":"https:\/\/www.europesays.com\/fi\/wp-json\/wp\/v2\/users\/2"}],"replies":[{"embeddable":true,"href":"https:\/\/www.europesays.com\/fi\/wp-json\/wp\/v2\/comments?post=114386"}],"version-history":[{"count":0,"href":"https:\/\/www.europesays.com\/fi\/wp-json\/wp\/v2\/posts\/114386\/revisions"}],"wp:featuredmedia":[{"embeddable":true,"href":"https:\/\/www.europesays.com\/fi\/wp-json\/wp\/v2\/media\/114387"}],"wp:attachment":[{"href":"https:\/\/www.europesays.com\/fi\/wp-json\/wp\/v2\/media?parent=114386"}],"wp:term":[{"taxonomy":"category","embeddable":true,"href":"https:\/\/www.europesays.com\/fi\/wp-json\/wp\/v2\/categories?post=114386"},{"taxonomy":"post_tag","embeddable":true,"href":"https:\/\/www.europesays.com\/fi\/wp-json\/wp\/v2\/tags?post=114386"}],"curies":[{"name":"wp","href":"https:\/\/api.w.org\/{rel}","templated":true}]}}