{"id":114391,"date":"2025-12-12T09:44:07","date_gmt":"2025-12-12T09:44:07","guid":{"rendered":"https:\/\/www.europesays.com\/fi\/114391\/"},"modified":"2025-12-12T09:44:07","modified_gmt":"2025-12-12T09:44:07","slug":"droonit-tuhosivat-kokonaisen-pataljoonan-paivassa","status":"publish","type":"post","link":"https:\/\/www.europesays.com\/fi\/114391\/","title":{"rendered":"Droonit tuhosivat kokonaisen pataljoonan p\u00e4iv\u00e4ss\u00e4"},"content":{"rendered":"<p class=\"ai-optimize-6 ai-optimize-introduction\">Ukrainan puolustusvoimien miehitt\u00e4m\u00e4tt\u00f6mien j\u00e4rjestelmien joukkojen droonit tuhosivat kokonaisen ven\u00e4l\u00e4isen pataljoonan yhden p\u00e4iv\u00e4n aikana.<\/p>\n<p class=\"ai-optimize-6 ai-optimize-introduction\">Asiasta <a href=\"https:\/\/t.me\/robert_magyar\/1707\" target=\"_blank\" rel=\"noopener nofollow\">kertoo<\/a> joukkojen komentaja, majuri <strong>Robert \u201dMadjar\u201d Brovdi<\/strong> Telegramissa.<\/p>\n<p class=\"ai-optimize-6 ai-optimize-introduction\">Taistelut jatkuvat rajuina It\u00e4-Ukrainan Donbasissa.<\/p>\n<p class=\"ai-optimize-6 ai-optimize-introduction\">\u2013 Tuhoamme t\u00e4ll\u00e4 hetkell\u00e4 Ven\u00e4j\u00e4n 76. kaartin ilmarynn\u00e4kk\u00f6divisioonan osia, Brovdi kertoo.<\/p>\n<p class=\"ai-optimize-6 ai-optimize-introduction\">Ukrainan asevoimien p\u00e4\u00e4esikunnan <a href=\"https:\/\/armyinform.com.ua\/2025\/12\/12\/ponad-170-boyezitknen-za-dobu-u-genshtabi-zsu-povidomyly-pro-sytuacziyu-na-fronti-4\/\" target=\"_blank\" rel=\"noopener nofollow\">mukaan<\/a> Ukrainan pitk\u00e4ll\u00e4 rintamalinjalla kirjattiin yhteens\u00e4 174 taisteluyhteenottoa viimeisen vuorokauden aikana.<\/p>\n<p class=\"ai-optimize-6 ai-optimize-introduction\">Hy\u00f6kk\u00e4\u00e4j\u00e4n kerrotaan menett\u00e4neen muun muassa 1 400 sotilasta, kaksi taistelupanssarivaunua, kuusi panssaroitua miehist\u00f6nkuljetusvaunua, 16 tykist\u00f6j\u00e4rjestelm\u00e4\u00e4, kaksi raketinheitint\u00e4, kolme ilmatorjuntaj\u00e4rjestelm\u00e4\u00e4 ja yhden lentokoneen.<\/p>\n<p class=\"ai-optimize-6 ai-optimize-introduction\">Ven\u00e4j\u00e4n joukkojen eteneminen jatkuu eritt\u00e4in hitaana Ukrainan rintamalla,<a href=\"https:\/\/understandingwar.org\/research\/russia-ukraine\/russian-offensive-campaign-assessment-december-11-2025\/\" target=\"_blank\" rel=\"noopener nofollow\"> arvioi<\/a> amerikkalainen Institute for the Study of War (ISW) -ajatushautomo.<\/p>\n<p class=\"ai-optimize-6 ai-optimize-introduction\">Hy\u00f6kk\u00e4\u00e4j\u00e4 on edennyt eniten Pokrovskin, Novopavlivkan ja Oleksandrivkan suunnilla, jonne on my\u00f6s keskitetty paljon joukkoja.<\/p>\n<blockquote class=\"twitter-tweet\" data-width=\"550\" data-dnt=\"true\">\n<p lang=\"en\" dir=\"ltr\">The Putin imperial march continues. Robert Magyar Reports his drone unit alone wiped out a whole Russian battalion in one day. That\u2019s anything up to 1,000 enemy Russian soldiers<\/p>\n<p> \u201cThe main russian reserve in Donbas has been deployed. The entire 76th Division, an elite\u2026 <a href=\"https:\/\/t.co\/lhnPfhy9kQ\" rel=\"nofollow\">pic.twitter.com\/lhnPfhy9kQ<\/a><\/p>\n<p>\u2014 Shaun Pinner (@olddog100ua) <a href=\"https:\/\/twitter.com\/olddog100ua\/status\/1999360959480037678?ref_src=twsrc%5Etfw\" rel=\"nofollow noopener\" target=\"_blank\">December 12, 2025<\/a><\/p>\n<\/blockquote>\n<p>\t\t\t\t<script async src=\"https:\/\/platform.twitter.com\/widgets.js\" charset=\"utf-8\"><\/script><\/p>\n","protected":false},"excerpt":{"rendered":"Ukrainan puolustusvoimien miehitt\u00e4m\u00e4tt\u00f6mien j\u00e4rjestelmien joukkojen droonit tuhosivat kokonaisen ven\u00e4l\u00e4isen pataljoonan yhden p\u00e4iv\u00e4n aikana. Asiasta kertoo joukkojen komentaja, majuri&hellip;\n","protected":false},"author":2,"featured_media":114392,"comment_status":"","ping_status":"","sticky":false,"template":"","format":"standard","meta":{"footnotes":""},"categories":[14],"tags":[22,23,26,27,33,31,30,17,24,25,28,29,15,18,21,2807,32,19,20,56,16,59,60,61],"class_list":{"0":"post-114391","1":"post","2":"type-post","3":"status-publish","4":"format-standard","5":"has-post-thumbnail","7":"category-ulkomaat","8":"tag-breaking-news","9":"tag-breakingnews","10":"tag-featured-news","11":"tag-featurednews","12":"tag-fi","13":"tag-finland","14":"tag-finnish","15":"tag-headlines","16":"tag-latest-news","17":"tag-latestnews","18":"tag-main-news","19":"tag-mainnews","20":"tag-news","21":"tag-otsikot","22":"tag-paauutiset","23":"tag-sota-ukrainassa","24":"tag-suomi","25":"tag-top-stories","26":"tag-topstories","27":"tag-ulkomaat","28":"tag-uutiset","29":"tag-world","30":"tag-world-news","31":"tag-worldnews"},"share_on_mastodon":{"url":"https:\/\/pubeurope.com\/@fi\/115705955291029042","error":""},"_links":{"self":[{"href":"https:\/\/www.europesays.com\/fi\/wp-json\/wp\/v2\/posts\/114391","targetHints":{"allow":["GET"]}}],"collection":[{"href":"https:\/\/www.europesays.com\/fi\/wp-json\/wp\/v2\/posts"}],"about":[{"href":"https:\/\/www.europesays.com\/fi\/wp-json\/wp\/v2\/types\/post"}],"author":[{"embeddable":true,"href":"https:\/\/www.europesays.com\/fi\/wp-json\/wp\/v2\/users\/2"}],"replies":[{"embeddable":true,"href":"https:\/\/www.europesays.com\/fi\/wp-json\/wp\/v2\/comments?post=114391"}],"version-history":[{"count":0,"href":"https:\/\/www.europesays.com\/fi\/wp-json\/wp\/v2\/posts\/114391\/revisions"}],"wp:featuredmedia":[{"embeddable":true,"href":"https:\/\/www.europesays.com\/fi\/wp-json\/wp\/v2\/media\/114392"}],"wp:attachment":[{"href":"https:\/\/www.europesays.com\/fi\/wp-json\/wp\/v2\/media?parent=114391"}],"wp:term":[{"taxonomy":"category","embeddable":true,"href":"https:\/\/www.europesays.com\/fi\/wp-json\/wp\/v2\/categories?post=114391"},{"taxonomy":"post_tag","embeddable":true,"href":"https:\/\/www.europesays.com\/fi\/wp-json\/wp\/v2\/tags?post=114391"}],"curies":[{"name":"wp","href":"https:\/\/api.w.org\/{rel}","templated":true}]}}