{"id":114408,"date":"2025-12-12T10:12:08","date_gmt":"2025-12-12T10:12:08","guid":{"rendered":"https:\/\/www.europesays.com\/fi\/114408\/"},"modified":"2025-12-12T10:12:08","modified_gmt":"2025-12-12T10:12:08","slug":"jere-karalahden-rikosepaily-tallainen-on-huumevyyhti-sen-taustalla-iltalehti","status":"publish","type":"post","link":"https:\/\/www.europesays.com\/fi\/114408\/","title":{"rendered":"Jere Karalahden rikosep\u00e4ily: T\u00e4llainen on huumevyyhti sen taustalla &#8211; Iltalehti"},"content":{"rendered":"<ol>\n<li><a href=\"https:\/\/news.google.com\/rss\/articles\/CBMie0FVX3lxTFBhelNYcWkxMlhZSW90RTFqUXpPOU9MbjFQSnRJTFFINWVzVmctN00yWk1CMWI0NjdwY0dXeFZVYlRFQUxfR1hJRTVUZzFXZWNCQVlTNGtkMTBPTEY2bTdPa21neW1zV0dsR2dlbTN3YWctWDZycnM5cjRQNA?oc=5\" target=\"_blank\" rel=\"nofollow noopener\">Jere Karalahden rikosep\u00e4ily: T\u00e4llainen on huumevyyhti sen taustalla<\/a>&nbsp;&nbsp;Iltalehti<\/li>\n<li><a href=\"https:\/\/news.google.com\/rss\/articles\/CBMiXEFVX3lxTE1Db2EyaDhLR0Z1bV9ES2M2am5uTmYwNEVRbXN0cllOLTJFNGVSOHdKMFhWS3lpZm9STl9sRFFPbGhOZEdkWXprUEZpemFNbDdMbkxGWWpzVHlzSDVi?oc=5\" target=\"_blank\" rel=\"nofollow noopener\">Poliisi julkaisi kuvia \u2013 t\u00e4llainen on Jere Karalahden ep\u00e4illyn t\u00f6rke\u00e4n huumevyyhdin tausta<\/a>&nbsp;&nbsp;Ilta-Sanomat<\/li>\n<li><a href=\"https:\/\/news.google.com\/rss\/articles\/CBMioAFBVV95cUxOa3BpYTNfeXlGQ01TWV85bEUtMi1aT1JIZlRZRDZlU19mNkc5aEpxZ3V5dDJUV1FyS3J6ZWZiOUNXdEtzb2FHMmZNaVJVQTVrYzJwN2paVFFURU4zaF93dFloWWw3ZnFTX1lWaXY1dDNzczNSajZBQ2ZQeHdmbGZHNUpYOVdRc2dKTjBJbF8tUTNCOThzdmM5OHl0NE9tNjBP?oc=5\" target=\"_blank\" rel=\"nofollow noopener\">Uutta shokkitietoa: T\u00e4st\u00e4 on kyse Jere Karalahden rikosep\u00e4ilyss\u00e4<\/a>&nbsp;&nbsp;Seiska.fi<\/li>\n<li><a href=\"https:\/\/news.google.com\/rss\/articles\/CBMivgFBVV95cUxNSFJNczQwZ3ByejFTWTREdHkyY0hXTFEwQUk1OXF0YWVFRWxha0ZpVWwzNnZRX1UxY1pmci1VeXhxNGNHWkwyT24tMzdhczkyNGFWbXNqQmZYUlQ2Tks3MzNsVC13eXU4TTh0R0EwQTJ2VzhvNGcxTnNmR3A0RmJaLW95cXhOdlBjTU5FOGRnbUlUTVdLNl9WYmJ4dFJiXzBmaExaZzJodTlEa2hDNTlZN1p6bEt3Ti1vSjh6SFZB?oc=5\" target=\"_blank\" rel=\"nofollow noopener\">Poliisi p\u00e4\u00e4si loppukes\u00e4ll\u00e4 huumausaineorganisaation j\u00e4ljille \u2013 Ryhm\u00e4 levitti amfetamiinia ja kokaiinia<\/a>&nbsp;&nbsp;Poliisi<\/li>\n<\/ol>\n","protected":false},"excerpt":{"rendered":"Jere Karalahden rikosep\u00e4ily: T\u00e4llainen on huumevyyhti sen taustalla&nbsp;&nbsp;Iltalehti Poliisi julkaisi kuvia \u2013 t\u00e4llainen on Jere Karalahden ep\u00e4illyn t\u00f6rke\u00e4n&hellip;\n","protected":false},"author":2,"featured_media":114409,"comment_status":"","ping_status":"","sticky":false,"template":"","format":"standard","meta":{"footnotes":""},"categories":[5],"tags":[35,22,23,26,27,33,31,30,17,55,53,24,25,28,29,15,18,21,54,52,38,32,19,20,16],"class_list":{"0":"post-114408","1":"post","2":"type-post","3":"status-publish","4":"format-standard","5":"has-post-thumbnail","7":"category-otsikot","8":"tag-24h","9":"tag-breaking-news","10":"tag-breakingnews","11":"tag-featured-news","12":"tag-featurednews","13":"tag-fi","14":"tag-finland","15":"tag-finnish","16":"tag-headlines","17":"tag-lainvalvonta","18":"tag-laki-oikeus-ja-rikos","19":"tag-latest-news","20":"tag-latestnews","21":"tag-main-news","22":"tag-mainnews","23":"tag-news","24":"tag-otsikot","25":"tag-paauutiset","26":"tag-pelastuspalvelut","27":"tag-poliisi","28":"tag-rikos","29":"tag-suomi","30":"tag-top-stories","31":"tag-topstories","32":"tag-uutiset"},"share_on_mastodon":{"url":"https:\/\/pubeurope.com\/@fi\/115706065281250258","error":""},"_links":{"self":[{"href":"https:\/\/www.europesays.com\/fi\/wp-json\/wp\/v2\/posts\/114408","targetHints":{"allow":["GET"]}}],"collection":[{"href":"https:\/\/www.europesays.com\/fi\/wp-json\/wp\/v2\/posts"}],"about":[{"href":"https:\/\/www.europesays.com\/fi\/wp-json\/wp\/v2\/types\/post"}],"author":[{"embeddable":true,"href":"https:\/\/www.europesays.com\/fi\/wp-json\/wp\/v2\/users\/2"}],"replies":[{"embeddable":true,"href":"https:\/\/www.europesays.com\/fi\/wp-json\/wp\/v2\/comments?post=114408"}],"version-history":[{"count":0,"href":"https:\/\/www.europesays.com\/fi\/wp-json\/wp\/v2\/posts\/114408\/revisions"}],"wp:featuredmedia":[{"embeddable":true,"href":"https:\/\/www.europesays.com\/fi\/wp-json\/wp\/v2\/media\/114409"}],"wp:attachment":[{"href":"https:\/\/www.europesays.com\/fi\/wp-json\/wp\/v2\/media?parent=114408"}],"wp:term":[{"taxonomy":"category","embeddable":true,"href":"https:\/\/www.europesays.com\/fi\/wp-json\/wp\/v2\/categories?post=114408"},{"taxonomy":"post_tag","embeddable":true,"href":"https:\/\/www.europesays.com\/fi\/wp-json\/wp\/v2\/tags?post=114408"}],"curies":[{"name":"wp","href":"https:\/\/api.w.org\/{rel}","templated":true}]}}