{"id":114410,"date":"2025-12-12T10:24:08","date_gmt":"2025-12-12T10:24:08","guid":{"rendered":"https:\/\/www.europesays.com\/fi\/114410\/"},"modified":"2025-12-12T10:24:08","modified_gmt":"2025-12-12T10:24:08","slug":"jasper-paakkosen-kalsarimainoskiistassa-uusi-kaanne","status":"publish","type":"post","link":"https:\/\/www.europesays.com\/fi\/114410\/","title":{"rendered":"Jasper P\u00e4\u00e4kk\u00f6sen kalsarimainoskiistassa uusi k\u00e4\u00e4nne"},"content":{"rendered":"<p><strong class=\"typography-bold\">Helsingin hovioikeus m\u00e4\u00e4r\u00e4si kes\u00e4ll\u00e4 yrityksen maksamaan 300 000 euron korvaukset.<\/strong><\/p>\n<p>Korkein oikeus (KKO) on my\u00f6nt\u00e4nyt valitusluvan n\u00e4yttelij\u00e4 <strong class=\"typography-bold\">Jasper P\u00e4\u00e4kk\u00f6sen<\/strong> ja vaateyrityksen v\u00e4lisess\u00e4 kalsarimainoskiistassa.\u00a0<\/p>\n<p>Valituslupa koskee L\u00e4hde &amp; Co:lle asetettua korvausvelvollisuutta.<\/p>\n<p>Helsingin hovioikeus katsoi kes\u00e4ll\u00e4 antamassaan ratkaisussa, ett\u00e4 vaateyritys k\u00e4ytti P\u00e4\u00e4kk\u00f6sen nime\u00e4, kuvaa ja \u00e4\u00e4nt\u00e4 mainoskampanjassa ilman lupaa elokuussa 2021. L\u00e4hde &amp; Co myy aputoiminimens\u00e4 The Other Danish Guyn kautta alushousuja.<\/p>\n<p>Hovioikeus m\u00e4\u00e4r\u00e4si yrityksen maksamaan P\u00e4\u00e4kk\u00f6selle 300\u2009000 euron korvaukset, joita KKO:n on m\u00e4\u00e4r\u00e4 nyt arvioida. Hovioikeus \u00e4\u00e4nesti korvauksista.<\/p>\n<p>Aiemmin k\u00e4r\u00e4j\u00e4oikeus oli hyl\u00e4nnyt P\u00e4\u00e4kk\u00f6sen kanteen. Hovioikeuden mukaan asiassa j\u00e4i kuitenkin n\u00e4ytt\u00e4m\u00e4tt\u00e4, ett\u00e4 P\u00e4\u00e4kk\u00f6nen olisi antanut suostumuksensa mainoskampanjalle.<\/p>\n<p><strong class=\"typography-bold\">Lue my\u00f6s: <\/strong><a class=\"underline\" data-testid=\"internal-link\" role=\"link\" data-sentry-element=\"Link\" data-sentry-component=\"InternalLink\" data-sentry-source-file=\"InternalLink.tsx\" href=\"https:\/\/www.mtvuutiset.fi\/artikkeli\/jasper-paakkosen-kalsarikarajilla-jalleen-uusi-kaanne\/9206910\" rel=\"nofollow noopener\" target=\"_blank\"><strong class=\"typography-bold\">Jasper P\u00e4\u00e4kk\u00f6sen kalsarik\u00e4r\u00e4jill\u00e4 j\u00e4lleen uusi k\u00e4\u00e4nne<\/strong><\/a><a class=\"underline\" data-testid=\"internal-link\" role=\"link\" data-sentry-element=\"Link\" data-sentry-component=\"InternalLink\" data-sentry-source-file=\"InternalLink.tsx\" href=\"https:\/\/www.mtvuutiset.fi\/artikkeli\/jasper-paakkonen-voitti-kalsaririidan-alusvaatebrandi-joutuu-maksamaan-satojen-tuhansien-korvaukset\/9176926\" rel=\"nofollow noopener\" target=\"_blank\"><\/a><\/p>\n","protected":false},"excerpt":{"rendered":"Helsingin hovioikeus m\u00e4\u00e4r\u00e4si kes\u00e4ll\u00e4 yrityksen maksamaan 300 000 euron korvaukset. Korkein oikeus (KKO) on my\u00f6nt\u00e4nyt valitusluvan n\u00e4yttelij\u00e4 Jasper&hellip;\n","protected":false},"author":2,"featured_media":114411,"comment_status":"","ping_status":"","sticky":false,"template":"","format":"standard","meta":{"footnotes":""},"categories":[136],"tags":[407,137,33,31,30,408,32,109],"class_list":{"0":"post-114410","1":"post","2":"type-post","3":"status-publish","4":"format-standard","5":"has-post-thumbnail","7":"category-julkkikset","8":"tag-celebrities","9":"tag-entertainment","10":"tag-fi","11":"tag-finland","12":"tag-finnish","13":"tag-julkkikset","14":"tag-suomi","15":"tag-viihde"},"share_on_mastodon":{"url":"https:\/\/pubeurope.com\/@fi\/115706112419316739","error":""},"_links":{"self":[{"href":"https:\/\/www.europesays.com\/fi\/wp-json\/wp\/v2\/posts\/114410","targetHints":{"allow":["GET"]}}],"collection":[{"href":"https:\/\/www.europesays.com\/fi\/wp-json\/wp\/v2\/posts"}],"about":[{"href":"https:\/\/www.europesays.com\/fi\/wp-json\/wp\/v2\/types\/post"}],"author":[{"embeddable":true,"href":"https:\/\/www.europesays.com\/fi\/wp-json\/wp\/v2\/users\/2"}],"replies":[{"embeddable":true,"href":"https:\/\/www.europesays.com\/fi\/wp-json\/wp\/v2\/comments?post=114410"}],"version-history":[{"count":0,"href":"https:\/\/www.europesays.com\/fi\/wp-json\/wp\/v2\/posts\/114410\/revisions"}],"wp:featuredmedia":[{"embeddable":true,"href":"https:\/\/www.europesays.com\/fi\/wp-json\/wp\/v2\/media\/114411"}],"wp:attachment":[{"href":"https:\/\/www.europesays.com\/fi\/wp-json\/wp\/v2\/media?parent=114410"}],"wp:term":[{"taxonomy":"category","embeddable":true,"href":"https:\/\/www.europesays.com\/fi\/wp-json\/wp\/v2\/categories?post=114410"},{"taxonomy":"post_tag","embeddable":true,"href":"https:\/\/www.europesays.com\/fi\/wp-json\/wp\/v2\/tags?post=114410"}],"curies":[{"name":"wp","href":"https:\/\/api.w.org\/{rel}","templated":true}]}}