{"id":114412,"date":"2025-12-12T10:31:14","date_gmt":"2025-12-12T10:31:14","guid":{"rendered":"https:\/\/www.europesays.com\/fi\/114412\/"},"modified":"2025-12-12T10:31:14","modified_gmt":"2025-12-12T10:31:14","slug":"suomalaisia-tippuu-kuin-karpasia-taas-sairastui-yksi","status":"publish","type":"post","link":"https:\/\/www.europesays.com\/fi\/114412\/","title":{"rendered":"Suomalaisia tippuu kuin k\u00e4rp\u00e4si\u00e4 \u2013 Taas sairastui yksi"},"content":{"rendered":"<p>Tero Sepp\u00e4l\u00e4n nimi ei ole l\u00e4ht\u00f6listalla.<\/p>\n<p><img decoding=\"async\" class=\"image image-show image-preview\" src=\"https:\/\/www.europesays.com\/fi\/wp-content\/uploads\/2025\/12\/6bf959e1902a5f894468432a3354e24f523b63d428afb84923317b02b5ba262d.jpg\" alt=\"\"\/><img decoding=\"async\" class=\"image image-show\" src=\"https:\/\/www.europesays.com\/fi\/wp-content\/uploads\/2025\/12\/1765535472_743_6bf959e1902a5f894468432a3354e24f523b63d428afb84923317b02b5ba262d.jpg\" alt=\"\"\/><\/p>\n<p>Tero Sepp\u00e4l\u00e4n kausi alku on ollut haastava. Jussi Saarinen<\/p>\n<p class=\"paragraph\">Ampumahiiht\u00e4j\u00e4 <strong>Tero Sepp\u00e4l\u00e4<\/strong> ei osallistu ampumahiihdon maailmancupin perjantain sprinttikisaan It\u00e4vallan Hochfilzeniss\u00e4.<\/p>\n<p class=\"paragraph\">Sepp\u00e4l\u00e4n nime\u00e4 ei n\u00e4y kilpailun l\u00e4ht\u00f6listalla. <a href=\"https:\/\/yle.fi\/a\/74-20199388?origin=rss\" target=\"_blank\" rel=\"noopener nofollow\">Ylen tietojen mukaan<\/a> Sepp\u00e4l\u00e4 on sairastunut. Pikakisan poissaolo tiet\u00e4\u00e4 varmuudella my\u00f6s lauantaisen takaa-ajon v\u00e4liin j\u00e4\u00e4mist\u00e4.<\/p>\n<p class=\"paragraph\">Sepp\u00e4l\u00e4 oli kauden avauksessa Ruotsin \u00d6stersundissa sprinttikisassa 26:s ja sekaviestiss\u00e4 nelj\u00e4s.<\/p>\n<p class=\"paragraph\">Sepp\u00e4l\u00e4n viime kausi oli onnistunut. Yhteisty\u00f6 parisekaviestiss\u00e4 <strong>Suvi Minkkisen<\/strong> kanssa sujui mainiosti. Kaksikko juhli voittoa maailmancupissa parisekaviestiss\u00e4 Oberhofissa tammikuussa, Pokljukassa pari oli kolmas. <a href=\"https:\/\/www.iltalehti.fi\/talviurheilu\/15510c0a-3e46-40e6-8c80-f5ca8930406c\" rel=\"nofollow noopener\" target=\"_blank\">Lis\u00e4ksi kaksikko tykitti voittoon Tukholman rahakkaassa maailmancupin ulkopuolisessa ampumahiihtotapahtumassa.<\/a><\/p>\n<p class=\"paragraph\">Sairastumiset riivaavat t\u00e4ll\u00e4 hetkell\u00e4 suomalaisia talviurheilijoita. Pitk\u00e4\u00e4n sairastanut <strong>Otto Invenius<\/strong> on j\u00e4tt\u00e4nyt kauden avauksen v\u00e4liin. My\u00f6s <strong>Suvi Leinamo<\/strong> on k\u00e4rsinyt flunssasta.<\/p>\n<p class=\"paragraph\">Maastohiihdon puolella <strong>Amanda Saari<\/strong> ja <strong>Krista P\u00e4rm\u00e4koski<\/strong> joutuvat j\u00e4tt\u00e4m\u00e4\u00e4n Sveitsin Davosin kisaviikonlopun v\u00e4liin sairastumisten takia.<\/p>\n<p><a href=\"https:\/\/www.iltalehti.fi\/telkku\/?utm_source=iltalehti.fi&amp;utm_medium=almainternal&amp;utm_campaign=urheilu_artikkelibanneri&amp;utm_content=banner_612_a\" rel=\"nofollow noopener\" target=\"_blank\"><img decoding=\"async\" src=\"https:\/\/www.europesays.com\/fi\/wp-content\/uploads\/2025\/08\/7ef604e47d46ca174b7df4149bd3557dbde56a86d520f8e1b2125548b0a2e03a.png\" alt=\"TV-ohjelmat t\u00e4n\u00e4\u00e4n, TV-opas\"\/><\/a><\/p>\n","protected":false},"excerpt":{"rendered":"Tero Sepp\u00e4l\u00e4n nimi ei ole l\u00e4ht\u00f6listalla. Tero Sepp\u00e4l\u00e4n kausi alku on ollut haastava. Jussi Saarinen Ampumahiiht\u00e4j\u00e4 Tero Sepp\u00e4l\u00e4&hellip;\n","protected":false},"author":2,"featured_media":114413,"comment_status":"","ping_status":"","sticky":false,"template":"","format":"standard","meta":{"footnotes":""},"categories":[158],"tags":[35,33,31,30,2096,766,41,3318,2668,159,32,160],"class_list":{"0":"post-114412","1":"post","2":"type-post","3":"status-publish","4":"format-standard","5":"has-post-thumbnail","7":"category-urheilu","8":"tag-24h","9":"tag-fi","10":"tag-finland","11":"tag-finnish","12":"tag-hiihtolajit","13":"tag-koronavirus","14":"tag-liikunta-ja-urheilu","15":"tag-maastohiihto","16":"tag-pohjoismaiset-hiihtolajit","17":"tag-sports","18":"tag-suomi","19":"tag-urheilu"},"share_on_mastodon":{"url":"https:\/\/pubeurope.com\/@fi\/115706140711706984","error":""},"_links":{"self":[{"href":"https:\/\/www.europesays.com\/fi\/wp-json\/wp\/v2\/posts\/114412","targetHints":{"allow":["GET"]}}],"collection":[{"href":"https:\/\/www.europesays.com\/fi\/wp-json\/wp\/v2\/posts"}],"about":[{"href":"https:\/\/www.europesays.com\/fi\/wp-json\/wp\/v2\/types\/post"}],"author":[{"embeddable":true,"href":"https:\/\/www.europesays.com\/fi\/wp-json\/wp\/v2\/users\/2"}],"replies":[{"embeddable":true,"href":"https:\/\/www.europesays.com\/fi\/wp-json\/wp\/v2\/comments?post=114412"}],"version-history":[{"count":0,"href":"https:\/\/www.europesays.com\/fi\/wp-json\/wp\/v2\/posts\/114412\/revisions"}],"wp:featuredmedia":[{"embeddable":true,"href":"https:\/\/www.europesays.com\/fi\/wp-json\/wp\/v2\/media\/114413"}],"wp:attachment":[{"href":"https:\/\/www.europesays.com\/fi\/wp-json\/wp\/v2\/media?parent=114412"}],"wp:term":[{"taxonomy":"category","embeddable":true,"href":"https:\/\/www.europesays.com\/fi\/wp-json\/wp\/v2\/categories?post=114412"},{"taxonomy":"post_tag","embeddable":true,"href":"https:\/\/www.europesays.com\/fi\/wp-json\/wp\/v2\/tags?post=114412"}],"curies":[{"name":"wp","href":"https:\/\/api.w.org\/{rel}","templated":true}]}}