{"id":114420,"date":"2025-12-12T10:37:11","date_gmt":"2025-12-12T10:37:11","guid":{"rendered":"https:\/\/www.europesays.com\/fi\/114420\/"},"modified":"2025-12-12T10:37:11","modified_gmt":"2025-12-12T10:37:11","slug":"poliisi-paljastaa-jere-karalahden-epaillyn-huumevyyhdin-taustat-2","status":"publish","type":"post","link":"https:\/\/www.europesays.com\/fi\/114420\/","title":{"rendered":"Poliisi paljastaa Jere Karalahden ep\u00e4illyn huumevyyhdin taustat"},"content":{"rendered":"<p>Rikokset|Loppukes\u00e4ll\u00e4 k\u00e4r\u00e4ht\u00e4nyt huumeliiga levitti amfetamiinia ja kokaiinia. Ex-kiekkoilija Jere Karalahti on yksi rikosvyyhdin ep\u00e4illyist\u00e4.<\/p>\n<p class=\"article-body mb-nof-24 px-nof-16\">Helsingin poliisi on saanut valmiiksi esitutkinnan isosta rikosvyyhdist\u00e4, jossa levitettiin ja vastaanotettiin huumeita Uudenmaan alueella.<\/p>\n<p class=\"article-body mb-nof-24 px-nof-16\">IS:n ja HS:n tietojen mukaan kyse on samasta vyyhdist\u00e4, jossa ex-j\u00e4\u00e4kiekkoilija<a class=\"article-personlink\" href=\"https:\/\/www.hs.fi\/haku\/?query=%20Jere%20Karalahti\" rel=\"nofollow noopener\" target=\"_blank\"> Jere Karalahti<\/a>, 50, on edelleen ep\u00e4iltyn\u00e4 ja vangittuna. <a class=\"article-genericlink\" href=\"https:\/\/www.is.fi\/urheilu\/art-2000011533258.html\" rel=\"nofollow noopener\" target=\"_blank\">Karalahti vangittiin 2. lokakuuta<\/a>. H\u00e4nt\u00e4 ep\u00e4ill\u00e4\u00e4n t\u00f6rke\u00e4st\u00e4 huumausainerikoksesta, joka on tapahtunut Helsingiss\u00e4 1.6.\u201329.9 kuluvana vuonna.<\/p>\n<p class=\"article-body mb-nof-24 px-nof-16\">Ex-kiekkoilija on kiist\u00e4nyt syyllistyneens\u00e4 rikokseen.<\/p>\n<p class=\"article-body mb-nof-24 px-nof-16\">Poliisin mukaan kokonaisuudessa on 19 ep\u00e4ilty\u00e4, joista 14 on ep\u00e4iltyn\u00e4 t\u00f6rkeist\u00e4 huumerikoksista. Lis\u00e4ksi kolmea ep\u00e4ill\u00e4\u00e4n osallisuudesta ry\u00f6st\u00f6\u00f6n.<\/p>\n<p><img decoding=\"async\" src=\"https:\/\/www.europesays.com\/fi\/wp-content\/uploads\/2025\/12\/1765532770_537_468.jpg\" alt=\"Huumeita s\u00e4ilytettiin asunnossa. T\u00e4ss\u00e4 kuvassa asunnosta takavarikoitua amfetamiinia.\" class=\"_Img_1rerz_1\" style=\"aspect-ratio:1.322314049586777\" loading=\"eager\"\/><\/p>\n<p class=\"article-picture-caption\">Huumeita s\u00e4ilytettiin asunnossa. T\u00e4ss\u00e4 kuvassa asunnosta takavarikoitua amfetamiinia. Kuva:\u00a0Poliisi<\/p>\n<p class=\"article-body mb-nof-24 px-nof-16\">Ryhm\u00e4 p\u00e4\u00e4tyi poliisin luupin alle loppukes\u00e4n ja syksyn aikana.<\/p>\n<p><img decoding=\"async\" src=\"https:\/\/www.europesays.com\/fi\/wp-content\/uploads\/2025\/12\/1765532769_917_468.jpg\" alt=\"Jere Karalahti kuvattuna vangitsemisistunnossa Helsingin k\u00e4r\u00e4j\u00e4oikeudessa.\" class=\"_Img_1rerz_1\" style=\"aspect-ratio:1.3333333333333333\" loading=\"eager\"\/><\/p>\n<p class=\"article-picture-caption\">Jere Karalahti kuvattuna vangitsemisistunnossa Helsingin k\u00e4r\u00e4j\u00e4oikeudessa. Kuva:\u00a0Tony Pietil\u00e4 \/ IS<\/p>\n<p class=\"article-body mb-nof-24 px-nof-16\">Poliisin mukaan vyyhdin keskeisimm\u00e4t rikokset tapahtuivat toukokuun ja syyskuun v\u00e4lisen\u00e4 aikana.<\/p>\n<p class=\"article-body mb-nof-24 px-nof-16\">\u201dEsitutkinnan perusteella p\u00e4\u00e4ep\u00e4illyt j\u00e4rjestiv\u00e4t ryhm\u00e4n haltuun kymmenien kilojen amfetamiinier\u00e4n, joka vastaanotettiin M\u00e4nts\u00e4l\u00e4n alueella ja toimitettiin sielt\u00e4 edelleen Helsinkiin. Lis\u00e4ksi ryhm\u00e4n ep\u00e4ill\u00e4\u00e4n hankkineen ja levitt\u00e4neen useita kiloja kokaiinia, kertoo tutkinnanjohtaja\u201d, rikoskomisario <a class=\"article-personlink\" href=\"https:\/\/www.hs.fi\/haku\/?query=Markku%20Juurikkam%C3%A4ki\" rel=\"nofollow noopener\" target=\"_blank\">Markku Juurikkam\u00e4ki <\/a>tiedotteessa.<\/p>\n<p class=\"article-body mb-nof-24 px-nof-16\">Esitutkinnan aikana poliisi takavarikoi yhteens\u00e4 noin 15 kiloa amfetamiinia.<\/p>\n<p><img decoding=\"async\" src=\"https:\/\/www.europesays.com\/fi\/wp-content\/uploads\/2025\/12\/1765532770_811_468.jpg\" alt=\"Tutkinnan poliisi takavarikoi my\u00f6s k\u00e4teist\u00e4 rahaa.\" class=\"_Img_1rerz_1\" style=\"aspect-ratio:1.6026711185308848\" loading=\"eager\"\/><\/p>\n<p class=\"article-picture-caption\">Tutkinnan poliisi takavarikoi my\u00f6s k\u00e4teist\u00e4 rahaa. Kuva:\u00a0Poliisi<\/p>\n<p class=\"article-body mb-nof-24 px-nof-16\">Loppukes\u00e4ll\u00e4 poliisi sai vihi\u00e4 ihmisist\u00e4, joilla ep\u00e4iltiin olevan merkitt\u00e4v\u00e4 rooli huumausaineiden v\u00e4litt\u00e4misess\u00e4.<\/p>\n<p class=\"article-body mb-nof-24 px-nof-16\">Elokuun lopussa poliisi takavarikoi yhdelt\u00e4 ep\u00e4illylt\u00e4 useita kiloja amfetamiinia. Kyseinen amfetamiini oli per\u00e4isin ryhm\u00e4lt\u00e4, jonka toiminnasta oli jo aloitettu esitutkinta.<\/p>\n<p class=\"article-body mb-nof-24 px-nof-16\">Joitakin p\u00e4ivi\u00e4 ensimm\u00e4isten kiinniottojen j\u00e4lkeen poliisi sai h\u00e4lytysteht\u00e4v\u00e4n ry\u00f6st\u00f6st\u00e4 It\u00e4-Helsingiss\u00e4. Kaksi ihmist\u00e4 olivat uhanneet uhria aseella ja vieneet h\u00e4nelt\u00e4 k\u00e4nnyk\u00e4n.<\/p>\n<p class=\"article-body mb-nof-24 px-nof-16\">\u201dPoliisi otti toisen ep\u00e4illyn kiinni It\u00e4v\u00e4yl\u00e4lt\u00e4, ja h\u00e4nen k\u00e4ytt\u00e4m\u00e4st\u00e4\u00e4n ajoneuvosta takavarikoitiin noin 1,5 kiloa amfetamiinia. My\u00f6s t\u00e4m\u00e4 amfetamiinier\u00e4 oli per\u00e4isin samalta ryhm\u00e4lt\u00e4, jonka toiminta oli esitutkinnassa. Poliisi yhdisti kiinniotetun ry\u00f6st\u00e4j\u00e4n ja h\u00e4nen toimeksiantajansa t\u00e4h\u00e4n ryhm\u00e4\u00e4n\u201d, Juurikkam\u00e4ki kertoo.<\/p>\n<p><img decoding=\"async\" src=\"https:\/\/www.europesays.com\/fi\/wp-content\/uploads\/2025\/12\/1765532771_20_468.jpg\" alt=\"Ep\u00e4ilyss\u00e4 ry\u00f6st\u00f6ss\u00e4 k\u00e4ytettiin t\u00e4llaista maskia.\" class=\"_Img_1rerz_1\" style=\"aspect-ratio:0.734375\" loading=\"eager\"\/><\/p>\n<p class=\"article-picture-caption\">Ep\u00e4ilyss\u00e4 ry\u00f6st\u00f6ss\u00e4 k\u00e4ytettiin t\u00e4llaista maskia. Kuva:\u00a0Poliisi<\/p>\n<p class=\"article-body mb-nof-24 px-nof-16\">Esitutkinnan perusteella ry\u00f6st\u00f6n toimeksiantaja oli yksi avainhenkil\u00f6ist\u00e4 huumeiden vastaanottamisessa ja levitt\u00e4misess\u00e4.<\/p>\n<p class=\"article-body mb-nof-24 px-nof-16\">Poliisi otti h\u00e4net kiinni pian ry\u00f6st\u00f6n j\u00e4lkeen.<\/p>\n<p class=\"article-body mb-nof-24 px-nof-16\">Lis\u00e4ksi poliisi takavarikoi noin 10 kiloa amfetamiinia asunnosta, jota ryhm\u00e4 k\u00e4ytti huumeiden s\u00e4ilytt\u00e4miseen.<\/p>\n<p class=\"article-body mb-nof-24 px-nof-16\">\u201dEp\u00e4ilty ry\u00f6st\u00f6 sai hieman erikoisiakin piirteit\u00e4. Ry\u00f6st\u00e4j\u00e4t olivat naamioituneita, mutta asianomistaja tunnisti toisen ep\u00e4illyn ja yritti saada tekij\u00f6it\u00e4 luopumaan toiminnastaan. Ry\u00f6st\u00f6ss\u00e4 k\u00e4ytetty ase oli revolverimallinen kuula-ase\u201d, tutkinnanjohtaja Juurikkam\u00e4ki kertoo tiedotteessa.<\/p>\n<p><img decoding=\"async\" src=\"https:\/\/www.europesays.com\/fi\/wp-content\/uploads\/2025\/12\/1765532771_36_468.jpg\" alt=\"Autosta takavarikoitua amfetamiinia.\" class=\"_Img_1rerz_1\" style=\"aspect-ratio:1.0497539639147075\" loading=\"eager\"\/><\/p>\n<p class=\"article-picture-caption\">Autosta takavarikoitua amfetamiinia. Kuva:\u00a0Poliisi<\/p>\n<p class=\"article-body mb-nof-24 px-nof-16\">Esitutkinnassa on ilmennyt, ett\u00e4 kaksi ep\u00e4ilty\u00e4 toimi ryhm\u00e4n johtohahmoina ja vastasi huumeiden toimitusketjusta.<\/p>\n<p class=\"article-body mb-nof-24 px-nof-16\">Useat muut henkil\u00f6t hoitivat k\u00e4yt\u00e4nn\u00f6n toimia huumausaineiden kuljettamisessa, s\u00e4ilytt\u00e4misess\u00e4 ja levitt\u00e4misess\u00e4.<\/p>\n<p class=\"article-body mb-nof-24 px-nof-16\">Tutkinnan aikana poliisille selvisi my\u00f6s osa huumeita hankkineista asiakkaista.<\/p>\n<p class=\"article-body mb-nof-24 px-nof-16\">\u201dTapausta voisi luonnehtia yhdeksi osaksi laajaa j\u00e4rjest\u00e4ytyneen huumausainerikollisuuden kokonaisuutta. Kansainv\u00e4linen huumausainerikollisuus on nyky\u00e4\u00e4n niin verkostoitunutta useisiin maihin, ett\u00e4 esitutkintaa on usein tarkoituksenmukaisinta tehd\u00e4 osissa. Onnistuneiden esitutkintojen avulla pystyt\u00e4\u00e4n tehokkaasti heikent\u00e4m\u00e4\u00e4n rikollisverkostojen toimintaedellytyksi\u00e4\u201d, tutkinnanjohtaja sanoo.<\/p>\n<p class=\"article-body mb-nof-24 px-nof-16\">Viisi ep\u00e4ilty\u00e4 on edelleen vangittuna. Tapaus siirtyy perjantaina syyteharkintaan.<\/p>\n","protected":false},"excerpt":{"rendered":"Rikokset|Loppukes\u00e4ll\u00e4 k\u00e4r\u00e4ht\u00e4nyt huumeliiga levitti amfetamiinia ja kokaiinia. Ex-kiekkoilija Jere Karalahti on yksi rikosvyyhdin ep\u00e4illyist\u00e4. Helsingin poliisi on saanut&hellip;\n","protected":false},"author":2,"featured_media":114421,"comment_status":"","ping_status":"","sticky":false,"template":"","format":"standard","meta":{"footnotes":""},"categories":[12],"tags":[22,23,26,27,33,31,30,17,46,24,25,28,29,15,18,21,32,19,20,16],"class_list":{"0":"post-114420","1":"post","2":"type-post","3":"status-publish","4":"format-standard","5":"has-post-thumbnail","7":"category-suomi","8":"tag-breaking-news","9":"tag-breakingnews","10":"tag-featured-news","11":"tag-featurednews","12":"tag-fi","13":"tag-finland","14":"tag-finnish","15":"tag-headlines","16":"tag-helsingin-sanomat","17":"tag-latest-news","18":"tag-latestnews","19":"tag-main-news","20":"tag-mainnews","21":"tag-news","22":"tag-otsikot","23":"tag-paauutiset","24":"tag-suomi","25":"tag-top-stories","26":"tag-topstories","27":"tag-uutiset"},"share_on_mastodon":{"url":"https:\/\/pubeurope.com\/@fi\/115706164004262309","error":""},"_links":{"self":[{"href":"https:\/\/www.europesays.com\/fi\/wp-json\/wp\/v2\/posts\/114420","targetHints":{"allow":["GET"]}}],"collection":[{"href":"https:\/\/www.europesays.com\/fi\/wp-json\/wp\/v2\/posts"}],"about":[{"href":"https:\/\/www.europesays.com\/fi\/wp-json\/wp\/v2\/types\/post"}],"author":[{"embeddable":true,"href":"https:\/\/www.europesays.com\/fi\/wp-json\/wp\/v2\/users\/2"}],"replies":[{"embeddable":true,"href":"https:\/\/www.europesays.com\/fi\/wp-json\/wp\/v2\/comments?post=114420"}],"version-history":[{"count":0,"href":"https:\/\/www.europesays.com\/fi\/wp-json\/wp\/v2\/posts\/114420\/revisions"}],"wp:featuredmedia":[{"embeddable":true,"href":"https:\/\/www.europesays.com\/fi\/wp-json\/wp\/v2\/media\/114421"}],"wp:attachment":[{"href":"https:\/\/www.europesays.com\/fi\/wp-json\/wp\/v2\/media?parent=114420"}],"wp:term":[{"taxonomy":"category","embeddable":true,"href":"https:\/\/www.europesays.com\/fi\/wp-json\/wp\/v2\/categories?post=114420"},{"taxonomy":"post_tag","embeddable":true,"href":"https:\/\/www.europesays.com\/fi\/wp-json\/wp\/v2\/tags?post=114420"}],"curies":[{"name":"wp","href":"https:\/\/api.w.org\/{rel}","templated":true}]}}