{"id":114424,"date":"2025-12-12T10:50:07","date_gmt":"2025-12-12T10:50:07","guid":{"rendered":"https:\/\/www.europesays.com\/fi\/114424\/"},"modified":"2025-12-12T10:50:07","modified_gmt":"2025-12-12T10:50:07","slug":"tero-seppala-ulos-ilta-sanomat","status":"publish","type":"post","link":"https:\/\/www.europesays.com\/fi\/114424\/","title":{"rendered":"Tero Sepp\u00e4l\u00e4: ulos &#8211; Ilta-Sanomat"},"content":{"rendered":"<p>Tero Sepp\u00e4l\u00e4 on sivussa.<\/p>\n<p class=\"article-body mb-nof-24 px-nof-16\">Suomen miesten ykk\u00f6st\u00e4hti <a class=\"article-personlink\" href=\"https:\/\/www.is.fi\/haku\/?query=Tero%20Sepp%C3%A4l%C3%A4\" rel=\"nofollow noopener\" target=\"_blank\">Tero Sepp\u00e4l\u00e4<\/a> on joutunut j\u00e4\u00e4m\u00e4\u00e4n pois ampumahiihdon maailmancupin pikakisasta, joka k\u00e4yd\u00e4\u00e4n perjantaina It\u00e4vallan Hochfilzeniss\u00e4.<\/p>\n<p class=\"article-body mb-nof-24 px-nof-16\"><a class=\"article-genericlink\" href=\"https:\/\/yle.fi\/a\/7-10089884\" rel=\"nofollow noopener\" target=\"_blank\">Svenska Ylen<\/a> mukaan Sepp\u00e4l\u00e4 on vilustunut. Koska h\u00e4n ei kilpaile pikakisassa, Sepp\u00e4l\u00e4 ei my\u00f6sk\u00e4\u00e4n p\u00e4\u00e4se mukaan lauantaina kisattavaan takaa-ajoon.<\/p>\n<p class=\"article-body mb-nof-24 px-nof-16\">Sunnuntaina Hochfilzenin kisaohjelmassa on miesten viesti.<\/p>\n<p class=\"article-body mb-nof-24 px-nof-16\">Sepp\u00e4l\u00e4, 29, hiihti viime kaudella el\u00e4m\u00e4ns\u00e4 talven. H\u00e4n voitti <a class=\"article-personlink\" href=\"https:\/\/www.is.fi\/haku\/?query=Suvi%20Minkkisen\" rel=\"nofollow noopener\" target=\"_blank\">Suvi Minkkisen<\/a> kanssa maailmancupin parisekaviestin Oberhofissa tammikuussa ja maaliskuussa kaksikko oli kolmas Pokljukassa.<\/p>\n<p class=\"article-body mb-nof-24 px-nof-16\">Suomalaisista miehist\u00e4 perjantain kilpailussa ovat mukana <a class=\"article-personlink\" href=\"https:\/\/www.is.fi\/haku\/?query=Olli%20Hiidensalo\" rel=\"nofollow noopener\" target=\"_blank\">Olli Hiidensalo<\/a>, <a class=\"article-personlink\" href=\"https:\/\/www.is.fi\/haku\/?query=Tuomas%20Harjula\" rel=\"nofollow noopener\" target=\"_blank\">Tuomas Harjula<\/a>, <a class=\"article-personlink\" href=\"https:\/\/www.is.fi\/haku\/?query=Arttu%20Heikkinen\" rel=\"nofollow noopener\" target=\"_blank\">Arttu Heikkinen<\/a> ja <a class=\"article-personlink\" href=\"https:\/\/www.is.fi\/haku\/?query=Jimi%20Klemettinen.\" rel=\"nofollow noopener\" target=\"_blank\">Jimi Klemettinen.<\/a><\/p>\n<p class=\"article-body mb-nof-24 px-nof-16\">Miesten kisa alkaa kello 12.15 ja naisten kisa kello 15.15.<\/p>\n<p class=\"article-body mb-nof-24 px-nof-16\">Naisten kisaan osallistuvat <a class=\"article-personlink\" href=\"https:\/\/www.is.fi\/haku\/?query=Venla%20Lehtonen\" rel=\"nofollow noopener\" target=\"_blank\">Venla Lehtonen<\/a>, <a class=\"article-personlink\" href=\"https:\/\/www.is.fi\/haku\/?query=Inka%20H%C3%A4m%C3%A4l%C3%A4inen\" rel=\"nofollow noopener\" target=\"_blank\">Inka H\u00e4m\u00e4l\u00e4inen<\/a>, <a class=\"article-personlink\" href=\"https:\/\/www.is.fi\/haku\/?query=Sonja%20Leinamo\" rel=\"nofollow noopener\" target=\"_blank\">Sonja Leinamo<\/a> ja<a class=\"article-personlink\" href=\"https:\/\/www.is.fi\/haku\/?query=%20Suvi%20Minkkinen\" rel=\"nofollow noopener\" target=\"_blank\"> Suvi Minkkinen<\/a>.<\/p>\n<p class=\"article-body nof-ui-body-medium mb-nof-24 px-nof-16\">Oikaisu 12.12.2025 klo 11.49: Naisten kisa alkaa kello 15.15. Alun perin jutussa kerrottiin sen alkavan kello 14.15.<\/p>\n","protected":false},"excerpt":{"rendered":"Tero Sepp\u00e4l\u00e4 on sivussa. Suomen miesten ykk\u00f6st\u00e4hti Tero Sepp\u00e4l\u00e4 on joutunut j\u00e4\u00e4m\u00e4\u00e4n pois ampumahiihdon maailmancupin pikakisasta, joka k\u00e4yd\u00e4\u00e4n&hellip;\n","protected":false},"author":2,"featured_media":114425,"comment_status":"","ping_status":"","sticky":false,"template":"","format":"standard","meta":{"footnotes":""},"categories":[136],"tags":[407,137,33,31,30,34,408,32,109],"class_list":{"0":"post-114424","1":"post","2":"type-post","3":"status-publish","4":"format-standard","5":"has-post-thumbnail","7":"category-julkkikset","8":"tag-celebrities","9":"tag-entertainment","10":"tag-fi","11":"tag-finland","12":"tag-finnish","13":"tag-ilta-sanomat","14":"tag-julkkikset","15":"tag-suomi","16":"tag-viihde"},"share_on_mastodon":{"url":"https:\/\/pubeurope.com\/@fi\/115706214641142882","error":""},"_links":{"self":[{"href":"https:\/\/www.europesays.com\/fi\/wp-json\/wp\/v2\/posts\/114424","targetHints":{"allow":["GET"]}}],"collection":[{"href":"https:\/\/www.europesays.com\/fi\/wp-json\/wp\/v2\/posts"}],"about":[{"href":"https:\/\/www.europesays.com\/fi\/wp-json\/wp\/v2\/types\/post"}],"author":[{"embeddable":true,"href":"https:\/\/www.europesays.com\/fi\/wp-json\/wp\/v2\/users\/2"}],"replies":[{"embeddable":true,"href":"https:\/\/www.europesays.com\/fi\/wp-json\/wp\/v2\/comments?post=114424"}],"version-history":[{"count":0,"href":"https:\/\/www.europesays.com\/fi\/wp-json\/wp\/v2\/posts\/114424\/revisions"}],"wp:featuredmedia":[{"embeddable":true,"href":"https:\/\/www.europesays.com\/fi\/wp-json\/wp\/v2\/media\/114425"}],"wp:attachment":[{"href":"https:\/\/www.europesays.com\/fi\/wp-json\/wp\/v2\/media?parent=114424"}],"wp:term":[{"taxonomy":"category","embeddable":true,"href":"https:\/\/www.europesays.com\/fi\/wp-json\/wp\/v2\/categories?post=114424"},{"taxonomy":"post_tag","embeddable":true,"href":"https:\/\/www.europesays.com\/fi\/wp-json\/wp\/v2\/tags?post=114424"}],"curies":[{"name":"wp","href":"https:\/\/api.w.org\/{rel}","templated":true}]}}