{"id":114426,"date":"2025-12-12T10:57:09","date_gmt":"2025-12-12T10:57:09","guid":{"rendered":"https:\/\/www.europesays.com\/fi\/114426\/"},"modified":"2025-12-12T10:57:09","modified_gmt":"2025-12-12T10:57:09","slug":"lindsey-vonnilta-41-allistyttava-suoritus","status":"publish","type":"post","link":"https:\/\/www.europesays.com\/fi\/114426\/","title":{"rendered":"Lindsey Vonnilta, 41, \u00e4llistytt\u00e4v\u00e4 suoritus!"},"content":{"rendered":"<p>41-vuotias alppihiihdon supert\u00e4hti palasi voittajaksi.<\/p>\n<p><img decoding=\"async\" class=\"image image-show image-preview\" src=\"https:\/\/www.europesays.com\/fi\/wp-content\/uploads\/2025\/12\/bef3c81683ac3f98c1d373c0cd3c1f6d7b3445894bcadec80b0324d95bb2b165.jpg\" alt=\"\"\/><img decoding=\"async\" class=\"image image-show\" src=\"https:\/\/www.europesays.com\/fi\/wp-content\/uploads\/2025\/12\/1765537028_591_bef3c81683ac3f98c1d373c0cd3c1f6d7b3445894bcadec80b0324d95bb2b165.jpg\" alt=\"\"\/><\/p>\n<p>Lindsey Vonn r\u00e4v\u00e4ytti. EPA \/ AOP<\/p>\n<p class=\"paragraph\"><strong>Lindsey Vonn<\/strong> sy\u00f6ksyi voittoon alppihiihdon maailmancupin osakilpailussa It\u00e4vallan St. Moritzissa.<\/p>\n<p class=\"paragraph\">Voitto oli 41-vuotiaalle amerikkalaiselle lajin supert\u00e4hdelle uran 83. maailmancupissa ja 44. sy\u00f6ksylaskussa. Voitto oli ensimm\u00e4inen sen j\u00e4lkeen, kun Vonn palasi viime vuonna takaisin alppisirkukseen vuosien poissaolon j\u00e4lkeen.<\/p>\n<p class=\"paragraph\">Kisa on kesken, mutta kuuman ryhm\u00e4n laskettua maaliin Vonnin voittoa voidaan pit\u00e4\u00e4 jo k\u00e4yt\u00e4nn\u00f6ss\u00e4 varmana. Vonnin vauhti oli murskaavan ylivoimaista. Ero kisan kakkoseen, It\u00e4vallan <strong>Magdalena Eggeriin<\/strong> oli 0,98 sekuntia.<\/p>\n<p class=\"paragraph\">Kaiken urallaan voittanut Vonn lopetti v\u00e4liaikaisesti uransa 2019 useiden loukkaantumisten satuttamana. Vonn kuntoutti itsens\u00e4 kuitenkin takaisin huippukuntoon l\u00f6yt\u00e4en my\u00f6s uudelleen motivaation alppihiihtoa kohtaan. Paluu tapahtui vuosi sitten. Viime kauden p\u00e4\u00e4tteeksi Vonn laski Super G -kisassa toiseksi.<\/p>\n<p class=\"paragraph\">Vonn on kaikkien aikojen toiseksi eniten alppihiihdon maailmancupin osakilpailuja voittanut nainen lajin historiassa. Maannainen <strong>Mikaela Shiffrin<\/strong> nousi edelle kaksi vuotta sitten.<\/p>\n<p class=\"paragraph\">Kilpailuun osallistuu my\u00f6s <strong>Rosa Pohjalainen<\/strong>. Nuorten kisoissa MM-pronssia sy\u00f6ksylaskussa viime vuonna voittanut  22-vuotias suomalainen osallistuu ensimm\u00e4ist\u00e4 kertaa sy\u00f6ksykisaan maailmancupissa.<\/p>\n<p class=\"paragraph\">Pohjalainen ei ole viel\u00e4 laskenut.<\/p>\n<p><a href=\"https:\/\/www.iltalehti.fi\/telkku\/?utm_source=iltalehti.fi&amp;utm_medium=almainternal&amp;utm_campaign=urheilu_artikkelibanneri&amp;utm_content=banner_612_a\" rel=\"nofollow noopener\" target=\"_blank\"><img decoding=\"async\" src=\"https:\/\/www.europesays.com\/fi\/wp-content\/uploads\/2025\/08\/7ef604e47d46ca174b7df4149bd3557dbde56a86d520f8e1b2125548b0a2e03a.png\" alt=\"TV-ohjelmat t\u00e4n\u00e4\u00e4n, TV-opas\"\/><\/a><\/p>\n","protected":false},"excerpt":{"rendered":"41-vuotias alppihiihdon supert\u00e4hti palasi voittajaksi. Lindsey Vonn r\u00e4v\u00e4ytti. EPA \/ AOP Lindsey Vonn sy\u00f6ksyi voittoon alppihiihdon maailmancupin osakilpailussa&hellip;\n","protected":false},"author":2,"featured_media":114427,"comment_status":"","ping_status":"","sticky":false,"template":"","format":"standard","meta":{"footnotes":""},"categories":[158],"tags":[35,33,31,30,2096,41,2883,159,32,1145,160,161],"class_list":{"0":"post-114426","1":"post","2":"type-post","3":"status-publish","4":"format-standard","5":"has-post-thumbnail","7":"category-urheilu","8":"tag-24h","9":"tag-fi","10":"tag-finland","11":"tag-finnish","12":"tag-hiihtolajit","13":"tag-liikunta-ja-urheilu","14":"tag-maailmancupit-ja-maailmanmestaruuskilpailut","15":"tag-sports","16":"tag-suomi","17":"tag-talviurheilu","18":"tag-urheilu","19":"tag-urheilutapahtumat"},"share_on_mastodon":{"url":"https:\/\/pubeurope.com\/@fi\/115706242595083167","error":""},"_links":{"self":[{"href":"https:\/\/www.europesays.com\/fi\/wp-json\/wp\/v2\/posts\/114426","targetHints":{"allow":["GET"]}}],"collection":[{"href":"https:\/\/www.europesays.com\/fi\/wp-json\/wp\/v2\/posts"}],"about":[{"href":"https:\/\/www.europesays.com\/fi\/wp-json\/wp\/v2\/types\/post"}],"author":[{"embeddable":true,"href":"https:\/\/www.europesays.com\/fi\/wp-json\/wp\/v2\/users\/2"}],"replies":[{"embeddable":true,"href":"https:\/\/www.europesays.com\/fi\/wp-json\/wp\/v2\/comments?post=114426"}],"version-history":[{"count":0,"href":"https:\/\/www.europesays.com\/fi\/wp-json\/wp\/v2\/posts\/114426\/revisions"}],"wp:featuredmedia":[{"embeddable":true,"href":"https:\/\/www.europesays.com\/fi\/wp-json\/wp\/v2\/media\/114427"}],"wp:attachment":[{"href":"https:\/\/www.europesays.com\/fi\/wp-json\/wp\/v2\/media?parent=114426"}],"wp:term":[{"taxonomy":"category","embeddable":true,"href":"https:\/\/www.europesays.com\/fi\/wp-json\/wp\/v2\/categories?post=114426"},{"taxonomy":"post_tag","embeddable":true,"href":"https:\/\/www.europesays.com\/fi\/wp-json\/wp\/v2\/tags?post=114426"}],"curies":[{"name":"wp","href":"https:\/\/api.w.org\/{rel}","templated":true}]}}