{"id":114434,"date":"2025-12-12T11:03:10","date_gmt":"2025-12-12T11:03:10","guid":{"rendered":"https:\/\/www.europesays.com\/fi\/114434\/"},"modified":"2025-12-12T11:03:10","modified_gmt":"2025-12-12T11:03:10","slug":"kirkkoherra-kayttaytyi-papille-sopimattomasti-sai-lahtopassit","status":"publish","type":"post","link":"https:\/\/www.europesays.com\/fi\/114434\/","title":{"rendered":"Kirkkoherra k\u00e4ytt\u00e4ytyi \u201dpapille sopimattomasti\u201d \u2013 Sai l\u00e4ht\u00f6passit"},"content":{"rendered":"<p>Pyh\u00e4rannan kirkkoherra kiist\u00e4\u00e4 syyt\u00f6kset ja kertoi Ylelle, ett\u00e4 h\u00e4nen \u201domatuntonsa on puhdas\u201d.<\/p>\n<p><img decoding=\"async\" class=\"image image-show image-preview\" src=\"https:\/\/www.europesays.com\/fi\/wp-content\/uploads\/2025\/12\/fadd7a7ba2906da4349e31d1a3824e4ba84eb60c893c7cd8b5e31150c29f001a.jpg\" alt=\"\"\/><img decoding=\"async\" class=\"image image-show\" src=\"https:\/\/www.europesays.com\/fi\/wp-content\/uploads\/2025\/12\/1765537390_980_fadd7a7ba2906da4349e31d1a3824e4ba84eb60c893c7cd8b5e31150c29f001a.jpg\" alt=\"\"\/><\/p>\n<p>Pyh\u00e4rannan seurakuntaan kuuluu Ylen mukaan noin 1400 j\u00e4sent\u00e4. Kuvituskuva. Inka Soveri<\/p>\n<p class=\"paragraph\"><a href=\"https:\/\/yle.fi\/a\/74-20199184\" target=\"_blank\" rel=\"noopener nofollow\">Yle uutisoi<\/a>, ett\u00e4 Pyh\u00e4rannan kirkkoherra vapautettiin teht\u00e4v\u00e4st\u00e4 \u201dpapille sopimattoman k\u00e4yt\u00f6ksen takia\u201d.<\/p>\n<p class=\"paragraph\">Turun tuomiokapituli p\u00e4\u00e4tti eilen keskeytt\u00e4\u00e4 vt. kirkkoherran <strong>Matti Nikkasen<\/strong> viranhoitom\u00e4\u00e4r\u00e4yksen ja antoi t\u00e4lle varoituksen. H\u00e4nen virkansa olisi jatkunut vuoden loppuun saakka.<\/p>\n<p class=\"paragraph\">Turun arkkihiippakunnan lakimiesasessori <strong>Matleena Engblom<\/strong> ei kertonut Ylelle tarkemmin, mink\u00e4laisesta sopimattomasta k\u00e4yt\u00f6ksest\u00e4 on kyse.<\/p>\n<p class=\"paragraph\">\u2013 Se on hyvin laaja kirjo, mit\u00e4 se voi olla, Engblom sanoi <a href=\"https:\/\/yle.fi\/a\/74-20199184\" target=\"_blank\" rel=\"noopener nofollow\">Ylelle<\/a>.<\/p>\n<p class=\"paragraph\">Tuomiokapituli k\u00e4sitteli asiaa Ylen mukaan salaisena pyk\u00e4l\u00e4n\u00e4. P\u00e4\u00e4t\u00f6kset eiv\u00e4t toistaiseksi ole lainvoimaisia.<\/p>\n<p class=\"paragraph\">Nikkanen kommentoi asiaa Ylelle, mutta ei my\u00f6sk\u00e4\u00e4n halunnut avata tilannetta tarkemmin.<\/p>\n<p class=\"paragraph\">\u2013 Olen kiist\u00e4nyt syyt\u00f6kset ja v\u00e4itteet sopimattomasta k\u00e4yt\u00f6ksest\u00e4. En ole toiminut asiattomasti enk\u00e4 toiminnallani aiheuttanut t\u00e4t\u00e4 tilannetta. Omatuntoni on puhdas t\u00e4ss\u00e4 asiassa, Nikkanen sanoi <a href=\"https:\/\/yle.fi\/a\/74-20199184\" target=\"_blank\" rel=\"noopener nofollow\">Ylelle<\/a>.<\/p>\n<p class=\"paragraph\">Nikkanen harkitsee tekev\u00e4ns\u00e4 valituksen hallinto-oikeuteen. H\u00e4nest\u00e4 tuomiokapitulin menettelytavassa on k\u00e4ynyt virhe.<\/p>\n<p class=\"paragraph\">Nikkanen on toiminut Varsinais-Suomessa sijaitsevan Pyh\u00e4rannan seurakunnan kirkkoherrana vuoden 2024 toukokuusta saakka. Virka on t\u00e4ytetty vuodeksi kerrallaan.<\/p>\n<p class=\"paragraph\"><a href=\"https:\/\/www.rannikkoseutu.fi\/uutiset\/art-2000011496991.html\" target=\"_blank\" rel=\"noopener nofollow\">Rannikkoseudun<\/a> mukaan Nikkanen pyrki t\u00e4m\u00e4n vuoden syyskuussa toista kertaa Naantalin kirkkoherraksi.<\/p>\n","protected":false},"excerpt":{"rendered":"Pyh\u00e4rannan kirkkoherra kiist\u00e4\u00e4 syyt\u00f6kset ja kertoi Ylelle, ett\u00e4 h\u00e4nen \u201domatuntonsa on puhdas\u201d. Pyh\u00e4rannan seurakuntaan kuuluu Ylen mukaan noin&hellip;\n","protected":false},"author":2,"featured_media":114435,"comment_status":"","ping_status":"","sticky":false,"template":"","format":"standard","meta":{"footnotes":""},"categories":[12],"tags":[35,22,23,26,27,33,31,30,17,53,24,25,28,29,15,977,976,18,21,38,32,19,20,1727,16],"class_list":{"0":"post-114434","1":"post","2":"type-post","3":"status-publish","4":"format-standard","5":"has-post-thumbnail","7":"category-suomi","8":"tag-24h","9":"tag-breaking-news","10":"tag-breakingnews","11":"tag-featured-news","12":"tag-featurednews","13":"tag-fi","14":"tag-finland","15":"tag-finnish","16":"tag-headlines","17":"tag-laki-oikeus-ja-rikos","18":"tag-latest-news","19":"tag-latestnews","20":"tag-main-news","21":"tag-mainnews","22":"tag-news","23":"tag-oikeusistuimet","24":"tag-oikeusprosessit","25":"tag-otsikot","26":"tag-paauutiset","27":"tag-rikos","28":"tag-suomi","29":"tag-top-stories","30":"tag-topstories","31":"tag-tuomiot","32":"tag-uutiset"},"share_on_mastodon":{"url":"https:\/\/pubeurope.com\/@fi\/115706266066612715","error":""},"_links":{"self":[{"href":"https:\/\/www.europesays.com\/fi\/wp-json\/wp\/v2\/posts\/114434","targetHints":{"allow":["GET"]}}],"collection":[{"href":"https:\/\/www.europesays.com\/fi\/wp-json\/wp\/v2\/posts"}],"about":[{"href":"https:\/\/www.europesays.com\/fi\/wp-json\/wp\/v2\/types\/post"}],"author":[{"embeddable":true,"href":"https:\/\/www.europesays.com\/fi\/wp-json\/wp\/v2\/users\/2"}],"replies":[{"embeddable":true,"href":"https:\/\/www.europesays.com\/fi\/wp-json\/wp\/v2\/comments?post=114434"}],"version-history":[{"count":0,"href":"https:\/\/www.europesays.com\/fi\/wp-json\/wp\/v2\/posts\/114434\/revisions"}],"wp:featuredmedia":[{"embeddable":true,"href":"https:\/\/www.europesays.com\/fi\/wp-json\/wp\/v2\/media\/114435"}],"wp:attachment":[{"href":"https:\/\/www.europesays.com\/fi\/wp-json\/wp\/v2\/media?parent=114434"}],"wp:term":[{"taxonomy":"category","embeddable":true,"href":"https:\/\/www.europesays.com\/fi\/wp-json\/wp\/v2\/categories?post=114434"},{"taxonomy":"post_tag","embeddable":true,"href":"https:\/\/www.europesays.com\/fi\/wp-json\/wp\/v2\/tags?post=114434"}],"curies":[{"name":"wp","href":"https:\/\/api.w.org\/{rel}","templated":true}]}}