{"id":114443,"date":"2025-12-12T11:24:10","date_gmt":"2025-12-12T11:24:10","guid":{"rendered":"https:\/\/www.europesays.com\/fi\/114443\/"},"modified":"2025-12-12T11:24:10","modified_gmt":"2025-12-12T11:24:10","slug":"jasper-paakkosen-kalsarimainoskiista-etenee-korkeimpaan-oikeuteen-uusimaa","status":"publish","type":"post","link":"https:\/\/www.europesays.com\/fi\/114443\/","title":{"rendered":"Jasper P\u00e4\u00e4kk\u00f6sen kalsari\u00admainoskiista etenee korkeimpaan oikeuteen | Uusimaa"},"content":{"rendered":"<p class=\"aw-1gybjub aw-5vja16 kEtdKx kmuxyA yle__article__paragraph\">Korkein oikeus my\u00f6nsi valitusluvan vaate\u00adyritykselle, joka tuomittiin hovioikeudessa n\u00e4yttelij\u00e4 Jasper P\u00e4\u00e4kk\u00f6sen nimen ja kuvan luvattomasta k\u00e4yt\u00f6st\u00e4 kalsarimainos\u00adkampanjassa.<\/p>\n<p><img decoding=\"async\" alt=\"N\u00e4yttelij\u00e4 Jasper P\u00e4\u00e4kk\u00f6nen kuvattiin Helsingin Hernesaaressa aurinkoisena p\u00e4iv\u00e4n\u00e4 toukokuun lopulla.\" src=\"https:\/\/www.europesays.com\/fi\/wp-content\/uploads\/2025\/12\/39-6834145ed4c9e60c4c0.jpeg\" class=\"aw-1l9m598 hKVVvP\"\/><\/p>\n<p>Avaa kuvien katselu<\/p>\n<p>Kuva: Silja Viitala \/ Yle<\/p>\n<p class=\"aw-1gybjub aw-1p7kakr kEtdKx cEmitX yle__article__paragraph\">Korkein oikeus on my\u00f6nt\u00e4nyt vaateyritys L\u00e4hde &amp; Co Oy:lle valitusluvan mainoskampanjakiistassa n\u00e4yttelij\u00e4 <strong class=\"aw-ak79eh KyCXm yle__article__strong\">Jasper P\u00e4\u00e4kk\u00f6st\u00e4<\/strong> vastaan.<\/p>\n<p class=\"aw-1gybjub aw-1p7kakr kEtdKx cEmitX yle__article__paragraph\">Korkeimmassa oikeudessa on ensisijaisesti arvioitavana P\u00e4\u00e4kk\u00f6sen nimen, kuvan ja \u00e4\u00e4nen luvattomasta k\u00e4yt\u00f6st\u00e4 tuomittu korvaus.<\/p>\n<p class=\"aw-1gybjub aw-1p7kakr kEtdKx cEmitX yle__article__paragraph\">Helsingin hovioikeus katsoi, ett\u00e4 L\u00e4hde &amp; Co Oy on velvollinen suorittamaan Jasper P\u00e4\u00e4kk\u00f6selle t\u00e4m\u00e4n nimen, kuvan ja \u00e4\u00e4nen luvattomasta k\u00e4ytt\u00e4misest\u00e4 300\u00a0000 euroa ja viiv\u00e4styskorkoja.<\/p>\n<p class=\"aw-1gybjub aw-1p7kakr kEtdKx cEmitX yle__article__paragraph\">L\u00e4hde &amp; Co Oy vaatii korkeimmassa oikeudessa, ett\u00e4 sille asetettu korvausvelvollisuus kumotaan tai korvauksen m\u00e4\u00e4r\u00e4\u00e4 alennetaan. Korvaussumma oli P\u00e4\u00e4kk\u00f6sen vaatimuksen suuruinen. Hovioikeuden mukaan korvausten arvioinnin l\u00e4ht\u00f6kohtana oli summa, jolla P\u00e4\u00e4kk\u00f6nen olisi suostunut kampanjaan.<\/p>\n<p class=\"aw-1gybjub aw-1p7kakr kEtdKx cEmitX yle__article__paragraph\">L\u00e4hde &amp; Co myy aputoiminimens\u00e4 The Other Danish Guyn kautta alushousuja. Yritys mainosti kalsareita P\u00e4\u00e4kk\u00f6sen avulla elokuussa 2021.<\/p>\n<p class=\"aw-1gybjub aw-1p7kakr kEtdKx cEmitX yle__article__paragraph\">Aiemmin k\u00e4r\u00e4j\u00e4oikeus <a class=\"aw-iao6s4 iHOxEa yle__article__link\" href=\"https:\/\/yle.fi\/a\/74-20037762\" role=\"link\" rel=\"nofollow noopener\" target=\"_blank\">hylk\u00e4si P\u00e4\u00e4kk\u00f6sen kanteen<\/a>. Hovioikeuden mukaan asiassa j\u00e4i kuitenkin n\u00e4ytt\u00e4m\u00e4tt\u00e4, ett\u00e4 P\u00e4\u00e4kk\u00f6nen olisi antanut suostumuksensa mainoskampanjalle.<\/p>\n","protected":false},"excerpt":{"rendered":"Korkein oikeus my\u00f6nsi valitusluvan vaate\u00adyritykselle, joka tuomittiin hovioikeudessa n\u00e4yttelij\u00e4 Jasper P\u00e4\u00e4kk\u00f6sen nimen ja kuvan luvattomasta k\u00e4yt\u00f6st\u00e4 kalsarimainos\u00adkampanjassa. Avaa&hellip;\n","protected":false},"author":2,"featured_media":114444,"comment_status":"","ping_status":"","sticky":false,"template":"","format":"standard","meta":{"footnotes":""},"categories":[130],"tags":[137,33,31,30,104,7543,6408,71,2098,32,1168,109],"class_list":{"0":"post-114443","1":"post","2":"type-post","3":"status-publish","4":"format-standard","5":"has-post-thumbnail","7":"category-viihde","8":"tag-entertainment","9":"tag-fi","10":"tag-finland","11":"tag-finnish","12":"tag-helsinki","13":"tag-jasper-paakkonen","14":"tag-korkein-oikeus","15":"tag-kotimaa","16":"tag-oikeudenkaynnit","17":"tag-suomi","18":"tag-uusimaa","19":"tag-viihde"},"share_on_mastodon":{"url":"https:\/\/pubeurope.com\/@fi\/115706348549051767","error":""},"_links":{"self":[{"href":"https:\/\/www.europesays.com\/fi\/wp-json\/wp\/v2\/posts\/114443","targetHints":{"allow":["GET"]}}],"collection":[{"href":"https:\/\/www.europesays.com\/fi\/wp-json\/wp\/v2\/posts"}],"about":[{"href":"https:\/\/www.europesays.com\/fi\/wp-json\/wp\/v2\/types\/post"}],"author":[{"embeddable":true,"href":"https:\/\/www.europesays.com\/fi\/wp-json\/wp\/v2\/users\/2"}],"replies":[{"embeddable":true,"href":"https:\/\/www.europesays.com\/fi\/wp-json\/wp\/v2\/comments?post=114443"}],"version-history":[{"count":0,"href":"https:\/\/www.europesays.com\/fi\/wp-json\/wp\/v2\/posts\/114443\/revisions"}],"wp:featuredmedia":[{"embeddable":true,"href":"https:\/\/www.europesays.com\/fi\/wp-json\/wp\/v2\/media\/114444"}],"wp:attachment":[{"href":"https:\/\/www.europesays.com\/fi\/wp-json\/wp\/v2\/media?parent=114443"}],"wp:term":[{"taxonomy":"category","embeddable":true,"href":"https:\/\/www.europesays.com\/fi\/wp-json\/wp\/v2\/categories?post=114443"},{"taxonomy":"post_tag","embeddable":true,"href":"https:\/\/www.europesays.com\/fi\/wp-json\/wp\/v2\/tags?post=114443"}],"curies":[{"name":"wp","href":"https:\/\/api.w.org\/{rel}","templated":true}]}}