{"id":114453,"date":"2025-12-12T11:30:09","date_gmt":"2025-12-12T11:30:09","guid":{"rendered":"https:\/\/www.europesays.com\/fi\/114453\/"},"modified":"2025-12-12T11:30:09","modified_gmt":"2025-12-12T11:30:09","slug":"donald-trump-ihmetteli-6g-teknologiaa-nakeeko-silla-ihon-paremmin","status":"publish","type":"post","link":"https:\/\/www.europesays.com\/fi\/114453\/","title":{"rendered":"Donald Trump ihmetteli 6g-teknologiaa: \u201dN\u00e4keek\u00f6 sill\u00e4 ihon paremmin?\u201d"},"content":{"rendered":"<p>Presidentin ymm\u00e4rrys tulevasta mobiiliteknologiasta on v\u00e4hint\u00e4\u00e4nkin kyseenalainen.<\/p>\n<p class=\"article-body mb-nof-24 px-nof-16\">Yhdysvaltain presidentin <a class=\"article-personlink\" href=\"https:\/\/www.is.fi\/haku\/?query=Donald%20Trumpin\" rel=\"nofollow noopener\" target=\"_blank\">Donald Trumpin<\/a> kommentit tulevasta mobiiliteknologiasta her\u00e4tt\u00e4v\u00e4t h\u00e4mmennyst\u00e4, muun muassa <a class=\"article-genericlink\" href=\"https:\/\/www.theverge.com\/policy\/842087\/trump-does-not-understand-6g-5g\" rel=\"nofollow noopener\" target=\"_blank\">The Verge kertoo<\/a>. Trump esitti teknologiasta kummallisia kysymyksi\u00e4 tavatessaan siruyhti\u00f6 Qualcommin toimitusjohtajan <a class=\"article-personlink\" href=\"https:\/\/www.is.fi\/haku\/?query=Cristiano%20Amonin\" rel=\"nofollow noopener\" target=\"_blank\">Cristiano Amonin<\/a> Valkoisessa talossa.<\/p>\n<p class=\"article-body mb-nof-24 px-nof-16\">\u2013 Olin johtaja 5g:ss\u00e4 ja sen toteuttamisessa ja nyt ollaan 6:ssa. Mit\u00e4 se tekee, erottaako sill\u00e4 ihon yksityiskohdat paremmin? [&#8230;] Tykk\u00e4sin vanhoista kameroista, Trump sanoi ja jatkoi viel\u00e4 ihmettely\u00e4\u00e4n.<\/p>\n<p class=\"article-body mb-nof-24 px-nof-16\">\u2013 Eli 6 on tulossa? Se on tulossa. P\u00e4\u00e4ttyyk\u00f6 t\u00e4m\u00e4 koskaan? Ja mit\u00e4 tapahtuu? Olet varmaan seiskan kimpussa? Olet seiskassa ennen kuin 6 vanhenee, Trump sanoi Amonille videoidussa keskustelussa.<\/p>\n<p class=\"article-body mb-nof-24 px-nof-16\">Trumpin kommenteista on vaikea p\u00e4\u00e4tell\u00e4, onko h\u00e4n tosissaan vai puhuuko h\u00e4n kieli poskessa. Kyseess\u00e4 saattaa olla sekaannus esimerkiksi videokuvan tarkkuuteen viittaaviin 4K- ja 8K-termeihin.<\/p>\n<p class=\"article-body mb-nof-24 px-nof-16\">6g tarkoittaa seuraavan sukupolven matkapuhelinverkkoja. Nykyiseen 5g:hen verrattuna luvassa on huomattavasti enemm\u00e4n nopeutta. Esimerkiksi viel\u00e4 harvinaisia 8K-tarkkuuden videostriimej\u00e4 on arvioitu voitavan py\u00f6ritt\u00e4\u00e4 tuhat kappaletta yht\u00e4 aikaa.<\/p>\n<p class=\"article-body mb-nof-24 px-nof-16\">6g-teknologiaa kehitet\u00e4\u00e4n parhaillaan ja sen on ennustettu saapuvan vuoden 2030 paikkeilla.<\/p>\n<p class=\"article-body mb-nof-24 px-nof-16\">Lue lis\u00e4\u00e4: <a class=\"article-genericlink\" href=\"https:\/\/www.is.fi\/digitoday\/mobiili\/art-2000008853985.html\" rel=\"nofollow noopener\" target=\"_blank\">Nokian pomo: \u00c4ly\u00adpuhelin katoaa \u2013 n\u00e4in 6g:t\u00e4 k\u00e4ytet\u00e4\u00e4n vuonna 2030<\/a><\/p>\n<p class=\"article-body mb-nof-24 px-nof-16\">Ainakin 5g-teknologian pit\u00e4isi olla Trumpille tuttu. H\u00e4nen kerrottiin esimerkiksi keskustelleen siit\u00e4 Suomen silloisen presidentin <a class=\"article-personlink\" href=\"https:\/\/www.is.fi\/haku\/?query=Sauli%20Niinist%C3%B6n\" rel=\"nofollow noopener\" target=\"_blank\">Sauli Niinist\u00f6n<\/a> kanssa vuonna 2019.<\/p>\n<p class=\"article-body mb-nof-24 px-nof-16\">Lue lis\u00e4\u00e4: <a class=\"article-genericlink\" href=\"https:\/\/www.is.fi\/digitoday\/art-2000006258596.html\" rel=\"nofollow noopener\" target=\"_blank\">Reutersin l\u00e4hde: Yksi Niinist\u00f6n ja Trumpin keskustelunaiheista paljastui \u2013 Nokia saa suitsutusta Yhdysvalloissa<\/a><\/p>\n<p class=\"article-body mb-nof-24 px-nof-16\">Toisaalta h\u00e4n on mainostanut omaa T1-puhelintaan lupaamalla, ett\u00e4 ne kaikki on valmistettu Yhdysvalloissa. Mainintaa valmistusmaasta ei kuitenkaan en\u00e4\u00e4 my\u00f6hemmin l\u00f6ytynyt puhelimen myyntisivulta.<\/p>\n<p class=\"article-body mb-nof-24 px-nof-16\">Lis\u00e4ksi T1 muistutti alun perin ulkoisesti uudempia iPhoneja, mutta my\u00f6hemm\u00e4ss\u00e4 ja nopeasti poistetussa mainoksessa n\u00e4kyi oletetusti Samsung Galaxy S25 Ultra.<\/p>\n","protected":false},"excerpt":{"rendered":"Presidentin ymm\u00e4rrys tulevasta mobiiliteknologiasta on v\u00e4hint\u00e4\u00e4nkin kyseenalainen. Yhdysvaltain presidentin Donald Trumpin kommentit tulevasta mobiiliteknologiasta her\u00e4tt\u00e4v\u00e4t h\u00e4mmennyst\u00e4, muun muassa&hellip;\n","protected":false},"author":2,"featured_media":114454,"comment_status":"","ping_status":"","sticky":false,"template":"","format":"standard","meta":{"footnotes":""},"categories":[5],"tags":[22,23,26,27,33,31,30,17,34,24,25,28,29,15,18,21,32,19,20,16],"class_list":{"0":"post-114453","1":"post","2":"type-post","3":"status-publish","4":"format-standard","5":"has-post-thumbnail","7":"category-otsikot","8":"tag-breaking-news","9":"tag-breakingnews","10":"tag-featured-news","11":"tag-featurednews","12":"tag-fi","13":"tag-finland","14":"tag-finnish","15":"tag-headlines","16":"tag-ilta-sanomat","17":"tag-latest-news","18":"tag-latestnews","19":"tag-main-news","20":"tag-mainnews","21":"tag-news","22":"tag-otsikot","23":"tag-paauutiset","24":"tag-suomi","25":"tag-top-stories","26":"tag-topstories","27":"tag-uutiset"},"share_on_mastodon":{"url":"https:\/\/pubeurope.com\/@fi\/115706371974653090","error":""},"_links":{"self":[{"href":"https:\/\/www.europesays.com\/fi\/wp-json\/wp\/v2\/posts\/114453","targetHints":{"allow":["GET"]}}],"collection":[{"href":"https:\/\/www.europesays.com\/fi\/wp-json\/wp\/v2\/posts"}],"about":[{"href":"https:\/\/www.europesays.com\/fi\/wp-json\/wp\/v2\/types\/post"}],"author":[{"embeddable":true,"href":"https:\/\/www.europesays.com\/fi\/wp-json\/wp\/v2\/users\/2"}],"replies":[{"embeddable":true,"href":"https:\/\/www.europesays.com\/fi\/wp-json\/wp\/v2\/comments?post=114453"}],"version-history":[{"count":0,"href":"https:\/\/www.europesays.com\/fi\/wp-json\/wp\/v2\/posts\/114453\/revisions"}],"wp:featuredmedia":[{"embeddable":true,"href":"https:\/\/www.europesays.com\/fi\/wp-json\/wp\/v2\/media\/114454"}],"wp:attachment":[{"href":"https:\/\/www.europesays.com\/fi\/wp-json\/wp\/v2\/media?parent=114453"}],"wp:term":[{"taxonomy":"category","embeddable":true,"href":"https:\/\/www.europesays.com\/fi\/wp-json\/wp\/v2\/categories?post=114453"},{"taxonomy":"post_tag","embeddable":true,"href":"https:\/\/www.europesays.com\/fi\/wp-json\/wp\/v2\/tags?post=114453"}],"curies":[{"name":"wp","href":"https:\/\/api.w.org\/{rel}","templated":true}]}}