{"id":114457,"date":"2025-12-12T11:43:09","date_gmt":"2025-12-12T11:43:09","guid":{"rendered":"https:\/\/www.europesays.com\/fi\/114457\/"},"modified":"2025-12-12T11:43:09","modified_gmt":"2025-12-12T11:43:09","slug":"dukaattipalkinnon-saanut-nuorgamilainen-lada-suomenrinne-haastaa-taiteellaan-lansimaista-aikakasitetta-kotimaa","status":"publish","type":"post","link":"https:\/\/www.europesays.com\/fi\/114457\/","title":{"rendered":"Dukaatti\u00adpalkinnon saanut nuorgamilainen Lada Suomenrinne haastaa taiteellaan l\u00e4nsimaista aikak\u00e4sitett\u00e4 | Kotimaa"},"content":{"rendered":"<p class=\"aw-1gybjub aw-5vja16 kEtdKx kmuxyA yle__article__paragraph\">Taiteilija Lada Suomenrinne on t\u00e4n\u00e4 vuonna saanut poikkeuksellista huomiota. H\u00e4nen henkil\u00f6\u00adkohtainen, kerroksellinen taiteensa on saanut jo kaksi merkitt\u00e4v\u00e4\u00e4 palkintoa.<\/p>\n<p><img decoding=\"async\" alt=\"Lada Suomenrinne seisoo taideteoksensa edess\u00e4 ja katsoo yl\u00e4viistoon. \" src=\"https:\/\/www.europesays.com\/fi\/wp-content\/uploads\/2025\/12\/39-90618361efa06f29a89.jpeg\" class=\"aw-1l9m598 hKVVvP\"\/><\/p>\n<p>Avaa kuvien katselu<\/p>\n<p>T\u00e4m\u00e4 Suomenrinteen tekem\u00e4 teos oli muutama vuosi sitten n\u00e4ht\u00e4vill\u00e4 Kansallismuseossa. Nyt se on yksityiskokoelmassa. Kuva: Tomi Lampinen \/ Yle<\/p>\n<p class=\"aw-1gybjub aw-1p7kakr kEtdKx cEmitX yle__article__paragraph\">Saamelainen kuvataitelija, Nuorgamista kotoisin oleva <strong class=\"aw-ak79eh KyCXm yle__article__strong\">Lada Suomenrinne<\/strong> palkittiin torstaina Suomen taideyhdistyksen Dukaattipalkinnolla. Palkinto on Suomen vanhin ja taideyhdistyksen arvostetuin tunnustus.<\/p>\n<p class=\"aw-1gybjub aw-1p7kakr kEtdKx cEmitX yle__article__paragraph\">Suomenrinne kertoo olleensa syv\u00e4sti yll\u00e4ttynyt ja liikuttunut palkinnosta, jonka arvo on 16\u00a0000 euroa.<\/p>\n<p class=\"aw-1gybjub aw-1p7kakr kEtdKx cEmitX yle__article__paragraph\">\u2013 Kun ty\u00f6skentelee yksin, ei aina n\u00e4e sit\u00e4 merkityst\u00e4 tai arvoa, mit\u00e4 kautta muut taidettani katsovat. T\u00e4m\u00e4 tarkoittaa minulle sit\u00e4, ett\u00e4 ihmiset ovat ymm\u00e4rt\u00e4neet ja pit\u00e4neet sit\u00e4 hienona, h\u00e4n toteaa.<\/p>\n<p class=\"aw-1gybjub aw-1p7kakr kEtdKx cEmitX yle__article__paragraph\">Lada Suomenrinteen taiteessa ei ole tavallisia maisemakuvia pohjoisesta, vaan niiss\u00e4 on useita kerroksia. Kuvissa on luonnon lis\u00e4ksi annettu tilaa sellaiselle elinymp\u00e4rist\u00f6lle, joka ei v\u00e4ltt\u00e4m\u00e4tt\u00e4 ulosp\u00e4in heti n\u00e4y. Niiden mielenmaisema v\u00e4litt\u00e4\u00e4 muistoja siit\u00e4, kuinka esivanhemmat ovat kulkeneet samoja polkuja ja pys\u00e4htyneet samoille rannoille veden \u00e4\u00e4reen, kuvaillaan perusteluissa.<\/p>\n<p class=\"aw-1gybjub aw-1p7kakr kEtdKx cEmitX yle__article__paragraph\">\u2013 Ehk\u00e4 t\u00e4m\u00e4 palkinto merkitsee sit\u00e4, ett\u00e4 olen tehnyt jotain oikein ja olen taitava. Se on muistutus itselleni, ett\u00e4 taiteellani on todella paljon arvoa.<\/p>\n<p>Alkuper\u00e4iskansoille ominainen aikak\u00e4sitys l\u00e4sn\u00e4 teoksissa<\/p>\n<p class=\"aw-1gybjub aw-1p7kakr kEtdKx cEmitX yle__article__paragraph\">Valokuvausty\u00f6ss\u00e4\u00e4n Lada Suomenrinne k\u00e4ytt\u00e4\u00e4 erilaisia valotusaikoja, jolloin nykyhetki, menneisyys ja tulevaisuus sulautuvat samaan kuvaan.<\/p>\n<p class=\"aw-1gybjub aw-1p7kakr kEtdKx cEmitX yle__article__paragraph\">Ajatuksena t\u00e4ss\u00e4 on sama aikak\u00e4site, mik\u00e4 on ominaista alkuper\u00e4iskansoilla. Aika ei ole yksinkertainen, se ei tikit\u00e4 kellon mukana suoraviivaisesti eteenp\u00e4in vaan kerrostuu toisiinsa kietoutuvista kehist\u00e4, Suomen taideyhdistyksen perusteluissa kuvataan.<\/p>\n<p class=\"aw-1gybjub aw-1p7kakr kEtdKx cEmitX yle__article__paragraph\">Suomenrinne haluaa ty\u00f6ns\u00e4 kautta my\u00f6s pohtia, mit\u00e4 saamelainen kuvataide oikeastaan on.<\/p>\n<p class=\"aw-1gybjub aw-1p7kakr kEtdKx cEmitX yle__article__paragraph\">\u2013 Meill\u00e4 ei ole kirjoitettua historiaa tai teoriaa siit\u00e4, mit\u00e4 se on. Euroopassa kuvataide on suuri asia.<\/p>\n<p>Huomio sek\u00e4 j\u00e4nnitt\u00e4\u00e4 ett\u00e4 tuo turvaa<\/p>\n<p class=\"aw-1gybjub aw-1p7kakr kEtdKx cEmitX yle__article__paragraph\">Lada Suomenrinne palkittiin toukokuussa my\u00f6s Nordean Taides\u00e4\u00e4ti\u00f6n palkinnolla, joka oli arvoltaan 25\u00a0000 euroa.<\/p>\n<p class=\"aw-1gybjub aw-1p7kakr kEtdKx cEmitX yle__article__paragraph\">Vuoden aikana saatu huomio tuntuu h\u00e4nest\u00e4 v\u00e4lill\u00e4 jopa pelottavalta, sill\u00e4 taidealan taloudellinen tilanne on huono. Suomenrinne soisi, ett\u00e4 muutkin taiteilijat ja taiteenalat saisivat samanlaista n\u00e4kyvyytt\u00e4 ja taloudellista tukea.<\/p>\n<p class=\"aw-1gybjub aw-1p7kakr kEtdKx cEmitX yle__article__paragraph\">\u2013 Pelk\u00e4\u00e4n, ett\u00e4 t\u00e4m\u00e4 on liikaa liian nopeasti. Minun t\u00e4ytyy olla kiitollinen t\u00e4st\u00e4 palkinnosta. Pystyn jatkamaan taiteellista ty\u00f6t\u00e4ni ja minulla on turvallinen tilanne.<\/p>\n<p><img decoding=\"async\" alt=\"Lada Suomenrinne valokuvaamassa ulkona lumisten oksien takana. \" src=\"https:\/\/www.europesays.com\/fi\/wp-content\/uploads\/2025\/12\/39-90618961efa360720b0.jpeg\" loading=\"lazy\" class=\"aw-1l9m598 hKVVvP\"\/><\/p>\n<p>Avaa kuvien katselu<\/p>\n<p>Kuvataiteessaan Suomenrinne ajattelee saamelaista estetiikkaa, historiaa ja sit\u00e4, ett\u00e4 kuvataide ei ole perinteisen saamelaisen k\u00e4sity\u00f6n muoto.  Kuva: Xia Torikka \/ Yle<\/p>\n<p class=\"aw-1gybjub aw-1p7kakr kEtdKx cEmitX yle__article__paragraph\">Suomenrinteen taiteellinen ty\u00f6 jatkuu seuraavaksi n\u00e4yttelyiden rakentamisella. H\u00e4nelt\u00e4 on tulossa pian kuvasarja, johon kuvaa esivanhempiaan.<\/p>\n<p class=\"aw-1gybjub aw-1p7kakr kEtdKx cEmitX yle__article__paragraph\">Pitk\u00e4aikaisena haaveena h\u00e4nell\u00e4 on oman kuvakirjan julkaiseminen. Saamelaisia kuvakirjoja ei juurikaan ole julkaistu aiemmin.<\/p>\n<p class=\"aw-1gybjub aw-1p7kakr kEtdKx cEmitX yle__article__paragraph\">\u2013 Sit\u00e4 kautta saisi taidetta ihmisten koteihin, ajattelee Lada Suomenrinne.<\/p>\n<p>Lada Suomenrinne oli mukana Yle S\u00e1pmin nuortensis\u00e4lt\u00f6j\u00e4 tuottavan Sohkar\u0161ohkkan dokumenttisarjassa vuonna 2022.<\/p>\n","protected":false},"excerpt":{"rendered":"Taiteilija Lada Suomenrinne on t\u00e4n\u00e4 vuonna saanut poikkeuksellista huomiota. H\u00e4nen henkil\u00f6\u00adkohtainen, kerroksellinen taiteensa on saanut jo kaksi merkitt\u00e4v\u00e4\u00e4&hellip;\n","protected":false},"author":2,"featured_media":114458,"comment_status":"","ping_status":"","sticky":false,"template":"","format":"standard","meta":{"footnotes":""},"categories":[135],"tags":[389,387,388,390,137,33,31,30,71,108,667,2930,4064,5580,32,394,397,16586,393,391,392,109],"class_list":{"0":"post-114457","1":"post","2":"type-post","3":"status-publish","4":"format-standard","5":"has-post-thumbnail","7":"category-taiteet-ja-suunnittelu","8":"tag-arts","9":"tag-arts-and-design","10":"tag-artsanddesign","11":"tag-design","12":"tag-entertainment","13":"tag-fi","14":"tag-finland","15":"tag-finnish","16":"tag-kotimaa","17":"tag-kulttuuri","18":"tag-lappi","19":"tag-saamelaiset","20":"tag-saamenmaa","21":"tag-sapmi","22":"tag-suomi","23":"tag-suunnittelu","24":"tag-taide","25":"tag-taidepalkinnot","26":"tag-taiteet","27":"tag-taiteet-ja-suunnittelu","28":"tag-taiteetsuunnittelu","29":"tag-viihde"},"share_on_mastodon":{"url":"https:\/\/pubeurope.com\/@fi\/115706423174253117","error":""},"_links":{"self":[{"href":"https:\/\/www.europesays.com\/fi\/wp-json\/wp\/v2\/posts\/114457","targetHints":{"allow":["GET"]}}],"collection":[{"href":"https:\/\/www.europesays.com\/fi\/wp-json\/wp\/v2\/posts"}],"about":[{"href":"https:\/\/www.europesays.com\/fi\/wp-json\/wp\/v2\/types\/post"}],"author":[{"embeddable":true,"href":"https:\/\/www.europesays.com\/fi\/wp-json\/wp\/v2\/users\/2"}],"replies":[{"embeddable":true,"href":"https:\/\/www.europesays.com\/fi\/wp-json\/wp\/v2\/comments?post=114457"}],"version-history":[{"count":0,"href":"https:\/\/www.europesays.com\/fi\/wp-json\/wp\/v2\/posts\/114457\/revisions"}],"wp:featuredmedia":[{"embeddable":true,"href":"https:\/\/www.europesays.com\/fi\/wp-json\/wp\/v2\/media\/114458"}],"wp:attachment":[{"href":"https:\/\/www.europesays.com\/fi\/wp-json\/wp\/v2\/media?parent=114457"}],"wp:term":[{"taxonomy":"category","embeddable":true,"href":"https:\/\/www.europesays.com\/fi\/wp-json\/wp\/v2\/categories?post=114457"},{"taxonomy":"post_tag","embeddable":true,"href":"https:\/\/www.europesays.com\/fi\/wp-json\/wp\/v2\/tags?post=114457"}],"curies":[{"name":"wp","href":"https:\/\/api.w.org\/{rel}","templated":true}]}}