{"id":114472,"date":"2025-12-12T12:08:08","date_gmt":"2025-12-12T12:08:08","guid":{"rendered":"https:\/\/www.europesays.com\/fi\/114472\/"},"modified":"2025-12-12T12:08:08","modified_gmt":"2025-12-12T12:08:08","slug":"rasismikohu-ryopsahti-lola-odusoga-avaa-sanaisen-arkkunsa","status":"publish","type":"post","link":"https:\/\/www.europesays.com\/fi\/114472\/","title":{"rendered":"Rasismikohu ry\u00f6ps\u00e4hti \u2013 Lola Odusoga avaa sanaisen arkkunsa"},"content":{"rendered":"<p>Vuoden 1996 Miss Suomi Lola Odusoga teki julkaisun missimaailman kohuihin liittyen.<\/p>\n<p><img decoding=\"async\" class=\"image image-show image-preview\" src=\"https:\/\/www.europesays.com\/fi\/wp-content\/uploads\/2025\/12\/1e574dce90b040dce9fa367fd9ed1a5be6b3ca279ac6fc333bb9ede0619ff856.jpg\" alt=\"\"\/><img decoding=\"async\" class=\"image image-show\" src=\"https:\/\/www.europesays.com\/fi\/wp-content\/uploads\/2025\/12\/1765541288_178_1e574dce90b040dce9fa367fd9ed1a5be6b3ca279ac6fc333bb9ede0619ff856.jpg\" alt=\"\"\/><\/p>\n<p>Lola Odusoga jakaa ajatuksiaan viime aikoina vellonneista Miss Suomi -kohuista. H\u00e4n ei nime\u00e4 mit\u00e4\u00e4n yksitt\u00e4ist\u00e4 kohua. Pete Anikari<\/p>\n<p class=\"paragraph\">Vuoden 1996 Miss Suomi <strong>Lola Odusoga<\/strong>, 48, ottaa kantaa missimaailman viimeaikaisiin tapahtumiin. Odusoga ei varsinaisesti nime\u00e4 yht\u00e4\u00e4n kohua, mutta mainitsee sek\u00e4 Miss Universum -kilpailuun ett\u00e4 Miss Suomeen liittyv\u00e4t kohut.<\/p>\n<p class=\"paragraph\">Odusoga toteaa, ett\u00e4 kohut ovat ottaneet kierroksia ja saavat uusia k\u00e4\u00e4nteit\u00e4 joka p\u00e4iv\u00e4.<\/p>\n<p class=\"paragraph\">\u2013 Uudet ihmiset ja entiset voittajat tulevat kertomaan omia kokemuksiaan, tukemaan tai kritisoimaan milloinkin huomion keski\u00f6ss\u00e4 olevaa aihetta tai henkil\u00f6\u00e4. My\u00f6s uusia ihmisi\u00e4 syytell\u00e4\u00e4n ties mist\u00e4 ja uusia kohuja syntyy n\u00e4iden ulostulojen seurauksena.<\/p>\n<p class=\"paragraph\">\u2013 Niin tai n\u00e4in, kyll\u00e4, minulla on mielipide, monestakin asiasta. Ja se on vahva, mutta\u2026 niin paljon kuin p\u00e4ivitt\u00e4in eri tahoilta koitetaan saada kaikille kohuille jatkoa, vastakkainasetteluja, riitaa, tukea, uusia n\u00e4k\u00f6kulmia, minulta niit\u00e4 on turha hakea.<\/p>\n<p class=\"paragraph\">Odusoga sanoo olevan hyv\u00e4 asia, ett\u00e4 h\u00e4nen mielipiteens\u00e4 tiet\u00e4v\u00e4t vain harvat ja valitut.<\/p>\n<p class=\"paragraph\">\u2013 Antaa niiden olla \u00e4\u00e4ness\u00e4 jotka haluaa. Still no comments [suom. en silti kommentoi], h\u00e4n p\u00e4\u00e4tt\u00e4\u00e4 kirjoituksensa.<\/p>\n<p class=\"paragraph\">Mik\u00e4li linkki ei n\u00e4y, voit katsoa julkaisun <a href=\"https:\/\/www.instagram.com\/p\/DSKP-b8CEv7\/\" target=\"_blank\" rel=\"noopener nofollow\">t\u00e4\u00e4lt\u00e4<\/a>.<\/p>\n<p class=\"paragraph\">Miss Suomi <strong>Sarah Dzafce<\/strong> <a href=\"https:\/\/www.iltalehti.fi\/viihdeuutiset\/74544663-917d-4925-9571-6b3ed83caaf9\" rel=\"nofollow noopener\" target=\"_blank\">menetti kruununsa<\/a> torstaina rasismikohun takia. Uudeksi Miss Suomeksi kruunattiin <strong>Tara Lehtonen<\/strong>. Sosiaalisessa mediassa p\u00e4\u00e4t\u00f6s on <a href=\"https:\/\/www.iltalehti.fi\/viihdeuutiset\/072ea62e-791b-40bc-b2eb-0cab3cb25f4e\" rel=\"nofollow noopener\" target=\"_blank\">aiheuttanut kommentteja<\/a> puolesta ja vastaan.<\/p>\n<p>Sarah Dzafce menetti kruununsa rasismikohun takia. Maarit Pohjanpalo<\/p>\n<p class=\"paragraph\">Odusogan mainitsemat Miss Universum -kohut puolestaan viittaavat esimerkiksi siihen, kun Miss Meksiko <strong>F\u00e1tima Bosch<\/strong> syytti Thaimaan kisaorganisaation edustajaa <a href=\"https:\/\/www.iltalehti.fi\/viihdeuutiset\/148bb4be-4814-472c-b2a2-294f25188ed1\" rel=\"nofollow noopener\" target=\"_blank\">ep\u00e4asiallisesta k\u00e4yt\u00f6ksest\u00e4<\/a>. Kohusta huolimatta Bosch kruunattiin Miss Universumiksi.<\/p>\n<p><script async src=\"\/\/www.instagram.com\/embed.js\"><\/script><\/p>\n","protected":false},"excerpt":{"rendered":"Vuoden 1996 Miss Suomi Lola Odusoga teki julkaisun missimaailman kohuihin liittyen. Lola Odusoga jakaa ajatuksiaan viime aikoina vellonneista&hellip;\n","protected":false},"author":2,"featured_media":114473,"comment_status":"","ping_status":"","sticky":false,"template":"","format":"standard","meta":{"footnotes":""},"categories":[136],"tags":[35,407,137,33,31,30,876,408,6067,106,32,139,109],"class_list":{"0":"post-114472","1":"post","2":"type-post","3":"status-publish","4":"format-standard","5":"has-post-thumbnail","7":"category-julkkikset","8":"tag-24h","9":"tag-celebrities","10":"tag-entertainment","11":"tag-fi","12":"tag-finland","13":"tag-finnish","14":"tag-fyysinen-kauneus","15":"tag-julkkikset","16":"tag-mediapersoonat","17":"tag-muoti","18":"tag-suomi","19":"tag-tv-ohjelmat","20":"tag-viihde"},"share_on_mastodon":{"url":"https:\/\/pubeurope.com\/@fi\/115706521740738656","error":""},"_links":{"self":[{"href":"https:\/\/www.europesays.com\/fi\/wp-json\/wp\/v2\/posts\/114472","targetHints":{"allow":["GET"]}}],"collection":[{"href":"https:\/\/www.europesays.com\/fi\/wp-json\/wp\/v2\/posts"}],"about":[{"href":"https:\/\/www.europesays.com\/fi\/wp-json\/wp\/v2\/types\/post"}],"author":[{"embeddable":true,"href":"https:\/\/www.europesays.com\/fi\/wp-json\/wp\/v2\/users\/2"}],"replies":[{"embeddable":true,"href":"https:\/\/www.europesays.com\/fi\/wp-json\/wp\/v2\/comments?post=114472"}],"version-history":[{"count":0,"href":"https:\/\/www.europesays.com\/fi\/wp-json\/wp\/v2\/posts\/114472\/revisions"}],"wp:featuredmedia":[{"embeddable":true,"href":"https:\/\/www.europesays.com\/fi\/wp-json\/wp\/v2\/media\/114473"}],"wp:attachment":[{"href":"https:\/\/www.europesays.com\/fi\/wp-json\/wp\/v2\/media?parent=114472"}],"wp:term":[{"taxonomy":"category","embeddable":true,"href":"https:\/\/www.europesays.com\/fi\/wp-json\/wp\/v2\/categories?post=114472"},{"taxonomy":"post_tag","embeddable":true,"href":"https:\/\/www.europesays.com\/fi\/wp-json\/wp\/v2\/tags?post=114472"}],"curies":[{"name":"wp","href":"https:\/\/api.w.org\/{rel}","templated":true}]}}