{"id":114479,"date":"2025-12-12T12:16:08","date_gmt":"2025-12-12T12:16:08","guid":{"rendered":"https:\/\/www.europesays.com\/fi\/114479\/"},"modified":"2025-12-12T12:16:08","modified_gmt":"2025-12-12T12:16:08","slug":"latelan-laurin-puoliso-sarkku-huttunen-sai-mustan-silman-hevostreenissa","status":"publish","type":"post","link":"https:\/\/www.europesays.com\/fi\/114479\/","title":{"rendered":"Latelan Laurin puoliso Sarkku Huttunen sai mustan silm\u00e4n hevostreeniss\u00e4"},"content":{"rendered":"<p>            Timo Korhonen\n        <\/p>\n<p class=\"subtitle \">Sarkku on kokenut hevosten kanssa toimimisen rajunkin puolen.<\/p>\n<p class=\"article-content article-content-width !bg-background\">Suositun\u00a0Latela-sarjan\u00a0puoliso\u00a0on kolhaissut kasvonsa karun n\u00e4k\u00f6isesti.<\/p>\n<p class=\"font-weight-bold m-font-weight-bold article-content article-content-width !bg-background\">Arkistovideo: T\u00e4t\u00e4 Sarkku ja Late katsovat telkkarista<\/p>\n<p class=\"article-content article-content-width !bg-background\">Sarkun el\u00e4m\u00e4\u00e4n kuuluu tiiviisti hevosurheilu, ja suurten el\u00e4inten kanssa touhutessa p\u00e4\u00e4see toisinaan sattumaan ja tapahtumaan.<\/p>\n<p class=\"article-content article-content-width !bg-background\">Torstaina (11.12.) Sarkku kertoi siirtyneens\u00e4 Yp\u00e4j\u00e4n hevosopistolle hevosensa Sirin kanssa. Suomalainen puoliverihevonen p\u00e4\u00e4si kokemaan ensimm\u00e4ist\u00e4 kertaa treenit maneesissa eli sis\u00e4tiloissa, ja Sarkku p\u00e4\u00e4si hehkuttamaan hevosensa reipasta luonnetta.<\/p>\n<p class=\"article-content article-content-width !bg-background\">Perjantaiaamuna s\u00e4vy Sarkun Instagram-tarinoissa toisenlainen. H\u00e4n jakoi aamutuimaan tarinoihinsa l\u00e4helt\u00e4 napatun kuvan kasvoistaan.<\/p>\n<p class=\"article-content article-content-width !bg-background\">Kuvassa n\u00e4kyy, ett\u00e4 h\u00e4nen toinen silm\u00e4ns\u00e4 on pahasti mustunut, ja ett\u00e4 ter\u00e4v\u00e4rajainen mustelma on kehittynyt tumman violettiin s\u00e4vyyn. Silm\u00e4ss\u00e4 n\u00e4kyy my\u00f6s hieman turvotusta.<\/p>\n<p class=\"article-content article-content-width !bg-background\">Sarkku kuvailee mustelman olevan\u00a0bad eye day\u00a0eli &#8221;huono silm\u00e4p\u00e4iv\u00e4&#8221;, ja ett\u00e4 moisia p\u00e4ivi\u00e4 on nyt jo kolme putkeen.<\/p>\n<p class=\"article-content article-content-width !bg-background\">\u2013\u00a0Siri siis kolautti mua vahingossa toissap\u00e4iv\u00e4n\u00e4 poskiluulla silm\u00e4kulmaan. N\u00e4it\u00e4 sattuu,\u00a0h\u00e4n kertoo tarinansa yhteydess\u00e4.<\/p>\n<p>        <a itemprop=\"url\" href=\"https:\/\/www.seiska.fi\/vain-seiskassa\/seiskan-shokkipaljastus-ex-vaimo-haki-lahestymiskieltoa-latelan-lauri-huttuselle\/1657602\" rel=\"nofollow noopener\" target=\"_blank\"><\/p>\n<p>\nSeiskan shokkipaljastus\n<\/p>\n<p class=\"section-date\">\n        <strong class=\"article-section\" data-section=\"vain seiskassa\"><br \/>\n            vain seiskassa<br \/>\n        <\/strong><br \/>\n        1.4. 05:00\n    <\/p>\n<p>Seiskan shokkipaljastus: Ex-vaimo haki l\u00e4hestymiskieltoa Latelan Lauri Huttuselle\n    <\/p>\n<p itemprop=\"description\" class=\"subtitle \">\n    Latela-sarjasta tuttu Lauri on rajuissa riidoissa ex-vaimonsa kanssa.\n<\/p>\n<p>        <\/a><\/p>\n<p>Iso el\u00e4inkatras<\/p>\n<p class=\"article-content article-content-width !bg-background\">Mustasta silm\u00e4st\u00e4 huolimatta Sarkun ja Sirin yhteisty\u00f6 on hitsautunut hyvin toimivaksi. Sarkun itse kasvattama hevonen on nelj\u00e4vuotias.<\/p>\n<p class=\"article-content article-content-width !bg-background\">Latelassa on aiemminkin saatu n\u00e4hd\u00e4 Sarkun Yp\u00e4j\u00e4n-reissuja, joiden aikana Late on j\u00e4\u00e4nyt maatilansa yksinhuoltajaksi.<\/p>\n<p class=\"article-content article-content-width !bg-background\">Late on siis saanut kontolleen parin suuren el\u00e4inm\u00e4\u00e4r\u00e4n ja viel\u00e4 naapurin kanatkin, kuten saatiin n\u00e4hd\u00e4 lokakuun lopussa esitetyss\u00e4 jaksossa.<\/p>\n<p class=\"article-content article-content-width !bg-background\">\u2013 Usko tai \u00e4l\u00e4, t\u00e4\u00e4ll\u00e4 on kaikki el\u00e4imet hengiss\u00e4. Ja m\u00e4\u00e4, Late p\u00e4\u00e4si kertomaan rakkaalleen.<\/p>\n<p>        <a itemprop=\"url\" href=\"https:\/\/www.seiska.fi\/katso\/nain-kavi-lauri-huttusen-hurjassa-taloremontissa-tilanne-eskaloitui\/1204272\" rel=\"nofollow noopener\" target=\"_blank\"><\/p>\n<p class=\"section-date\">\n        <strong class=\"article-section\" data-section=\"katso\"><br \/>\n            katso<br \/>\n        <\/strong><br \/>\n        29.11.2023 07:15\n    <\/p>\n<p>N\u00e4in k\u00e4vi Lauri Huttusen hurjassa taloremontissa: \u201dTilanne eskaloitui\u201d\n    <\/p>\n<p itemprop=\"description\" class=\"subtitle \">\n    Latelan Laurin hurja remontti -ohjelmassa n\u00e4hd\u00e4\u00e4n t\u00e4ll\u00e4 viikolla, onnistuivatko Lauri Huttunen ja h\u00e4nen naisyst\u00e4v\u00e4ns\u00e4 Sarianna Lepp\u00e4nen pysym\u00e4\u00e4n remonttiaikataulussaan.\n<\/p>\n<p>        <\/a><\/p>\n<p>                <img decoding=\"async\" src=\"https:\/\/www.europesays.com\/fi\/wp-content\/uploads\/2025\/12\/2020040.webp\" width=\"576\" height=\"274\" alt=\"Laten ja Sarkun el\u00e4inlaumaan kuuluu monenmonta el\u00e4int\u00e4.\" loading=\"lazy\" \/>            <\/p>\n<p>\n            Laten ja Sarkun el\u00e4inlaumaan kuuluu monenmonta el\u00e4int\u00e4.<br \/>\n            Warner Bros. Discovery\n        <\/p>\n","protected":false},"excerpt":{"rendered":"Timo Korhonen Sarkku on kokenut hevosten kanssa toimimisen rajunkin puolen. Suositun\u00a0Latela-sarjan\u00a0puoliso\u00a0on kolhaissut kasvonsa karun n\u00e4k\u00f6isesti. Arkistovideo: T\u00e4t\u00e4 Sarkku&hellip;\n","protected":false},"author":2,"featured_media":114480,"comment_status":"","ping_status":"","sticky":false,"template":"","format":"standard","meta":{"footnotes":""},"categories":[130],"tags":[404,137,33,31,30,9599,7263,5147,5267,4632,6238,32,109,21000],"class_list":{"0":"post-114479","1":"post","2":"type-post","3":"status-publish","4":"format-standard","5":"has-post-thumbnail","7":"category-viihde","8":"tag-elaimet","9":"tag-entertainment","10":"tag-fi","11":"tag-finland","12":"tag-finnish","13":"tag-hevoset","14":"tag-hevosurheilu","15":"tag-latela","16":"tag-lauri-huttunen","17":"tag-lemmikit","18":"tag-sari-anna-huttunen","19":"tag-suomi","20":"tag-viihde","21":"tag-ypaja"},"share_on_mastodon":{"url":"https:\/\/pubeurope.com\/@fi\/115706553031101401","error":""},"_links":{"self":[{"href":"https:\/\/www.europesays.com\/fi\/wp-json\/wp\/v2\/posts\/114479","targetHints":{"allow":["GET"]}}],"collection":[{"href":"https:\/\/www.europesays.com\/fi\/wp-json\/wp\/v2\/posts"}],"about":[{"href":"https:\/\/www.europesays.com\/fi\/wp-json\/wp\/v2\/types\/post"}],"author":[{"embeddable":true,"href":"https:\/\/www.europesays.com\/fi\/wp-json\/wp\/v2\/users\/2"}],"replies":[{"embeddable":true,"href":"https:\/\/www.europesays.com\/fi\/wp-json\/wp\/v2\/comments?post=114479"}],"version-history":[{"count":0,"href":"https:\/\/www.europesays.com\/fi\/wp-json\/wp\/v2\/posts\/114479\/revisions"}],"wp:featuredmedia":[{"embeddable":true,"href":"https:\/\/www.europesays.com\/fi\/wp-json\/wp\/v2\/media\/114480"}],"wp:attachment":[{"href":"https:\/\/www.europesays.com\/fi\/wp-json\/wp\/v2\/media?parent=114479"}],"wp:term":[{"taxonomy":"category","embeddable":true,"href":"https:\/\/www.europesays.com\/fi\/wp-json\/wp\/v2\/categories?post=114479"},{"taxonomy":"post_tag","embeddable":true,"href":"https:\/\/www.europesays.com\/fi\/wp-json\/wp\/v2\/tags?post=114479"}],"curies":[{"name":"wp","href":"https:\/\/api.w.org\/{rel}","templated":true}]}}