{"id":114483,"date":"2025-12-12T12:20:11","date_gmt":"2025-12-12T12:20:11","guid":{"rendered":"https:\/\/www.europesays.com\/fi\/114483\/"},"modified":"2025-12-12T12:20:11","modified_gmt":"2025-12-12T12:20:11","slug":"trumpin-mustelmien-syy-elaa-kuin-juna-asemalla","status":"publish","type":"post","link":"https:\/\/www.europesays.com\/fi\/114483\/","title":{"rendered":"Trumpin mustelmien syy: El\u00e4\u00e4 kuin juna-asemalla"},"content":{"rendered":"<p>Valkoinen talo selitt\u00e4\u00e4 j\u00e4lleen Trumpin mysteerimustelmia.<\/p>\n<p><img decoding=\"async\" class=\"image image-show image-preview\" src=\"https:\/\/www.europesays.com\/fi\/wp-content\/uploads\/2025\/12\/5a1ca75c4c9bc370259380713fe3998ce9df070774e593829504993ae69944f3.jpg\" alt=\"\"\/><img decoding=\"async\" class=\"image image-show\" src=\"https:\/\/www.europesays.com\/fi\/wp-content\/uploads\/2025\/12\/1765542011_802_5a1ca75c4c9bc370259380713fe3998ce9df070774e593829504993ae69944f3.jpg\" alt=\"\"\/><\/p>\n<p>Trump k\u00e4vi testeiss\u00e4, joita tyypillisesti k\u00e4ytet\u00e4\u00e4n kartoittamaan muistisairauksien mahdollisuuksia. AOP<\/p>\n<p class=\"paragraph\">Yhdysvaltain presidentti <a href=\"https:\/\/www.iltalehti.fi\/henkilot\/Donald Trump\" class=\"article-link-person-page\" rel=\"nofollow noopener\" target=\"_blank\">Donald Trumpin<\/a> k\u00e4mmenselk\u00e4\u00e4n ilmestyneet mustelmat ovat taas nousseet tapetille. Tuoreimmasta k\u00e4\u00e4nteest\u00e4 <a href=\"https:\/\/www.mirror.co.uk\/news\/politics\/donald-trump-health-update-karoline-36388509\" target=\"_blank\" rel=\"noopener nofollow\">kirjoittaa<\/a> muun muassa brittil\u00e4inen The Mirror.<\/p>\n<p class=\"paragraph\">Viime kuukausina Trump on yritt\u00e4nyt peitell\u00e4 mustelmia meikkivoiteella. Hiljattain h\u00e4nen k\u00e4tens\u00e4 ymp\u00e4rill\u00e4 havaittiin taas sideharsoa ja laastareita.<\/p>\n<p class=\"paragraph\">Valkoisen talon lehdist\u00f6sihteeri <a href=\"https:\/\/www.iltalehti.fi\/henkilot\/Karoline Leavitt\" class=\"article-link-person-page\" rel=\"nofollow noopener\" target=\"_blank\">Karoline Leavittilta<\/a> kysyttiin lehdist\u00f6tilaisuudessa j\u00e4lleen kerran asiasta. Selitys oli valmiina.<\/p>\n<p class=\"paragraph\">\u2013 Presidentti kirjaimellisesti k\u00e4ttelee jatkuvasti. Oval Office on kuin Grand Central -terminaali. H\u00e4n tapaa p\u00e4ivitt\u00e4in enemm\u00e4n ihmisi\u00e4 kuin kukaan teist\u00e4 tiet\u00e4\u00e4.<\/p>\n<p class=\"paragraph\">Grand Central on kuuluisa rautatieasema New Yorkin Manhattanilla.<\/p>\n<p class=\"paragraph\">Lis\u00e4ksi Leavittin mukaan Yhdysvaltain presidentti k\u00e4ytt\u00e4\u00e4 p\u00e4ivitt\u00e4in aspiriinia, mink\u00e4 on h\u00e4nen l\u00e4\u00e4k\u00e4rintarkastuksissaan aiemmin todettu voivan vaikuttaa mustelmien ilmaantumiseen.<\/p>\n<p>Suurennetussa kuvassa mustelma on selke\u00e4sti n\u00e4ht\u00e4viss\u00e4 meikist\u00e4 huolimatta. ZumaWire \/ MVPHOTOS<\/p>\n<p class=\"paragraph\">Aiemmin t\u00e4ll\u00e4 viikolla Trump julkaisi Truth Social -viestipalvelussa pitk\u00e4n p\u00e4ivityksen koskien terveydentilaansa, ilmeisesti vastauksena The New York Timesin julkaisemaan uutiseen, jonka mukaan Trump olisi \u201dhidastumassa\u201d.<\/p>\n<p class=\"paragraph\">Lehti julkaisi aiemmin syksyll\u00e4 artikkelin, joka paljasti Trumpilla olevan kalenterissaan huomattavasti v\u00e4hemm\u00e4n julkisia esiintymisi\u00e4 sek\u00e4 matkoja kotimaan sis\u00e4ll\u00e4 nyt kuin ensimm\u00e4isen presidenttikautensa aikana.<\/p>\n<p class=\"paragraph\">Trump vahvisti suorittaneensa kognitiivisia testej\u00e4, jotka h\u00e4n \u201dl\u00e4p\u00e4isi loistavasti\u201d.<\/p>\n<p class=\"paragraph\">\u2013 Tied\u00e4n, kun olen hidastumassa, mutta se ei ole nyt! Kaiken sen ty\u00f6n j\u00e4lkeen, mit\u00e4 olen tehnyt l\u00e4\u00e4k\u00e4rintarkastusten, kognitiivisten testien ja kaiken muun kanssa, on kapinallista, ehk\u00e4 jopa maanpetoksellista, ett\u00e4 The New York Times ja muut julkaisut tekev\u00e4t jatkuvasti V\u00c4\u00c4RI\u00c4 raportteja \u201dYHDYSVALTAIN PRESIDENTIN\u201d mustamaalaamiseksi ja halventamiseksi.<\/p>\n","protected":false},"excerpt":{"rendered":"Valkoinen talo selitt\u00e4\u00e4 j\u00e4lleen Trumpin mysteerimustelmia. Trump k\u00e4vi testeiss\u00e4, joita tyypillisesti k\u00e4ytet\u00e4\u00e4n kartoittamaan muistisairauksien mahdollisuuksia. AOP Yhdysvaltain presidentti&hellip;\n","protected":false},"author":2,"featured_media":114484,"comment_status":"","ping_status":"","sticky":false,"template":"","format":"standard","meta":{"footnotes":""},"categories":[14],"tags":[35,22,23,26,27,33,31,30,17,24,25,28,29,15,18,21,142,637,144,32,19,20,56,16,59,60,61,143,751],"class_list":{"0":"post-114483","1":"post","2":"type-post","3":"status-publish","4":"format-standard","5":"has-post-thumbnail","7":"category-ulkomaat","8":"tag-24h","9":"tag-breaking-news","10":"tag-breakingnews","11":"tag-featured-news","12":"tag-featurednews","13":"tag-fi","14":"tag-finland","15":"tag-finnish","16":"tag-headlines","17":"tag-latest-news","18":"tag-latestnews","19":"tag-main-news","20":"tag-mainnews","21":"tag-news","22":"tag-otsikot","23":"tag-paauutiset","24":"tag-poliitikot","25":"tag-politiikka","26":"tag-presidentti","27":"tag-suomi","28":"tag-top-stories","29":"tag-topstories","30":"tag-ulkomaat","31":"tag-uutiset","32":"tag-world","33":"tag-world-news","34":"tag-worldnews","35":"tag-yhdysvaltain-politiikka","36":"tag-yhdysvaltalaiset-poliitikot"},"share_on_mastodon":{"url":"https:\/\/pubeurope.com\/@fi\/115706568813352308","error":""},"_links":{"self":[{"href":"https:\/\/www.europesays.com\/fi\/wp-json\/wp\/v2\/posts\/114483","targetHints":{"allow":["GET"]}}],"collection":[{"href":"https:\/\/www.europesays.com\/fi\/wp-json\/wp\/v2\/posts"}],"about":[{"href":"https:\/\/www.europesays.com\/fi\/wp-json\/wp\/v2\/types\/post"}],"author":[{"embeddable":true,"href":"https:\/\/www.europesays.com\/fi\/wp-json\/wp\/v2\/users\/2"}],"replies":[{"embeddable":true,"href":"https:\/\/www.europesays.com\/fi\/wp-json\/wp\/v2\/comments?post=114483"}],"version-history":[{"count":0,"href":"https:\/\/www.europesays.com\/fi\/wp-json\/wp\/v2\/posts\/114483\/revisions"}],"wp:featuredmedia":[{"embeddable":true,"href":"https:\/\/www.europesays.com\/fi\/wp-json\/wp\/v2\/media\/114484"}],"wp:attachment":[{"href":"https:\/\/www.europesays.com\/fi\/wp-json\/wp\/v2\/media?parent=114483"}],"wp:term":[{"taxonomy":"category","embeddable":true,"href":"https:\/\/www.europesays.com\/fi\/wp-json\/wp\/v2\/categories?post=114483"},{"taxonomy":"post_tag","embeddable":true,"href":"https:\/\/www.europesays.com\/fi\/wp-json\/wp\/v2\/tags?post=114483"}],"curies":[{"name":"wp","href":"https:\/\/api.w.org\/{rel}","templated":true}]}}