{"id":114485,"date":"2025-12-12T12:21:08","date_gmt":"2025-12-12T12:21:08","guid":{"rendered":"https:\/\/www.europesays.com\/fi\/114485\/"},"modified":"2025-12-12T12:21:08","modified_gmt":"2025-12-12T12:21:08","slug":"sateilyturvakeskus-kiittaa-sienestajia-ilta-sanomat","status":"publish","type":"post","link":"https:\/\/www.europesays.com\/fi\/114485\/","title":{"rendered":"S\u00e4teilyturvakeskus kiitt\u00e4\u00e4 sienest\u00e4ji\u00e4 &#8211; Ilta-Sanomat"},"content":{"rendered":"<p>Taustalla on tutkimus Tshernobylin s\u00e4teilyn mittaamisesta.<\/p>\n<p>Petra l\u00f6ysi valtavan sienirypp\u00e4\u00e4n.<\/p>\n<p class=\"article-body mb-nof-24 px-nof-16\">S\u00e4teilyturvakeskuksen laboratorionjohtaja <a class=\"article-personlink\" href=\"https:\/\/www.is.fi\/haku\/?query=Sinikka%20Virtanen\" rel=\"nofollow noopener\" target=\"_blank\">Sinikka Virtanen<\/a> kiitt\u00e4\u00e4 sienest\u00e4ji\u00e4, jotka l\u00e4hettiv\u00e4t tarkalleen 880 n\u00e4ytett\u00e4 STUKin kampanjaan. STUK pyysi sienest\u00e4jilt\u00e4 hein\u00e4kuusta marraskuun loppuun n\u00e4ytteit\u00e4 selvitt\u00e4\u00e4kseen ruokasienten cesiumpitoisuuksia eri sienilajeissa ja eri puolilla maata.<\/p>\n<p class=\"article-body mb-nof-24 px-nof-16\">Virtanen kiitt\u00e4\u00e4 my\u00f6s STUKin ty\u00f6ntekij\u00f6it\u00e4, jotka selvisiv\u00e4t \u201dajoittain jopa ruuhkautuneesta sieniurakastaan erinomaisesti\u201d.<\/p>\n<p class=\"article-body mb-nof-24 px-nof-16\">Virtasen mukaan kyseess\u00e4 oli ensimm\u00e4inen kerta, kun STUK j\u00e4rjesti t\u00e4llaisen kampanjan. Siksi sienipostin m\u00e4\u00e4r\u00e4\u00e4 ei osattu ennalta arvata.<\/p>\n<p class=\"article-body mb-nof-24 px-nof-16\">\u2013 N\u00e4ytteit\u00e4 tuli joka tapauksessa niin paljon, ett\u00e4 kampanjan voi sanoa onnistuneen erinomaisen hyvin.<\/p>\n<p class=\"article-body mb-nof-24 px-nof-16\">Virtanen korostaa, ett\u00e4 kampanjan onnistumisen kannalta ei ollut t\u00e4rke\u00e4\u00e4 vain n\u00e4ytteiden m\u00e4\u00e4r\u00e4, vaan erityisesti se, ett\u00e4 n\u00e4ytteit\u00e4 saatiin monista sienilajeista ja koko Suomen alueelta Ahvenanmaalta Inariin.<\/p>\n<p class=\"article-body mb-nof-24 px-nof-16\">\u2013 Etsitty radioaktiivinen aine eli cesiumin isotooppi 137 on per\u00e4isin Tshernobylin ydinvoimalaitosonnettomuudesta vuodelta 1986. Onnettomuudesta per\u00e4isin oleva laskeuman m\u00e4\u00e4r\u00e4 vaihtelee alueellisesti ja tutkimuksen kannalta on t\u00e4rke\u00e4\u00e4, ett\u00e4 n\u00e4ytteit\u00e4 saatiin erilaisilta laskeuma-alueilta, STUK valaisee tiedotteessaan.<\/p>\n<p class=\"article-body mb-nof-24 px-nof-16\">Sienest\u00e4j\u00e4t l\u00e4hettiv\u00e4t n\u00e4ytteit\u00e4 eniten suomalaisten suosikkiruokasienist\u00e4, kuten kantarellista ja suppilovahverosta.<\/p>\n<p class=\"article-body mb-nof-24 px-nof-16\">Kev\u00e4\u00e4ll\u00e4 koko kansa saa tiet\u00e4\u00e4, millaisia j\u00e4lki\u00e4 sienikuntamme kantaa Euroopan pahimmasta ydinvoimalaonnettomuudesta.<\/p>\n<p class=\"article-body mb-nof-24 px-nof-16\">\u2013 STUKin laboratoriossa mitataan viel\u00e4 viimeisi\u00e4 sienin\u00e4ytteit\u00e4, joten kampanjan tulosten k\u00e4sittely ja yhteenveto on viel\u00e4 tekem\u00e4tt\u00e4. Tulokset kootaan ensi kev\u00e4\u00e4n\u00e4 julkaistavaan raporttiin. Jo sit\u00e4 ennen jokainen n\u00e4ytteit\u00e4 l\u00e4hett\u00e4nyt saa tiedon omien sieniens\u00e4 radioaktiivisudesta.<\/p>\n<p class=\"article-body mb-nof-24 px-nof-16\">Tuloksissa ei ole kuitenkaan luvassa mit\u00e4\u00e4n kovin yll\u00e4tt\u00e4v\u00e4\u00e4, STUK paljastaa.<\/p>\n<p class=\"article-body mb-nof-24 px-nof-16\">\u2013 Kuten aiemminkin on tiedetty, sieniss\u00e4, kuten ylip\u00e4\u00e4t\u00e4\u00e4n suomalaisissa luonnontuotteissa ei ole vaarallisia m\u00e4\u00e4ri\u00e4 radioaktiivisuutta.<\/p>\n<p class=\"article-body mb-nof-24 px-nof-16\">STUK seuraa s\u00e4\u00e4nn\u00f6llisesti ymp\u00e4rist\u00f6n ja luonnontuotteiden radioaktiivisuutta. Kampanjaan osallistuneiden sienest\u00e4jien avulla tieto saadaan ajan tasalle.<\/p>\n","protected":false},"excerpt":{"rendered":"Taustalla on tutkimus Tshernobylin s\u00e4teilyn mittaamisesta. Petra l\u00f6ysi valtavan sienirypp\u00e4\u00e4n. S\u00e4teilyturvakeskuksen laboratorionjohtaja Sinikka Virtanen kiitt\u00e4\u00e4 sienest\u00e4ji\u00e4, jotka l\u00e4hettiv\u00e4t&hellip;\n","protected":false},"author":2,"featured_media":114486,"comment_status":"","ping_status":"","sticky":false,"template":"","format":"standard","meta":{"footnotes":""},"categories":[12],"tags":[22,23,26,27,33,31,30,17,34,24,25,28,29,15,18,21,32,19,20,16],"class_list":{"0":"post-114485","1":"post","2":"type-post","3":"status-publish","4":"format-standard","5":"has-post-thumbnail","7":"category-suomi","8":"tag-breaking-news","9":"tag-breakingnews","10":"tag-featured-news","11":"tag-featurednews","12":"tag-fi","13":"tag-finland","14":"tag-finnish","15":"tag-headlines","16":"tag-ilta-sanomat","17":"tag-latest-news","18":"tag-latestnews","19":"tag-main-news","20":"tag-mainnews","21":"tag-news","22":"tag-otsikot","23":"tag-paauutiset","24":"tag-suomi","25":"tag-top-stories","26":"tag-topstories","27":"tag-uutiset"},"share_on_mastodon":{"url":"https:\/\/pubeurope.com\/@fi\/115706572534385721","error":""},"_links":{"self":[{"href":"https:\/\/www.europesays.com\/fi\/wp-json\/wp\/v2\/posts\/114485","targetHints":{"allow":["GET"]}}],"collection":[{"href":"https:\/\/www.europesays.com\/fi\/wp-json\/wp\/v2\/posts"}],"about":[{"href":"https:\/\/www.europesays.com\/fi\/wp-json\/wp\/v2\/types\/post"}],"author":[{"embeddable":true,"href":"https:\/\/www.europesays.com\/fi\/wp-json\/wp\/v2\/users\/2"}],"replies":[{"embeddable":true,"href":"https:\/\/www.europesays.com\/fi\/wp-json\/wp\/v2\/comments?post=114485"}],"version-history":[{"count":0,"href":"https:\/\/www.europesays.com\/fi\/wp-json\/wp\/v2\/posts\/114485\/revisions"}],"wp:featuredmedia":[{"embeddable":true,"href":"https:\/\/www.europesays.com\/fi\/wp-json\/wp\/v2\/media\/114486"}],"wp:attachment":[{"href":"https:\/\/www.europesays.com\/fi\/wp-json\/wp\/v2\/media?parent=114485"}],"wp:term":[{"taxonomy":"category","embeddable":true,"href":"https:\/\/www.europesays.com\/fi\/wp-json\/wp\/v2\/categories?post=114485"},{"taxonomy":"post_tag","embeddable":true,"href":"https:\/\/www.europesays.com\/fi\/wp-json\/wp\/v2\/tags?post=114485"}],"curies":[{"name":"wp","href":"https:\/\/api.w.org\/{rel}","templated":true}]}}