{"id":114499,"date":"2025-12-12T12:48:09","date_gmt":"2025-12-12T12:48:09","guid":{"rendered":"https:\/\/www.europesays.com\/fi\/114499\/"},"modified":"2025-12-12T12:48:09","modified_gmt":"2025-12-12T12:48:09","slug":"tallaisia-ohjuksia-suomi-hankkii-uusiin-havittajiin-hinta-yli-miljardi-dollaria","status":"publish","type":"post","link":"https:\/\/www.europesays.com\/fi\/114499\/","title":{"rendered":"T\u00e4llaisia ohjuksia Suomi hankkii uusiin h\u00e4vitt\u00e4jiin \u2013\u2009Hinta yli miljardi dollaria"},"content":{"rendered":"<p>Puolustusministeri Antti H\u00e4kk\u00e4nen (kok) valtuutti Puolustusvoimat hankkimaan Yhdysvalloista moderneja ohjuksia uusia h\u00e4vitt\u00e4ji\u00e4 varten.<\/p>\n<p><img decoding=\"async\" class=\"image image-show image-preview\" src=\"https:\/\/www.europesays.com\/fi\/wp-content\/uploads\/2025\/12\/1c4076f4cac209c3b511c214b3c4117e18e1633611d1c1cee3409d5643f782c1.jpg\" alt=\"\"\/><img decoding=\"async\" class=\"image image-show\" src=\"https:\/\/www.europesays.com\/fi\/wp-content\/uploads\/2025\/12\/1765543689_777_1c4076f4cac209c3b511c214b3c4117e18e1633611d1c1cee3409d5643f782c1.jpg\" alt=\"\"\/><\/p>\n<p>Puolustusvoimat hankkii Yhdysvalloista uusille F-35-monitoimih\u00e4vitt\u00e4jille AMRAAM AIM-120D-3 -ohjuksia. Kuvassa F-35-h\u00e4vitt\u00e4j\u00e4 Porin lentokent\u00e4ll\u00e4. Mikko Pulliainen<\/p>\n<p class=\"paragraph\">Suomi hankkii Yhdysvalloista uusille F-35-monitoimih\u00e4vitt\u00e4jille AMRAAM AIM-120D-3 -ohjuksia (Advanced Medium Range Air-to-Air Missile). Puolustusministeri <strong>Antti H\u00e4kk\u00e4nen<\/strong> (kok) valtuutti perjantaina Puolustusvoimat tekem\u00e4\u00e4n hankinnat.<\/p>\n<p class=\"paragraph\">\u2013 Suomi saa hankinnan my\u00f6t\u00e4 k\u00e4ytt\u00f6\u00f6ns\u00e4 viimeisimm\u00e4n ja suorituskykyisimm\u00e4n ohjusversion, mik\u00e4 parantaa kyky\u00e4mme vastata toimintaymp\u00e4rist\u00f6n uhkiin. Hankinta vahvistaa entisest\u00e4\u00e4n yhteistoimintakyky\u00e4 Yhdysvaltojen ja muiden liittolaisten kanssa, puolustusministeri H\u00e4kk\u00e4nen kertoo Puolustusvoimien tiedotteessa.<\/p>\n<p class=\"paragraph\">Tiedotteen mukaan ohjukset t\u00e4ydent\u00e4v\u00e4t Suomen aikaisemmin tilaamien F-35-monitoimih\u00e4vitt\u00e4jien asej\u00e4rjestelm\u00e4\u00e4. Kyseess\u00e4 on ohjuksen \u201dviimeisin ja kehittynein versio\u201d.<\/p>\n<p class=\"paragraph\">Yhdysvaltain kongressi my\u00f6nsi myyntiluvan kyseisille ohjuksille syyskuussa 2025.<\/p>\n<p class=\"paragraph\">Suomi voi ostaa ohjuksia yli miljardilla dollarilla. Kauppaan voi sis\u00e4lty\u00e4 enint\u00e4\u00e4n 405 ohjusta sek\u00e4 muuta tarvittavaa kalustoa. Alankomaat hankki 226 kappaletta vastaavia ohjuksia vuosi sitten 807 miljoonalla dollarilla.<\/p>\n<p>AMRAAM:t olleet my\u00f6s Horneteissa<\/p>\n<p class=\"paragraph\">Suomen nykyiset F\/A-18 Hornet -h\u00e4vitt\u00e4j\u00e4t ovat k\u00e4ytt\u00e4neet AMRAAM-ilmataisteluohjuksia. Ne muodostavat tiedotteen mukaan Ilmavoimien keskipitk\u00e4n kantaman ilmataisteluaseistuksen keskeisin osan.<\/p>\n<p class=\"paragraph\">Samoja ohjuksia k\u00e4ytet\u00e4\u00e4n my\u00f6s Maavoimien 12 (ITO12) NASAMS -ilmatorjuntaj\u00e4rjestelm\u00e4ss\u00e4. Uusia ohjuksia on kuitenkin tulevat vain F-35-h\u00e4vitt\u00e4jien k\u00e4ytt\u00f6\u00f6n.<\/p>\n<p class=\"paragraph\">Ensimm\u00e4iset F-35-h\u00e4vitt\u00e4j\u00e4t saapuvat Suomeen viel\u00e4 t\u00e4m\u00e4n vuoden aikana. Ensimm\u00e4iset testilennot on tehty jo t\u00e4ll\u00e4 viikolla Yhdysvalloissa.<\/p>\n<p class=\"paragraph\">Puolustusministeri\u00f6 kertoo, ett\u00e4 ohjushankinta kattaa varsinaisten ohjusten ohella my\u00f6s ohjekirjallisuuden ja dokumentaation, varaosat ja tarvikkeet, kuljetuspalvelut sek\u00e4 valmistajan ja toimittajan tarjoamat koulutus-, korjaus- ja tukipalvelut Letter of Offer and Acceptance (LOA) -sopimuksen mukaisesti. Sopimus sis\u00e4lt\u00e4\u00e4 my\u00f6s Yhdysvaltain hallinnon tarjoamat palvelut.<\/p>\n","protected":false},"excerpt":{"rendered":"Puolustusministeri Antti H\u00e4kk\u00e4nen (kok) valtuutti Puolustusvoimat hankkimaan Yhdysvalloista moderneja ohjuksia uusia h\u00e4vitt\u00e4ji\u00e4 varten. Puolustusvoimat hankkii Yhdysvalloista uusille F-35-monitoimih\u00e4vitt\u00e4jille&hellip;\n","protected":false},"author":2,"featured_media":114500,"comment_status":"","ping_status":"","sticky":false,"template":"","format":"standard","meta":{"footnotes":""},"categories":[12],"tags":[35,802,1204,22,23,26,27,33,31,30,17,4707,24,25,28,29,15,18,21,637,2535,32,19,20,16],"class_list":{"0":"post-114499","1":"post","2":"type-post","3":"status-publish","4":"format-standard","5":"has-post-thumbnail","7":"category-suomi","8":"tag-24h","9":"tag-armeijat-ja-aseelliset-joukot","10":"tag-avaruusteknologia-ja-puolustusteollisuus","11":"tag-breaking-news","12":"tag-breakingnews","13":"tag-featured-news","14":"tag-featurednews","15":"tag-fi","16":"tag-finland","17":"tag-finnish","18":"tag-headlines","19":"tag-ilmavoimat","20":"tag-latest-news","21":"tag-latestnews","22":"tag-main-news","23":"tag-mainnews","24":"tag-news","25":"tag-otsikot","26":"tag-paauutiset","27":"tag-politiikka","28":"tag-puolustuspolitiikka","29":"tag-suomi","30":"tag-top-stories","31":"tag-topstories","32":"tag-uutiset"},"share_on_mastodon":{"url":"https:\/\/pubeurope.com\/@fi\/115706679251409311","error":""},"_links":{"self":[{"href":"https:\/\/www.europesays.com\/fi\/wp-json\/wp\/v2\/posts\/114499","targetHints":{"allow":["GET"]}}],"collection":[{"href":"https:\/\/www.europesays.com\/fi\/wp-json\/wp\/v2\/posts"}],"about":[{"href":"https:\/\/www.europesays.com\/fi\/wp-json\/wp\/v2\/types\/post"}],"author":[{"embeddable":true,"href":"https:\/\/www.europesays.com\/fi\/wp-json\/wp\/v2\/users\/2"}],"replies":[{"embeddable":true,"href":"https:\/\/www.europesays.com\/fi\/wp-json\/wp\/v2\/comments?post=114499"}],"version-history":[{"count":0,"href":"https:\/\/www.europesays.com\/fi\/wp-json\/wp\/v2\/posts\/114499\/revisions"}],"wp:featuredmedia":[{"embeddable":true,"href":"https:\/\/www.europesays.com\/fi\/wp-json\/wp\/v2\/media\/114500"}],"wp:attachment":[{"href":"https:\/\/www.europesays.com\/fi\/wp-json\/wp\/v2\/media?parent=114499"}],"wp:term":[{"taxonomy":"category","embeddable":true,"href":"https:\/\/www.europesays.com\/fi\/wp-json\/wp\/v2\/categories?post=114499"},{"taxonomy":"post_tag","embeddable":true,"href":"https:\/\/www.europesays.com\/fi\/wp-json\/wp\/v2\/tags?post=114499"}],"curies":[{"name":"wp","href":"https:\/\/api.w.org\/{rel}","templated":true}]}}