{"id":114501,"date":"2025-12-12T12:49:10","date_gmt":"2025-12-12T12:49:10","guid":{"rendered":"https:\/\/www.europesays.com\/fi\/114501\/"},"modified":"2025-12-12T12:49:10","modified_gmt":"2025-12-12T12:49:10","slug":"venezuelalaiset-kertovat-hslle-elamastaan-yhdysvaltojen-hyokkaysuhan-alla","status":"publish","type":"post","link":"https:\/\/www.europesays.com\/fi\/114501\/","title":{"rendered":"Venezuelalaiset kertovat HS:lle el\u00e4m\u00e4st\u00e4\u00e4n Yhdysvaltojen hy\u00f6kk\u00e4ysuhan alla"},"content":{"rendered":"<p>Venezuela|Yhdysvaltojen sotilaallinen v\u00e4liintulo on osan venezuelalaisista mielest\u00e4 ainoa tapa saada heid\u00e4n kotimaansa tilanne paremmaksi.<\/p>\n<p class=\"article-body mb-nof-24 px-nof-16\">Caracas\/Helsinki<\/p>\n<p>Lue tiivistelm\u00e4<\/p>\n<p>Tiivistelm\u00e4 on teko\u00e4lyn tekem\u00e4 ja ihmisen tarkistama.<\/p>\n<p class=\"article-body mb-nof-24 px-nof-16 sndp-summary-bullet-point-font\">Yhdysvallat lis\u00e4\u00e4 painostustaan Venezuelaa kohtaan ja takavarikoi keskiviikkona s\u00e4ili\u00f6aluksen Venezuelan edustalla.<\/p>\n<p class=\"article-body mb-nof-24 px-nof-16 sndp-summary-bullet-point-font\">Caracasissa haastatellut venezuelalaiset suhtautuvat ristiriitaisesti Yhdysvaltojen mahdolliseen sotilaalliseen v\u00e4liintuloon.<\/p>\n<p class=\"article-body mb-nof-24 px-nof-16 sndp-summary-bullet-point-font\">Osa toivoo presidentti Nicol\u00e1s Maduron poistamista vallasta Yhdysvaltojen avulla, kun taas osa pelk\u00e4\u00e4 sotilaallisen toiminnan seurauksia tavallisille kansalaisille.<\/p>\n<p class=\"article-body mb-nof-24 px-nof-16\">Yhdysvallat lis\u00e4\u00e4 p\u00e4iv\u00e4 p\u00e4iv\u00e4lt\u00e4 painetta Venezuelaa kohtaan, kun se pyrkii horjuttamaan maan presidentin <a class=\"article-personlink\" href=\"https:\/\/www.hs.fi\/haku\/?query=Nicol%C3%A1s%20Maduron\" rel=\"nofollow noopener\" target=\"_blank\">Nicol\u00e1s Maduron<\/a> asemaa.<\/p>\n<p class=\"article-body mb-nof-24 px-nof-16\">My\u00f6h\u00e4\u00e4n torstaina Yhdysvaltojen presidentti <a class=\"article-personlink\" href=\"https:\/\/www.hs.fi\/haku\/?query=Donald%20Trump\" rel=\"nofollow noopener\" target=\"_blank\">Donald Trump<\/a> ilmoitti, ett\u00e4 Yhdysvallat alkaa pian tehd\u00e4 iskuja Yhdysvaltoihin suuntautuvia huumesalakuljetuksia vastaan my\u00f6s maareiteill\u00e4.<\/p>\n<p class=\"article-body mb-nof-24 px-nof-16\">Helsingin Sanomien avustaja tapasi Venezuelan p\u00e4\u00e4kaupungissa Caracasissa viime viikonvaihteessa viisi venezuelalaista.<\/p>\n<p class=\"article-body mb-nof-24 px-nof-16\">He kertoivat, mit\u00e4 he ajattelevat Yhdysvaltojen mahdollisesta sotilaallisesta v\u00e4liintulosta, Venezuelan presidentist\u00e4 ja Trumpista. Avustajan nime\u00e4 ei julkaista turvallisuussyist\u00e4. Samasta syyst\u00e4 kaikkia haastateltavia ei kuvattu ja osa kuvattiin tunnistamattomasti.<\/p>\n<p>Juan Carlos Ramos, 57, konkurssin tehnyt kauppias<\/p>\n<p class=\"article-body mb-nof-24 px-nof-16\">Yhdysvaltojen sotilaallinen painostus Venezuelaa kohtaan on ollut Juan Carlos Ramosin mielest\u00e4 tervetullut k\u00e4\u00e4nne. H\u00e4nen mukaansa Nicol\u00e1s Maduro varasti venezuelalaisilta vaalit viime kes\u00e4n\u00e4.<\/p>\n<p class=\"article-body mb-nof-24 px-nof-16\">H\u00e4nt\u00e4 eiv\u00e4t siis Yhdysvaltojen toimet huolestuta, vaan h\u00e4n on niist\u00e4 ennemminkin iloinen.<\/p>\n<p class=\"article-body mb-nof-24 px-nof-16\">\u201dP\u00e4\u00e4semme pian t\u00e4st\u00e4 [tilanteesta] eroon, jos Jumala suo.\u201d<\/p>\n<p class=\"article-body mb-nof-24 px-nof-16\">Ramos kertoo olevansa hyvin tyytyv\u00e4inen Trumpiin.<\/p>\n<p class=\"article-body mb-nof-24 px-nof-16\">\u201dH\u00e4n on ainoa, joka tekee jotain t\u00e4m\u00e4n maan hyv\u00e4ksi\u201d, h\u00e4n sanoo.<\/p>\n<p class=\"article-body mb-nof-24 px-nof-16\">Juan Carlos Ramos olisi valmis siihen, ett\u00e4 Maduro poistettaisiin maasta voimakeinoin, koska on selv\u00e4\u00e4, ettei h\u00e4n sopimuksilla l\u00e4hde.<\/p>\n<p class=\"article-body mb-nof-24 px-nof-16\">\u201dViimeisin temppu oli, ett\u00e4 h\u00e4n tanssi televisiossa ja pilkkasi presidentti Trumpia\u201d, Ramos sanoo.<\/p>\n<p class=\"article-body mb-nof-24 px-nof-16\">Venezuelan asevoimiin ja poliisiin h\u00e4n on hyvin pettynyt.<\/p>\n<p class=\"article-body mb-nof-24 px-nof-16\">\u201dHe keksiv\u00e4t mit\u00e4 tahansa juonia ry\u00f6st\u00e4\u00e4kseen meid\u00e4t, pys\u00e4ytt\u00e4v\u00e4t meid\u00e4t mist\u00e4 tahansa syyst\u00e4\u201d, h\u00e4n sanoo.<\/p>\n<p class=\"article-body mb-nof-24 px-nof-16\">Ramos kielt\u00e4ytyy ehdottomasti kuvan ottamisesta, koska h\u00e4nen sanojensa mukaan \u201dihminen voidaan tappaa v\u00e4hemm\u00e4st\u00e4kin\u201d.<\/p>\n<p>Andreina Rangel, 35, kaupan omistaja, aiemmin kansainv\u00e4listen suhteiden asiantuntija<\/p>\n<p class=\"article-body mb-nof-24 px-nof-16\">Andreina Rangel odottaa, ett\u00e4 Yhdysvallat tekisi Venezuelassa my\u00f6s \u201djotakin muuta kuin painostaisi\u201d maata.<\/p>\n<p class=\"article-body mb-nof-24 px-nof-16\">\u201dOn kulunut jo toista vuotta vaalien varastamisesta, enk\u00e4 viel\u00e4k\u00e4\u00e4n n\u00e4e mit\u00e4\u00e4n konkreettista toimintaa lukuun ottamatta veneit\u00e4 Karibialla.\u201d<\/p>\n<p class=\"article-body mb-nof-24 px-nof-16\">Rangel toivoo, ett\u00e4 presidentti Nicol\u00e1s Maduro ja h\u00e4nen l\u00e4hipiirins\u00e4 saataisiin l\u00e4htem\u00e4\u00e4n maan johdosta.<\/p>\n<p class=\"article-body mb-nof-24 px-nof-16\">\u201dHe eiv\u00e4t l\u00e4hde itse, joten tarvittaisiin hieman apua Yhdysvalloilta sotilaallisella v\u00e4liintulolla.\u201d<\/p>\n<p class=\"article-body mb-nof-24 px-nof-16\">Paras olisi \u201dkirurginen v\u00e4liintulo, jotta se vaikuttaisi vain heihin, joihin sen pit\u00e4\u00e4 vaikuttaa\u201d.<\/p>\n<p class=\"article-body mb-nof-24 px-nof-16\">H\u00e4n ei usko, ett\u00e4 Venezuelan sis\u00e4iset sotilaalliset voimat tai Maduron sis\u00e4piiri poistaisivat presidentin maasta ennen kuin Yhdysvallat sen tekisi.<\/p>\n<p class=\"article-body mb-nof-24 px-nof-16\">H\u00e4n, kuten monet muutkin haastatelluista ymm\u00e4rt\u00e4v\u00e4t Yhdysvaltojen iskuja veneisiin, joiden Yhdysvallat katsoo kuljettavan huumeita pohjoisen markkinoille.<\/p>\n<p class=\"article-body mb-nof-24 px-nof-16\">\u201dIskut ovat oikeutettuja, koska ne ovat huumediilerien kaikenlaista tavaraa kuljettavia veneit\u00e4. Ne eiv\u00e4t ole kalastajien veneit\u00e4, koska kalastajat eiv\u00e4t ole avomerell\u00e4\u201d, Andreina Rangel sanoo.<\/p>\n<p class=\"article-body mb-nof-24 px-nof-16\">H\u00e4nen mukaansa Venezuelassa kaikki on huonosti.<\/p>\n<p class=\"article-body mb-nof-24 px-nof-16\">\u201dVain pienell\u00e4 ryhm\u00e4ll\u00e4 on rahaa. Muut yritt\u00e4v\u00e4t selviyty\u00e4 n\u00e4iden dollarin rinnakkaisvaluuttakurssien kanssa tai kokonaan ilman dollaria.\u201d<\/p>\n<p class=\"article-body mb-nof-24 px-nof-16\">Venezuelan talous on pahoissa vaikeuksissa vuosia kest\u00e4neen huippuinflaation takia. Maassa on sek\u00e4 virallinen dollarin vaihtokurssi ett\u00e4 mustan p\u00f6rssin rinnakkainen vaihtokurssi.<\/p>\n<p>Jos\u00e9 Salazar, 32, kauppias<\/p>\n<p class=\"article-body mb-nof-24 px-nof-16\">\u201dJos Yhdysvallat puuttuu Venezuelan asioihin, niin monet meist\u00e4 tulevat k\u00e4rsim\u00e4\u00e4n\u201d, caracasilainen Jos\u00e9 Salazar sanoo.<\/p>\n<p class=\"article-body mb-nof-24 px-nof-16\">Yhdysvaltojen presidentti Trump on h\u00e4nen mukaansa kiinnostunut l\u00e4hinn\u00e4 Venezuelan \u00f6ljyst\u00e4 ja mineraaleista.<\/p>\n<p class=\"article-body mb-nof-24 px-nof-16\">Salazar on t\u00e4st\u00e4 huolimatta sit\u00e4 mielt\u00e4, ett\u00e4 Venezuelan presidentin Nicol\u00e1s Maduron pit\u00e4isi j\u00e4tt\u00e4\u00e4 paikkansa.<\/p>\n<p class=\"article-body mb-nof-24 px-nof-16\">\u201dMaduro tiet\u00e4\u00e4 ett\u00e4 h\u00e4visi. H\u00e4n h\u00e4visi vaalit, kun ne pidettiin 28. hein\u00e4kuuta [2024].\u201d<\/p>\n<p class=\"article-body mb-nof-24 px-nof-16\">Yritt\u00e4j\u00e4 Jos\u00e9 Salazar pit\u00e4\u00e4 Yhdysvaltojen tekemi\u00e4 iskuja Karibialla venezuelalaisia veneit\u00e4 vastaan jonkinlaisena n\u00e4yt\u00f6ksen\u00e4.<\/p>\n<p class=\"article-body mb-nof-24 px-nof-16\">H\u00e4nen oma taloudellinen tilanteensa on eritt\u00e4in vaikea. \u201dEnnen kaikkea dollarin takia. Se iskee meihin kovaa.\u201d<\/p>\n<p>Yamile Gonz\u00e1lez, 35, koti\u00e4iti<img decoding=\"async\" src=\"https:\/\/www.europesays.com\/fi\/wp-content\/uploads\/2025\/12\/1765543750_607_468.jpg\" alt=\"Yamile Gonz\u00e1lez\" class=\"_Img_1rerz_1\" style=\"aspect-ratio:0.46145833333333336\" loading=\"eager\"\/><\/p>\n<p class=\"article-picture-caption\">Yamile Gonz\u00e1lez Kuva:\u00a0HS:n avustaja<\/p>\n<p class=\"article-body mb-nof-24 px-nof-16\">Yhdysvaltojen sotalaivaston saapuminen Venezuelan rannikolle luo Yamile Gonz\u00e1lezilletoivoa.<\/p>\n<p class=\"article-body mb-nof-24 px-nof-16\">\u201dAinoa, mit\u00e4 me t\u00e4\u00e4ll\u00e4 toivomme on, ett\u00e4 vallassa oleva henkil\u00f6 luopuisi vallasta\u201d, h\u00e4n sanoo.<\/p>\n<p class=\"article-body mb-nof-24 px-nof-16\">H\u00e4nen mukaansa presidentti Maduro on pahinta, mit\u00e4 Venezuelalle on tapahtunut.<\/p>\n<p class=\"article-body mb-nof-24 px-nof-16\">\u201dHenkil\u00f6, joka takertuu valtaan, joka tiet\u00e4\u00e4 aiheuttavansa vahinkoa, joka tiet\u00e4\u00e4 monien ihmisten k\u00e4rsiv\u00e4n, ja silti on niin tunteeton, ett\u00e4 mieluummin pysyy vallassa.\u201d<\/p>\n<p class=\"article-body mb-nof-24 px-nof-16\">H\u00e4n ei usko, ett\u00e4 Trump toimillaan haluaisi auttaa venezuelalaisia. Silti Yhdysvaltojen presidentti vaikuttaa olevan h\u00e4nen ainoa toivonsa.<\/p>\n<p class=\"article-body mb-nof-24 px-nof-16\">\u201dMe venezuelalaiset olemme jo niin v\u00e4syneit\u00e4, ett\u00e4 mik\u00e4 tahansa toivo innostaa meit\u00e4.\u201d<\/p>\n<p class=\"article-body mb-nof-24 px-nof-16\">Gonz\u00e1lez kertoo, ett\u00e4 koti\u00e4idin el\u00e4m\u00e4 on vaikeaa, koko ajan. H\u00e4nell\u00e4 ei ole ty\u00f6t\u00e4 ja on elett\u00e4v\u00e4 sill\u00e4 v\u00e4h\u00e4ll\u00e4, mit\u00e4 voi tehd\u00e4.<\/p>\n<p class=\"article-body mb-nof-24 px-nof-16\">\u201dAinoa toive, joka minulla on, ett\u00e4 meill\u00e4 olisi maa, jossa kaikki voisivat ty\u00f6skennell\u00e4 ja saada haluamansa asiat omalla ty\u00f6ll\u00e4\u00e4n, ett\u00e4 lakeja noudatettaisiin, ett\u00e4 j\u00e4rjestys palaisi maahan. Kaikki on nyt kaaosta, kaikkialla, sairaaloissa, poliisissa ja kadulla.\u201d<\/p>\n<p>Jos\u00e9 Alejandro, 24, mekaanikko<img decoding=\"async\" src=\"https:\/\/www.europesays.com\/fi\/wp-content\/uploads\/2025\/12\/1765543750_831_468.jpg\" alt=\"Jos\u00e9 Alejandro.\" class=\"_Img_1rerz_1\" style=\"aspect-ratio:0.46145833333333336\" loading=\"eager\"\/><\/p>\n<p class=\"article-picture-caption\">Jos\u00e9 Alejandro. Kuva:\u00a0HS:n avustaja<\/p>\n<p class=\"article-body mb-nof-24 px-nof-16\">Yhdysvaltojen paine Venezuelaa kohtaan ei haittaa Jos\u00e9 Alejandron arkea.<\/p>\n<p class=\"article-body mb-nof-24 px-nof-16\">\u201dJatkan ty\u00f6skentely\u00e4 ja saan edelleen asioita hoidettua\u201d, h\u00e4n sanoo.<\/p>\n<p class=\"article-body mb-nof-24 px-nof-16\">Trumpista h\u00e4nell\u00e4 on kuitenkin mielipide.<\/p>\n<p class=\"article-body mb-nof-24 px-nof-16\">\u201dDonald Trump on mielest\u00e4ni kuin diktaattori, siis ep\u00e4inhimillinen olento, jos niin voi sanoa\u201d.<\/p>\n<p class=\"article-body mb-nof-24 px-nof-16\">Jos\u00e9 Alejandron mukaan on ep\u00e4inhimillist\u00e4, ett\u00e4 Trump haluaa aloittaa sotilaallisen hy\u00f6kk\u00e4yksen. \u201dH\u00e4n ei ajattele Venezuelan kansaa tai ihmiskuntaa.\u201d<\/p>\n<p class=\"article-body mb-nof-24 px-nof-16\">Venezuelan presidentist\u00e4 Nicol\u00e1s Madurosta h\u00e4n ei uskalla puhua yht\u00e4 suoraan.<\/p>\n<p class=\"article-body mb-nof-24 px-nof-16\">\u201dT\u00e4st\u00e4 aiheesta ei voi puhua paljon, koska n\u00e4emme, miten hallitus reagoi, ja he voivat vahingoittaa meit\u00e4. Siksi emme voi sanoa, mit\u00e4 ajattelemme tai milt\u00e4 meist\u00e4 tuntuu\u201d, Jos\u00e9 Alejandro sanoo.<\/p>\n","protected":false},"excerpt":{"rendered":"Venezuela|Yhdysvaltojen sotilaallinen v\u00e4liintulo on osan venezuelalaisista mielest\u00e4 ainoa tapa saada heid\u00e4n kotimaansa tilanne paremmaksi. Caracas\/Helsinki Lue tiivistelm\u00e4 Tiivistelm\u00e4&hellip;\n","protected":false},"author":2,"featured_media":114502,"comment_status":"","ping_status":"","sticky":false,"template":"","format":"standard","meta":{"footnotes":""},"categories":[5],"tags":[22,23,26,27,33,31,30,17,46,24,25,28,29,15,18,21,32,19,20,16],"class_list":{"0":"post-114501","1":"post","2":"type-post","3":"status-publish","4":"format-standard","5":"has-post-thumbnail","7":"category-otsikot","8":"tag-breaking-news","9":"tag-breakingnews","10":"tag-featured-news","11":"tag-featurednews","12":"tag-fi","13":"tag-finland","14":"tag-finnish","15":"tag-headlines","16":"tag-helsingin-sanomat","17":"tag-latest-news","18":"tag-latestnews","19":"tag-main-news","20":"tag-mainnews","21":"tag-news","22":"tag-otsikot","23":"tag-paauutiset","24":"tag-suomi","25":"tag-top-stories","26":"tag-topstories","27":"tag-uutiset"},"share_on_mastodon":{"url":"https:\/\/pubeurope.com\/@fi\/115706690682423591","error":""},"_links":{"self":[{"href":"https:\/\/www.europesays.com\/fi\/wp-json\/wp\/v2\/posts\/114501","targetHints":{"allow":["GET"]}}],"collection":[{"href":"https:\/\/www.europesays.com\/fi\/wp-json\/wp\/v2\/posts"}],"about":[{"href":"https:\/\/www.europesays.com\/fi\/wp-json\/wp\/v2\/types\/post"}],"author":[{"embeddable":true,"href":"https:\/\/www.europesays.com\/fi\/wp-json\/wp\/v2\/users\/2"}],"replies":[{"embeddable":true,"href":"https:\/\/www.europesays.com\/fi\/wp-json\/wp\/v2\/comments?post=114501"}],"version-history":[{"count":0,"href":"https:\/\/www.europesays.com\/fi\/wp-json\/wp\/v2\/posts\/114501\/revisions"}],"wp:featuredmedia":[{"embeddable":true,"href":"https:\/\/www.europesays.com\/fi\/wp-json\/wp\/v2\/media\/114502"}],"wp:attachment":[{"href":"https:\/\/www.europesays.com\/fi\/wp-json\/wp\/v2\/media?parent=114501"}],"wp:term":[{"taxonomy":"category","embeddable":true,"href":"https:\/\/www.europesays.com\/fi\/wp-json\/wp\/v2\/categories?post=114501"},{"taxonomy":"post_tag","embeddable":true,"href":"https:\/\/www.europesays.com\/fi\/wp-json\/wp\/v2\/tags?post=114501"}],"curies":[{"name":"wp","href":"https:\/\/api.w.org\/{rel}","templated":true}]}}