{"id":114505,"date":"2025-12-12T13:01:09","date_gmt":"2025-12-12T13:01:09","guid":{"rendered":"https:\/\/www.europesays.com\/fi\/114505\/"},"modified":"2025-12-12T13:01:09","modified_gmt":"2025-12-12T13:01:09","slug":"akseli-herlevi-julkaisi-kasvokuvan-seuraajat-ihmeissaan","status":"publish","type":"post","link":"https:\/\/www.europesays.com\/fi\/114505\/","title":{"rendered":"Akseli Herlevi julkaisi kasvokuvan \u2013 seuraajat ihmeiss\u00e4\u00e4n"},"content":{"rendered":"<p>Parannuksia el\u00e4m\u00e4ntyyliins\u00e4 tehnyt <strong>Akseli Herlevi<\/strong> on ollut ahkerana. H\u00e4n on julkaisujensa mukaan kuntoillut ja el\u00e4nyt muutenkin aiempaa terveellisemmin. Se alkaa n\u00e4ky\u00e4 h\u00e4ness\u00e4 my\u00f6s ulkoisesti.<\/p>\n<p>Lue my\u00f6s: <a href=\"https:\/\/www.como.fi\/uutiset\/talta-laihtunut-akseli-herlevi-nayttaa-nyt-katso-kuvat\/\" title=\"T\u00e4lt\u00e4 laihtunut Akseli Herlevi n\u00e4ytt\u00e4\u00e4 nyt \u2013 katso kuvat\" class=\"underline-custom !font-montserrat !font-bold !underline-offset-4 !decoration-4 !decoration-red-600 !text-md\" rel=\"nofollow noopener\" target=\"_blank\">T\u00e4lt\u00e4 laihtunut Akseli Herlevi n\u00e4ytt\u00e4\u00e4 nyt \u2013 katso kuvat<\/a><\/p>\n<p>Akseli julkaisi jokin aika sitten kuvan kehostaan. Siin\u00e4 n\u00e4htiin milt\u00e4 se n\u00e4ytti ennen ja milt\u00e4 se n\u00e4ytt\u00e4\u00e4 nyt. Maha on pienentynyt kuvien mukaan todella paljon. <\/p>\n<p>Nyt h\u00e4n julkaisi kuvan my\u00f6s kasvoistaan, joka sai h\u00e4nen someseuraajansa ihmettelem\u00e4\u00e4n. Muutos n\u00e4kyy kasvoissa jopa muuta kehoa enemm\u00e4n.<\/p>\n<p>Julkaisussa on tarkoitus esitell\u00e4 jotain ihan muuta kuin Herlevin kasvoja, jotka kommenttien perusteella veiv\u00e4t silti suurimman huomion.<\/p>\n<p>\u2013 \u00c4ij\u00e4 n\u00e4ytt\u00e4\u00e4 freshilt\u00e4, toteaa joku.<\/p>\n<p>\u2013 Tulokset n\u00e4kyy, hienoa! kirjoittaa er\u00e4s.<\/p>\n<p>\u2013 Alkanut poski kapenee, kertoo joku.<\/p>\n<p>\u2013 Upeasti on el\u00e4m\u00e4ntaparemontti tuottanut tulosta. Alkaa olemaan freshi meininki. Mahtavaa AKSU\u2026onnittelee er\u00e4s.<\/p>\n<p>Akselin kasvot n\u00e4kyv\u00e4n vain julkaisun ensimm\u00e4isess\u00e4 kuvassa. Muissa kuvissa tulevat muut julkaisun asiat paremmin esille. \u00a0<\/p>\n<p>N\u00e4et Akselin julkaisun my\u00f6s <a href=\"https:\/\/www.instagram.com\/p\/DSFkJWfgh0J\/?utm_source=ig_web_copy_link&amp;igsh=MzRlODBiNWFlZA==\" target=\"_blank\" rel=\"noreferrer noopener nofollow\">t\u00e4\u00e4lt\u00e4<\/a>.<\/p>\n<p>Lue my\u00f6s: <a href=\"https:\/\/www.como.fi\/tilaa-comon-uutiskirje\/\" title=\"Tilaa Comon uutiskirje ja tied\u00e4t mist\u00e4 kahvitauolla puhutaan! Nappaa kotimaan tv-vinkit ja puheenaiheet suoraan s\u00e4hk\u00f6postiin t\u00e4st\u00e4.\" class=\"underline-custom !font-montserrat !font-bold !underline-offset-4 !decoration-4 !decoration-red-600 !text-md\" rel=\"nofollow noopener\" target=\"_blank\">Tilaa Comon uutiskirje ja tied\u00e4t mist\u00e4 kahvitauolla puhutaan! Nappaa kotimaan tv-vinkit ja puheenaiheet suoraan s\u00e4hk\u00f6postiin t\u00e4st\u00e4.<\/a><\/p>\n<p>\t\t\t<script async src=\"\/\/www.instagram.com\/embed.js\"><\/script><\/p>\n","protected":false},"excerpt":{"rendered":"Parannuksia el\u00e4m\u00e4ntyyliins\u00e4 tehnyt Akseli Herlevi on ollut ahkerana. H\u00e4n on julkaisujensa mukaan kuntoillut ja el\u00e4nyt muutenkin aiempaa terveellisemmin.&hellip;\n","protected":false},"author":2,"featured_media":114506,"comment_status":"","ping_status":"","sticky":false,"template":"","format":"standard","meta":{"footnotes":""},"categories":[136],"tags":[2997,407,137,33,31,30,408,32,109],"class_list":{"0":"post-114505","1":"post","2":"type-post","3":"status-publish","4":"format-standard","5":"has-post-thumbnail","7":"category-julkkikset","8":"tag-akseli-herlevi","9":"tag-celebrities","10":"tag-entertainment","11":"tag-fi","12":"tag-finland","13":"tag-finnish","14":"tag-julkkikset","15":"tag-suomi","16":"tag-viihde"},"share_on_mastodon":{"url":"https:\/\/pubeurope.com\/@fi\/115706729797924735","error":""},"_links":{"self":[{"href":"https:\/\/www.europesays.com\/fi\/wp-json\/wp\/v2\/posts\/114505","targetHints":{"allow":["GET"]}}],"collection":[{"href":"https:\/\/www.europesays.com\/fi\/wp-json\/wp\/v2\/posts"}],"about":[{"href":"https:\/\/www.europesays.com\/fi\/wp-json\/wp\/v2\/types\/post"}],"author":[{"embeddable":true,"href":"https:\/\/www.europesays.com\/fi\/wp-json\/wp\/v2\/users\/2"}],"replies":[{"embeddable":true,"href":"https:\/\/www.europesays.com\/fi\/wp-json\/wp\/v2\/comments?post=114505"}],"version-history":[{"count":0,"href":"https:\/\/www.europesays.com\/fi\/wp-json\/wp\/v2\/posts\/114505\/revisions"}],"wp:featuredmedia":[{"embeddable":true,"href":"https:\/\/www.europesays.com\/fi\/wp-json\/wp\/v2\/media\/114506"}],"wp:attachment":[{"href":"https:\/\/www.europesays.com\/fi\/wp-json\/wp\/v2\/media?parent=114505"}],"wp:term":[{"taxonomy":"category","embeddable":true,"href":"https:\/\/www.europesays.com\/fi\/wp-json\/wp\/v2\/categories?post=114505"},{"taxonomy":"post_tag","embeddable":true,"href":"https:\/\/www.europesays.com\/fi\/wp-json\/wp\/v2\/tags?post=114505"}],"curies":[{"name":"wp","href":"https:\/\/api.w.org\/{rel}","templated":true}]}}