{"id":114513,"date":"2025-12-12T13:12:13","date_gmt":"2025-12-12T13:12:13","guid":{"rendered":"https:\/\/www.europesays.com\/fi\/114513\/"},"modified":"2025-12-12T13:12:13","modified_gmt":"2025-12-12T13:12:13","slug":"traficom-mittasi-matkaviestinverkon-toimintaa-posiolla-yhteysnopeudet-paikoin-hyvin-matalia-lappi","status":"publish","type":"post","link":"https:\/\/www.europesays.com\/fi\/114513\/","title":{"rendered":"Traficom mittasi matkaviestinverkon toimintaa Posiolla \u2013 yhteysnopeudet paikoin hyvin matalia | Lappi"},"content":{"rendered":"<p class=\"aw-1gybjub aw-5vja16 kEtdKx kmuxyA yle__article__paragraph\">Traficomin laajakaistaluokituksen t\u00e4htivertailussa Posio sai kaksi t\u00e4hte\u00e4 viidest\u00e4. Vertailu huomioi sek\u00e4 matkaviestinverkon ett\u00e4 kiinte\u00e4n verkon palvelut.<\/p>\n<p><img decoding=\"async\" alt=\"Vaaleasta tiilest\u00e4 rakennettu virastotalo jonka sein\u00e4ss\u00e4 Posion kunnan vaakuna.\" src=\"https:\/\/www.europesays.com\/fi\/wp-content\/uploads\/2025\/12\/39-143770067da8448abdb6.jpeg\" class=\"aw-1l9m598 hKVVvP\"\/><\/p>\n<p>Avaa kuvien katselu<\/p>\n<p>Traficom jatkaa tiivist\u00e4 yhteisty\u00f6t\u00e4 teleoperaattoreiden kanssa kuuluvuusongelmien ratkaisemiseksi. Kuva: Elina Ervasti \/ Yle<\/p>\n<p class=\"aw-1gybjub aw-1p7kakr kEtdKx cEmitX yle__article__paragraph\">Kaupunkiseutujen ja haja-asutusalueiden matkaviestinverkkojen toimivuudessa on huomattavia eroja, kertoo Traficom.<\/p>\n<p class=\"aw-1gybjub aw-1p7kakr kEtdKx cEmitX yle__article__paragraph\">Liikenne- ja viestint\u00e4virasto Traficom mittasi lokakuussa matkaviestinverkon toimivuutta Posiolla. Tavoitteena oli selvitt\u00e4\u00e4 puheluiden ja mobiililaajakaistan saatavuutta ja laatua.<\/p>\n<p class=\"aw-1gybjub aw-1p7kakr kEtdKx cEmitX yle__article__paragraph\">Traficom on saanut muun muassa uutisten kautta tietoa Posion seudun huonoista verkkoyhteyksist\u00e4. Alueen huonosta kuuluvuudesta on Traficomin mukaan my\u00f6s vireill\u00e4 kantelu oikeuskanslerinvirastossa.<\/p>\n<p class=\"aw-1gybjub aw-1p7kakr kEtdKx cEmitX yle__article__paragraph\">\u2013 Posiolla ajoimme noin 600 kilometrin reitin ja toteutimme yli 1400 puhelumittausta, kertoo radiotarkastusasiantuntija <strong class=\"aw-ak79eh KyCXm yle__article__strong\">Jukka Pihonen<\/strong> Traficomin tiedotteessa.<\/p>\n<p class=\"aw-1gybjub aw-1p7kakr kEtdKx cEmitX yle__article__paragraph\">Puhelut toimivat moitteetta DNA:n ja Elisan verkossa. Sen sijaan Telian verkossa tapahtui seitsem\u00e4n ep\u00e4onnistunutta puheluyrityst\u00e4.<\/p>\n<p>Mobiililaajakaistassa hitautta<\/p>\n<p class=\"aw-1gybjub aw-1p7kakr kEtdKx cEmitX yle__article__paragraph\">Lis\u00e4ksi Traficom mittasi mobiililaajakaistan nopeutta 20 pisteess\u00e4 asuinrakennusten l\u00e4heisyydess\u00e4. Mittaukset tehtiin kolme kertaa jokaisessa mittauspaikassa.<\/p>\n<p class=\"aw-1gybjub aw-1p7kakr kEtdKx cEmitX yle__article__paragraph\">Mobiililaajakaistan latausnopeudet olivat p\u00e4\u00e4asiassa 5\u201320 Mbit\/s, joka on kohtalainen ja perusk\u00e4ytt\u00f6\u00f6n riitt\u00e4v\u00e4 nopeus. Traficomin mukaan nopeudet vaihtelivat kuitenkin paljon mittauspaikkojen v\u00e4lill\u00e4.<\/p>\n<p class=\"aw-1gybjub aw-1p7kakr kEtdKx cEmitX yle__article__paragraph\">Yksitt\u00e4isiss\u00e4 mittauksissa ylitettiin jopa 100 Mbit\/s latausnopeus. Kuudessa mittauspaikassa yhden operaattorin nopeus j\u00e4i keskim\u00e4\u00e4rinkin alle 5 Mbit\/s. Lis\u00e4ksi yhdess\u00e4 mittauspisteess\u00e4 kaikkien operaattorien nopeudet j\u00e4iv\u00e4t Traficomin mukaan alle 5 Mbit\/s, jolloin edes operaattorin vaihtaminen ei auttaisi k\u00e4ytt\u00e4j\u00e4\u00e4.<\/p>\n<p class=\"aw-1gybjub aw-1p7kakr kEtdKx cEmitX yle__article__paragraph\">Traficomin laajakaistaluokituksen t\u00e4htivertailussa Posio sai 2\/5 t\u00e4hdest\u00e4. Vertailussa huomioidaan sek\u00e4 matkaviestinverkon ett\u00e4 kiinte\u00e4n verkon palvelut.<\/p>\n<p class=\"aw-1gybjub aw-1p7kakr kEtdKx cEmitX yle__article__paragraph\">Nopeat 100 Mbit\/s yhteydet ovat saatavilla 60 prosenttiin alueen kotitalouksista matkaviestinverkon kautta ja 44 prosenttiin kiinte\u00e4n verkon kautta.<\/p>\n<p class=\"aw-1gybjub aw-1p7kakr kEtdKx cEmitX yle__article__paragraph\">\u2013 Esimerkiksi Posion sijainti kansallispuistojen l\u00e4heisyydess\u00e4 harvaan asutulla alueella n\u00e4kyy verkkojen osalta heikompina yhteyksin\u00e4, sanoo yksik\u00f6np\u00e4\u00e4llikk\u00f6 <strong class=\"aw-ak79eh KyCXm yle__article__strong\">Mari \u00d6sterberg<\/strong>.<\/p>\n<p>Traficom voi velvoittaa rakentamaan tukiaseman<\/p>\n<p class=\"aw-1gybjub aw-1p7kakr kEtdKx cEmitX yle__article__paragraph\">Traficom jatkaa tiivist\u00e4 yhteisty\u00f6t\u00e4 teleoperaattoreiden kanssa kuuluvuusongelmien ratkaisemiseksi.<\/p>\n<p class=\"aw-1gybjub aw-1p7kakr kEtdKx cEmitX yle__article__paragraph\">\u2013 Toivomme ett\u00e4 saamme yhteysongelmista tietoa alueen asukkailta ja sitten tiedotamme asiasta suoraan asiakkaan omalle operaattorille. Viime k\u00e4dess\u00e4 velvoitamme teleoperaattorin rakentamaan tukiaseman alueelle. Se on kuitenkin ihan viimeinen keino, kertoo yksik\u00f6np\u00e4\u00e4llikk\u00f6 <strong class=\"aw-ak79eh KyCXm yle__article__strong\">Mari \u00d6sterberg<\/strong>.<\/p>\n<p class=\"aw-1gybjub aw-1p7kakr kEtdKx cEmitX yle__article__paragraph\">H\u00e4n korostaa, ett\u00e4 kuuluvuutta voi parantaa my\u00f6s omin toimin.<\/p>\n<p class=\"aw-1gybjub aw-1p7kakr kEtdKx cEmitX yle__article__paragraph\">\u2013 Esimerkiksi asuntoon voi asentaa suunta-antennin tai reitittimen. Niihin voi kysy\u00e4 neuvoa omalta operaattorilta, sanoo \u00d6sterberg.<\/p>\n<p class=\"aw-1gybjub aw-1p7kakr kEtdKx cEmitX yle__article__paragraph\">Johtaja <strong class=\"aw-ak79eh KyCXm yle__article__strong\">Lasse Laine<\/strong> kannustaa Traficomin tiedotteessa k\u00e4ytt\u00e4ji\u00e4 rohkeasti my\u00f6s kilpailuttamaan operaattoreita oman verkkoyhteyden parantamiseksi.<\/p>\n<p class=\"aw-1gybjub aw-1p7kakr kEtdKx cEmitX yle__article__paragraph\">\u2013 Viestimme mittaustuloksista avoimesti my\u00f6s k\u00e4ytt\u00e4jille, jotta he voivat arvioida eri operaattoreiden verkkojen laatua omalla asuinalueellaan ja valita tarpeisiinsa parhaiten toimivan operaattorin palvelut, sanoo Laine.<\/p>\n","protected":false},"excerpt":{"rendered":"Traficomin laajakaistaluokituksen t\u00e4htivertailussa Posio sai kaksi t\u00e4hte\u00e4 viidest\u00e4. Vertailu huomioi sek\u00e4 matkaviestinverkon ett\u00e4 kiinte\u00e4n verkon palvelut. Avaa kuvien&hellip;\n","protected":false},"author":2,"featured_media":114514,"comment_status":"","ping_status":"","sticky":false,"template":"","format":"standard","meta":{"footnotes":""},"categories":[76],"tags":[79,77,33,31,30,1833,519,21004,667,4728,21003,2357,6295,32,78,21005],"class_list":{"0":"post-114513","1":"post","2":"type-post","3":"status-publish","4":"format-standard","5":"has-post-thumbnail","7":"category-talous","8":"tag-business","9":"tag-economy","10":"tag-fi","11":"tag-finland","12":"tag-finnish","13":"tag-kunnat","14":"tag-laajakaista","15":"tag-laajakaistaverkot","16":"tag-lappi","17":"tag-liikenne-ja-viestintavirasto","18":"tag-matkapuhelinverkko","19":"tag-matkaviestinverkot","20":"tag-posio","21":"tag-suomi","22":"tag-talous","23":"tag-verkkoyhteys"},"share_on_mastodon":{"url":"https:\/\/pubeurope.com\/@fi\/115706773544514363","error":""},"_links":{"self":[{"href":"https:\/\/www.europesays.com\/fi\/wp-json\/wp\/v2\/posts\/114513","targetHints":{"allow":["GET"]}}],"collection":[{"href":"https:\/\/www.europesays.com\/fi\/wp-json\/wp\/v2\/posts"}],"about":[{"href":"https:\/\/www.europesays.com\/fi\/wp-json\/wp\/v2\/types\/post"}],"author":[{"embeddable":true,"href":"https:\/\/www.europesays.com\/fi\/wp-json\/wp\/v2\/users\/2"}],"replies":[{"embeddable":true,"href":"https:\/\/www.europesays.com\/fi\/wp-json\/wp\/v2\/comments?post=114513"}],"version-history":[{"count":0,"href":"https:\/\/www.europesays.com\/fi\/wp-json\/wp\/v2\/posts\/114513\/revisions"}],"wp:featuredmedia":[{"embeddable":true,"href":"https:\/\/www.europesays.com\/fi\/wp-json\/wp\/v2\/media\/114514"}],"wp:attachment":[{"href":"https:\/\/www.europesays.com\/fi\/wp-json\/wp\/v2\/media?parent=114513"}],"wp:term":[{"taxonomy":"category","embeddable":true,"href":"https:\/\/www.europesays.com\/fi\/wp-json\/wp\/v2\/categories?post=114513"},{"taxonomy":"post_tag","embeddable":true,"href":"https:\/\/www.europesays.com\/fi\/wp-json\/wp\/v2\/tags?post=114513"}],"curies":[{"name":"wp","href":"https:\/\/api.w.org\/{rel}","templated":true}]}}